{"id":1296,"date":"2023-03-08T21:56:43","date_gmt":"2023-03-09T00:56:43","guid":{"rendered":"https:\/\/xn--tuvozdiasporaespaola-k7b.com\/2023\/03\/08\/8m-los-movimientos-feministas-tomaron-las-calles-de-todo-el-mundo\/"},"modified":"2023-08-03T14:39:17","modified_gmt":"2023-08-03T17:39:17","slug":"8m-los-movimientos-feministas-tomaron-las-calles-de-todo-el-mundo","status":"publish","type":"post","link":"https:\/\/xn--tuvozdiasporaespaola-k7b.com\/page\/2\/8m-los-movimientos-feministas-tomaron-las-calles-de-todo-el-mundo\/","title":{"rendered":"8M los movimientos feministas tomar\u00f3n las calles de todo el mundo."},"content":{"rendered":"\n<p>En este d\u00eda en que se reivindica el d\u00eda de la mujer y las conquistas de derechos esenciales decenas de miles de personas han acudido a las manifestaciones que se han celebrado en todo el mundo este mi\u00e9rcoles.&nbsp;<\/p>\n\n\n\n<figure class=\"wp-block-image size-large\"><img fetchpriority=\"high\" decoding=\"async\" width=\"1280\" height=\"960\" src=\"http:\/\/xn--tuvozdiasporaespaola-k7b.com\/wp-content\/uploads\/2023\/03\/img_20230309_014842_200974832991782296039.jpg?w=1024\" alt=\"\" class=\"wp-image-1289\" srcset=\"https:\/\/xn--tuvozdiasporaespaola-k7b.com\/wp-content\/uploads\/2023\/03\/img_20230309_014842_200974832991782296039.jpg 1280w, https:\/\/xn--tuvozdiasporaespaola-k7b.com\/wp-content\/uploads\/2023\/03\/img_20230309_014842_200974832991782296039-300x225.jpg 300w, https:\/\/xn--tuvozdiasporaespaola-k7b.com\/wp-content\/uploads\/2023\/03\/img_20230309_014842_200974832991782296039-1024x768.jpg 1024w, https:\/\/xn--tuvozdiasporaespaola-k7b.com\/wp-content\/uploads\/2023\/03\/img_20230309_014842_200974832991782296039-768x576.jpg 768w\" sizes=\"(max-width: 1280px) 100vw, 1280px\" \/><figcaption class=\"wp-element-caption\">Podemos en Austria<\/figcaption><\/figure>\n\n\n\n<p>&nbsp;La Ley&nbsp; Solo Si es Si&nbsp; cobra una relevancia fundamental&nbsp; teniendo en cuenta&nbsp; que marca unas conquistas en derechos de protecci\u00f3n de la mujer ante las violencias de G\u00e9nero y el acoso de fen\u00f3menos patriarcales.<\/p>\n\n\n\n<p>La ley del Aborto o la Ley Trans complementan estos logros del ministerio de Igualdad y hoy las calles se llenaron de color Violeta reveindicativo gritando consignas de luchas de los colectivos feministas.<\/p>\n\n\n\n<figure class=\"wp-block-image size-large\"><img decoding=\"async\" width=\"1280\" height=\"960\" src=\"http:\/\/xn--tuvozdiasporaespaola-k7b.com\/wp-content\/uploads\/2023\/03\/img_20230309_014800_1562137710405862066670.jpg?w=1024\" alt=\"\" class=\"wp-image-1290\" srcset=\"https:\/\/xn--tuvozdiasporaespaola-k7b.com\/wp-content\/uploads\/2023\/03\/img_20230309_014800_1562137710405862066670.jpg 1280w, https:\/\/xn--tuvozdiasporaespaola-k7b.com\/wp-content\/uploads\/2023\/03\/img_20230309_014800_1562137710405862066670-300x225.jpg 300w, https:\/\/xn--tuvozdiasporaespaola-k7b.com\/wp-content\/uploads\/2023\/03\/img_20230309_014800_1562137710405862066670-1024x768.jpg 1024w, https:\/\/xn--tuvozdiasporaespaola-k7b.com\/wp-content\/uploads\/2023\/03\/img_20230309_014800_1562137710405862066670-768x576.jpg 768w\" sizes=\"(max-width: 1280px) 100vw, 1280px\" \/><figcaption class=\"wp-element-caption\">Podemos en Bruselas <\/figcaption><\/figure>\n\n\n\n<p>&nbsp;Podemos  en Madrid con la ministra de Igualdad, Irene Montero, a la cabeza, donde cerca de 700.000 personas han mostrado la fuerza del feminismo Progresista.<\/p>\n\n\n\n<p>La manifestaci\u00f3n convocada en Madrid por la Comisi\u00f3n del 8-M, que incluye a las personas trans, ha llegado a Plaza de Espa\u00f1a, donde se ha le\u00eddo el manifiesto. Con ello, concluye la manifestaci\u00f3n al grito de \u00abel feminismo lo est\u00e1 cambiando todo\u00bb y \u00abaqu\u00ed estamos las feministas\u00bb. \u00ab\u00a1Hemos dejado claro que esta es la manifestaci\u00f3n de todas y todes! \u00a1El feminismo est\u00e1 m\u00e1s fuerte que nunca!\u00bb, han gritado desde el escenario de Gran V\u00eda para recibir a la cabecera de la manifestaci\u00f3n.<\/p>\n\n\n\n<figure class=\"wp-block-image size-large\"><img decoding=\"async\" width=\"1280\" height=\"960\" src=\"http:\/\/xn--tuvozdiasporaespaola-k7b.com\/wp-content\/uploads\/2023\/03\/img_20230309_014508_9221069192908182886713.jpg?w=1024\" alt=\"\" class=\"wp-image-1291\" srcset=\"https:\/\/xn--tuvozdiasporaespaola-k7b.com\/wp-content\/uploads\/2023\/03\/img_20230309_014508_9221069192908182886713.jpg 1280w, https:\/\/xn--tuvozdiasporaespaola-k7b.com\/wp-content\/uploads\/2023\/03\/img_20230309_014508_9221069192908182886713-300x225.jpg 300w, https:\/\/xn--tuvozdiasporaespaola-k7b.com\/wp-content\/uploads\/2023\/03\/img_20230309_014508_9221069192908182886713-1024x768.jpg 1024w, https:\/\/xn--tuvozdiasporaespaola-k7b.com\/wp-content\/uploads\/2023\/03\/img_20230309_014508_9221069192908182886713-768x576.jpg 768w\" sizes=\"(max-width: 1280px) 100vw, 1280px\" \/><figcaption class=\"wp-element-caption\">Podemos Exterior en Madrid <\/figcaption><\/figure>\n\n\n\n<p>Podemos Exterior estuvo presente en Madrid (junto a Podemos Madrid) con las&nbsp; compa\u00f1eras de EEUU y Canad\u00e1 Celeste Delgado&nbsp; y Maria Castedo de &nbsp; Canad\u00e1,&nbsp; Dale Zaccaria de Italia y&nbsp; en M\u00e1laga&nbsp; junto a Podemos M\u00e1laga&nbsp; estuvieron las compas de Podemos Argentina Provincias con Monica Cortizas al frente.<\/p>\n\n\n\n<figure class=\"wp-block-image size-large\"><img loading=\"lazy\" decoding=\"async\" width=\"1080\" height=\"1080\" src=\"http:\/\/xn--tuvozdiasporaespaola-k7b.com\/wp-content\/uploads\/2023\/03\/screenshot_20230309_020526_telegram6358123669412702740.jpg?w=1024\" alt=\"\" class=\"wp-image-1302\" srcset=\"https:\/\/xn--tuvozdiasporaespaola-k7b.com\/wp-content\/uploads\/2023\/03\/screenshot_20230309_020526_telegram6358123669412702740.jpg 1080w, https:\/\/xn--tuvozdiasporaespaola-k7b.com\/wp-content\/uploads\/2023\/03\/screenshot_20230309_020526_telegram6358123669412702740-300x300.jpg 300w, https:\/\/xn--tuvozdiasporaespaola-k7b.com\/wp-content\/uploads\/2023\/03\/screenshot_20230309_020526_telegram6358123669412702740-1024x1024.jpg 1024w, https:\/\/xn--tuvozdiasporaespaola-k7b.com\/wp-content\/uploads\/2023\/03\/screenshot_20230309_020526_telegram6358123669412702740-150x150.jpg 150w, https:\/\/xn--tuvozdiasporaespaola-k7b.com\/wp-content\/uploads\/2023\/03\/screenshot_20230309_020526_telegram6358123669412702740-768x768.jpg 768w\" sizes=\"(max-width: 1080px) 100vw, 1080px\" \/><\/figure>\n\n\n\n<p>Junto a otras compa\u00f1eras que se manifestaron en Austria, Londres, Argentina, Alemania, Bruselas,etc&#8230; presencias que sumaron a este d\u00eda de lucha una Unidad en torno a Irene Montero y el equipo que le acompa\u00f1a en la promulgaci\u00f3n de estas conquistas.<\/p>\n\n\n\n<figure class=\"wp-block-image size-large\"><img loading=\"lazy\" decoding=\"async\" width=\"1080\" height=\"601\" src=\"http:\/\/xn--tuvozdiasporaespaola-k7b.com\/wp-content\/uploads\/2023\/03\/screenshot_20230309_014713_videoplayer6194698073174371199.jpg?w=1024\" alt=\"\" class=\"wp-image-1294\" srcset=\"https:\/\/xn--tuvozdiasporaespaola-k7b.com\/wp-content\/uploads\/2023\/03\/screenshot_20230309_014713_videoplayer6194698073174371199.jpg 1080w, https:\/\/xn--tuvozdiasporaespaola-k7b.com\/wp-content\/uploads\/2023\/03\/screenshot_20230309_014713_videoplayer6194698073174371199-300x167.jpg 300w, https:\/\/xn--tuvozdiasporaespaola-k7b.com\/wp-content\/uploads\/2023\/03\/screenshot_20230309_014713_videoplayer6194698073174371199-1024x570.jpg 1024w, https:\/\/xn--tuvozdiasporaespaola-k7b.com\/wp-content\/uploads\/2023\/03\/screenshot_20230309_014713_videoplayer6194698073174371199-768x427.jpg 768w\" sizes=\"(max-width: 1080px) 100vw, 1080px\" \/><figcaption class=\"wp-element-caption\">Podemos Exterior en Malaga<\/figcaption><\/figure>\n\n\n\n<p>Orgullosas de estar presentes en estas manifestaciones que pone&nbsp; el broche de cierre a la presencia de Exterior en el V FORO de PODEMOS EXTERIOR despu\u00e9s de participar tambi\u00e9n en las jornadas de las Secretar\u00edas de Feminismo el pasado d\u00eda 3 de Marzo en el Espacio Ventas de Madrid.<\/p>\n\n\n\n<figure class=\"wp-block-image size-large\"><img loading=\"lazy\" decoding=\"async\" width=\"960\" height=\"1280\" src=\"http:\/\/xn--tuvozdiasporaespaola-k7b.com\/wp-content\/uploads\/2023\/03\/img_20230309_014443_5077172518365855486287.jpg?w=768\" alt=\"\" class=\"wp-image-1298\" srcset=\"https:\/\/xn--tuvozdiasporaespaola-k7b.com\/wp-content\/uploads\/2023\/03\/img_20230309_014443_5077172518365855486287.jpg 960w, https:\/\/xn--tuvozdiasporaespaola-k7b.com\/wp-content\/uploads\/2023\/03\/img_20230309_014443_5077172518365855486287-225x300.jpg 225w, https:\/\/xn--tuvozdiasporaespaola-k7b.com\/wp-content\/uploads\/2023\/03\/img_20230309_014443_5077172518365855486287-768x1024.jpg 768w\" sizes=\"(max-width: 960px) 100vw, 960px\" \/><figcaption class=\"wp-element-caption\">Podemos Exterior junto a Irene Montero <\/figcaption><\/figure>\n\n\n\n<p>Una lucha en la unidad de acci\u00f3n en los C\u00edrculos&nbsp; y&nbsp; de sus Redes de C\u00edrculos dentro de Podemos Exterior.<\/p>\n\n\n\n<p>Redacci\u00f3n de Revista TU VOZ.&nbsp;<\/p>\n\n\n\n<p>GT de Feminismo Argentina.<\/p>\n","protected":false},"excerpt":{"rendered":"<p>En este d\u00eda en que se reivindica el d\u00eda de la mujer y las conquistas de derechos esenciales decenas de miles de personas han &#8230; <\/p>\n<p class=\"read-more-container\"><a title=\"8M los movimientos feministas tomar\u00f3n las calles de todo el mundo.\" class=\"read-more button\" href=\"https:\/\/xn--tuvozdiasporaespaola-k7b.com\/page\/2\/8m-los-movimientos-feministas-tomaron-las-calles-de-todo-el-mundo\/#more-1296\" aria-label=\"M\u00e1s en 8M los movimientos feministas tomar\u00f3n las calles de todo el mundo.\">Leer m\u00e1s<\/a><\/p>\n","protected":false},"author":222560522,"featured_media":3513,"comment_status":"open","ping_status":"open","sticky":false,"template":"","format":"standard","meta":{"footnotes":""},"categories":[121858],"tags":[],"class_list":["post-1296","post","type-post","status-publish","format-standard","has-post-thumbnail","hentry","category-genero","resize-featured-image"],"_links":{"self":[{"href":"https:\/\/xn--tuvozdiasporaespaola-k7b.com\/page\/2\/wp-json\/wp\/v2\/posts\/1296","targetHints":{"allow":["GET"]}}],"collection":[{"href":"https:\/\/xn--tuvozdiasporaespaola-k7b.com\/page\/2\/wp-json\/wp\/v2\/posts"}],"about":[{"href":"https:\/\/xn--tuvozdiasporaespaola-k7b.com\/page\/2\/wp-json\/wp\/v2\/types\/post"}],"author":[{"embeddable":true,"href":"https:\/\/xn--tuvozdiasporaespaola-k7b.com\/page\/2\/wp-json\/wp\/v2\/users\/222560522"}],"replies":[{"embeddable":true,"href":"https:\/\/xn--tuvozdiasporaespaola-k7b.com\/page\/2\/wp-json\/wp\/v2\/comments?post=1296"}],"version-history":[{"count":1,"href":"https:\/\/xn--tuvozdiasporaespaola-k7b.com\/page\/2\/wp-json\/wp\/v2\/posts\/1296\/revisions"}],"predecessor-version":[{"id":3502,"href":"https:\/\/xn--tuvozdiasporaespaola-k7b.com\/page\/2\/wp-json\/wp\/v2\/posts\/1296\/revisions\/3502"}],"wp:featuredmedia":[{"embeddable":true,"href":"https:\/\/xn--tuvozdiasporaespaola-k7b.com\/page\/2\/wp-json\/wp\/v2\/media\/3513"}],"wp:attachment":[{"href":"https:\/\/xn--tuvozdiasporaespaola-k7b.com\/page\/2\/wp-json\/wp\/v2\/media?parent=1296"}],"wp:term":[{"taxonomy":"category","embeddable":true,"href":"https:\/\/xn--tuvozdiasporaespaola-k7b.com\/page\/2\/wp-json\/wp\/v2\/categories?post=1296"},{"taxonomy":"post_tag","embeddable":true,"href":"https:\/\/xn--tuvozdiasporaespaola-k7b.com\/page\/2\/wp-json\/wp\/v2\/tags?post=1296"}],"curies":[{"name":"wp","href":"https:\/\/api.w.org\/{rel}","templated":true}]}}