{"id":129,"date":"2022-09-05T16:46:40","date_gmt":"2022-09-05T19:46:40","guid":{"rendered":"https:\/\/xn--tuvozdiasporaespaola-k7b.com\/2022\/09\/05\/chile-un-pueblo-sin-memoria\/"},"modified":"2022-09-07T18:18:30","modified_gmt":"2022-09-07T21:18:30","slug":"chile-un-pueblo-sin-memoria","status":"publish","type":"post","link":"https:\/\/xn--tuvozdiasporaespaola-k7b.com\/page\/2\/chile-un-pueblo-sin-memoria\/","title":{"rendered":"\u00bfCHILE UN PUEBLO SIN MEMORIA ?"},"content":{"rendered":"\n<p><strong>Es descorazonador lo ocurrido en Chile.<\/strong><\/p>\n\n\n\n<p>Ismael Casado ciudadano Espa\u00f1ol en Chile nos comenta :<\/p>\n\n\n\n<p>\u00ab<em>La gente en su entra\u00f1a no quiere cambiar.&nbsp;En Petorca, comuna donde hay gente que hace sus necesidades&nbsp; en bolsas porque no hay agua corriente en las ca\u00f1er\u00edas, se ducha y cocina con 1.5 l de agua al d\u00eda, mientras se riegan aguacates con aguas del subsuelo, gan\u00f3 el rechazo.&nbsp;<\/em><\/p>\n\n\n\n<p><em>El mundo se ha vuelto individualista y temeroso de s\u00ed mismo, y ve en el otro un sujeto que pretende afanar la riqueza en vez de un compa\u00f1ero\u00bb.&nbsp;<\/em><\/p>\n\n\n\n<p>Podremos analizar el texto de la Constituci\u00f3n&nbsp; y ver los matices del mismo, pero creo que las claves son tres :&nbsp;<\/p>\n\n\n\n<p>1- los chilenos no quieren cambiar lo que tienen por un sistema social. Bien porque no lo entienden o bien porque no les convence. (Elijan la que m\u00e1s les guste).<\/p>\n\n\n\n<p>2- Los chilenos no quieren compartir la hegemon\u00eda con sus pueblos originarios.&nbsp;<\/p>\n\n\n\n<p><\/p>\n\n\n\n<p><em>\u00abPara la mayor\u00eda, no se debe reconocer a los pueblos originarios con tantas garant\u00edas y menos otorgar reparaciones y jurisprudencia espec\u00edfica<\/em>\u00ab.<\/p>\n\n\n\n<p>3 &#8211; Los chilenos no quieren la redistribuci\u00f3n de la riqueza.<\/p>\n\n\n\n<figure class=\"wp-block-embed is-type-rich is-provider-twitter wp-block-embed-twitter\"><div class=\"wp-block-embed__wrapper\">\n<blockquote class=\"twitter-tweet\" data-width=\"550\" data-dnt=\"true\"><p lang=\"es\" dir=\"ltr\">GAN\u00d3 EL RECHAZO EN LAS URNAS<br>Se cerr\u00f3 el ciclo iniciado por el estallido social de octubre de 2019 y que termin\u00f3 en este intento de reemplazar la constituci\u00f3n de la dictadura, que ha beneficiado m\u00e1s a las empresas que a las personas. [<a href=\"https:\/\/t.co\/BxfN5BGwon\">https:\/\/t.co\/BxfN5BGwon<\/a>] <a href=\"https:\/\/t.co\/lqxGL19pRy\">pic.twitter.com\/lqxGL19pRy<\/a><\/p>&mdash; P\u00e1gina|12 (@pagina12) <a href=\"https:\/\/twitter.com\/pagina12\/status\/1566747454564884480?ref_src=twsrc%5Etfw\">September 5, 2022<\/a><\/blockquote><script async src=\"https:\/\/platform.twitter.com\/widgets.js\" charset=\"utf-8\"><\/script>\n<\/div><\/figure>\n\n\n\n<p><em>\u00abLa gente prefiere seguir viviendo en una estafa de sistema donde todo est\u00e1 privatizado y d\u00f3nde nada es p\u00fablico, a subir impuestos y tener leyes que permiten al estado imponer un criterio social y ecol\u00f3gico<\/em>\u00ab.<\/p>\n\n\n\n<p>La pregunta que habr\u00eda que hacerse es si eso ser\u00eda tan distinto en Espa\u00f1a, o perseguimos un sue\u00f1o que no se ajusta con la realidad. Quiz\u00e1s la sociedad no es para nada como pensamos y la cosa no tiene remedio.<\/p>\n\n\n\n<p>&nbsp;<em>\u00bb Siento el des\u00e1nimo pero d\u00edas como el de hoy me dejan algo fr\u00edo.&nbsp;Esta derrota duele mucho pensando que rl propio pueblo se autolesiona en derechos por miedos injustificados<\/em>, e<em>speremos estemos&nbsp; en el camino del cambio y la esperanza y esto solo haya sido un mal sue\u00f1o . Chile tiene que tener memoria y luchar por sus derechos, el de Todos y Todas, pero hoy en general la sensaci\u00f3n es de p\u00e9rdida total\u00bb.&nbsp;<\/em><\/p>\n\n\n\n<figure class=\"wp-block-image size-large\"><img fetchpriority=\"high\" decoding=\"async\" width=\"480\" height=\"282\" src=\"http:\/\/xn--tuvozdiasporaespaola-k7b.com\/wp-content\/uploads\/2022\/09\/pluhm3zownhtxftm2zq4vj6vx4281292272127540846264828..jpg?w=480\" alt=\"\" class=\"wp-image-132\" srcset=\"https:\/\/xn--tuvozdiasporaespaola-k7b.com\/wp-content\/uploads\/2022\/09\/pluhm3zownhtxftm2zq4vj6vx4281292272127540846264828..jpg 480w, https:\/\/xn--tuvozdiasporaespaola-k7b.com\/wp-content\/uploads\/2022\/09\/pluhm3zownhtxftm2zq4vj6vx4281292272127540846264828.-300x176.jpg 300w\" sizes=\"(max-width: 480px) 100vw, 480px\" \/><figcaption class=\"wp-element-caption\">Presidente Boric  y la Constituci\u00f3n <\/figcaption><\/figure>\n\n\n\n<p><strong>\u00bfComo se cierra el proceso de cambio sin materializar ning\u00fan cambio?.<\/strong><\/p>\n\n\n\n<p><em>\u00abEl todo o nada ha sido demoledor. Hoy se habla de cerrar el proceso desde arriba con una nueva convenci\u00f3n donde sea articulada por los partidos actuales, y en d\u00f3nde, los partidos del r\u00e9gimen sean protagonistas.<\/em><\/p>\n\n\n\n<p><em>Los movimientos sociales quedar\u00e1n fuera. Los ind\u00edgenas quedar\u00e1n fuera, Bueno, fuera no, alguno querr\u00e1 ponerse en la foto. Pero poco parece que puedan influir<\/em>\u00ab<\/p>\n\n\n\n<p><strong>Y la calle, ahora \u00bftiene sentido?<\/strong><\/p>\n\n\n\n<p>\u00ab<em>La derecha ganando una elecci\u00f3n parece haber ganado todo y llena de&nbsp; desmoralizaci\u00f3n&nbsp; a quienes estuvimos luchando por un cambio profundo.<\/em>\u00ab<\/p>\n\n\n\n<p>Declar\u00f3 Ismael Casado  del C\u00edrculo Podemos Chile.<\/p>\n\n\n\n<figure class=\"wp-block-embed is-type-rich is-provider-twitter wp-block-embed-twitter\"><div class=\"wp-block-embed__wrapper\">\n<blockquote class=\"twitter-tweet\" data-width=\"550\" data-dnt=\"true\"><p lang=\"es\" dir=\"ltr\">Presidente <a href=\"https:\/\/twitter.com\/GabrielBoric?ref_src=twsrc%5Etfw\">@gabrielboric<\/a> se dirige al pa\u00eds tras los resultados del <a href=\"https:\/\/twitter.com\/hashtag\/PlebiscitoConstitucional?src=hash&amp;ref_src=twsrc%5Etfw\">#PlebiscitoConstitucional<\/a>. <a href=\"https:\/\/t.co\/symLB97SBV\">https:\/\/t.co\/symLB97SBV<\/a><\/p>&mdash; Gobierno de Chile (@GobiernodeChile) <a href=\"https:\/\/twitter.com\/GobiernodeChile\/status\/1566588901506297856?ref_src=twsrc%5Etfw\">September 5, 2022<\/a><\/blockquote><script async src=\"https:\/\/platform.twitter.com\/widgets.js\" charset=\"utf-8\"><\/script>\n<\/div><\/figure>\n\n\n\n<p><\/p>\n\n\n\n<p>Desde el C\u00edrculo de Par\u00eds&nbsp; estiman muy interesante an\u00e1lisis.&nbsp;<\/p>\n\n\n\n<p>\u00ab<em>Lo mismo me he preguntado muchas veces en la defensa de derechos colectivos, como las luchas sindicales de quienes se beneficien en la mayor\u00eda de las veces sectores de poblaci\u00f3n o trabajadores que han vitupendiado antes el derecho de huelga o incluso se han opuesto a la misma, disfrutando luego de sus frutos\u00bb.&nbsp;<\/em><\/p>\n\n\n\n<p>Continua : <\/p>\n\n\n\n<p>\u00ab<em>Por ello, los que venimos del sindicalismo alternativo o de clase ya venimos llorados de casa, pero admito que es muy duro y hay que creer mucho en la condici\u00f3n humana para seguir sacrificando nuestros esfuerzos ante la mirada despreciativa y palurda de quien ignora el sentir de nuestras acciones&nbsp; la desesperanza no va con la lucha&nbsp; por cambiar las cosas&nbsp; y que dejen de ser Utop\u00edas<\/em>\u00ab<\/p>\n\n\n\n<p>Puntualiz\u00f3 , Miguel \u00c1ngel&nbsp; Ferris&nbsp;del C\u00edrculo de Podemos Paris.<\/p>\n\n\n\n<p><em>\u00abNo obstante haber llegado hasta aqu\u00ed es un logro, y los tiempos para la transformaci\u00f3n del sentido com\u00fan colectivo abarcan muchas d\u00e9cadas <\/em>\u00bb declar\u00f3 Patricia Fesser de Podemos Exterior <\/p>\n\n\n\n<figure class=\"wp-block-image size-large\"><img decoding=\"async\" width=\"340\" height=\"340\" src=\"http:\/\/xn--tuvozdiasporaespaola-k7b.com\/wp-content\/uploads\/2022\/09\/una-mujer-mapuche-votando-en___tovgbqhg1_340x340__13068814656672093772.jpg?w=340\" alt=\"\" class=\"wp-image-133\" srcset=\"https:\/\/xn--tuvozdiasporaespaola-k7b.com\/wp-content\/uploads\/2022\/09\/una-mujer-mapuche-votando-en___tovgbqhg1_340x340__13068814656672093772.jpg 340w, https:\/\/xn--tuvozdiasporaespaola-k7b.com\/wp-content\/uploads\/2022\/09\/una-mujer-mapuche-votando-en___tovgbqhg1_340x340__13068814656672093772-300x300.jpg 300w, https:\/\/xn--tuvozdiasporaespaola-k7b.com\/wp-content\/uploads\/2022\/09\/una-mujer-mapuche-votando-en___tovgbqhg1_340x340__13068814656672093772-150x150.jpg 150w\" sizes=\"(max-width: 340px) 100vw, 340px\" \/><figcaption class=\"wp-element-caption\">Depositando el voto en Chile<\/figcaption><\/figure>\n\n\n\n<p>Guillermo Garc\u00eda integrante del C\u00edrculo de Podemos B\u00e9lgica opina lo siguiente:<\/p>\n\n\n\n<p>\u00abLo de Chile da para mucho y es mucho lo que se puede aprender. Por mi parte, se me ocurre se\u00f1alar varios puntos:<\/p>\n\n\n\n<p>&nbsp;1) No lo veo como un caso aislado, por ejemplo Europa se encamina hacia una crisis de caballo\u00bb en la que los m\u00e1s desfavorecidos lo ser\u00e1n a\u00fan m\u00e1s y, sin embargo, la derecha y su extremidad siguen galopando \u00bftiene algo que ver en ello el poder mediatico (grandes medios de comunicaci\u00f3n)? Por supuesto. El denominado \u00abcuarto poder\u00bb es cada vez m\u00e1s relevante, robando cada vez relevancia a los otros\u00bb<\/p>\n\n\n\n<p>2) Una revoluci\u00f3n democr\u00e1tica de la envergadura que implica el proyecto de constituci\u00f3n de la Asamblea Constituyente requiere de un grado de movilizaci\u00f3n permanente de los que hacen historia: Revoluci\u00f3n sovi\u00e9tica, revoluci\u00f3n espa\u00f1ola del 36, la que se desencaden\u00f3 en el propio Chile tras la victoria de la Unidad Popular liderada por Salvador Allende &#8230; A ese nivel llegaron las revueltas chilenas que culminaron en la Asamblea Constituyente. Sin embargo, ese grado de movilizaci\u00f3n no se ha conseguido mantener.\u00bb<\/p>\n\n\n\n<p>Continuando\u2026<\/p>\n\n\n\n<p>&nbsp;\u00abLos poderes medi\u00e1ticos tienen mucho que ver en ello (prefieren las \u00abrevoluciones\u00bb anaranjadas del estilo del Este europeo tras el derrumbe de la URSS y ahora a Ucrania), sin duda, pero tambi\u00e9n ha habido fallos graves en las fuerzas que dicen apoyar la Asamblea Constituyente.<\/p>\n\n\n\n<p>&nbsp;\u00bfHa estado el gobierno chileno a la altura de la Asamblea Constituyente para sacar adelante su proyecto de constituci\u00f3n?&nbsp;<\/p>\n\n\n\n<p>Desde ac\u00e1, el Estado espa\u00f1ol, con unas fuerzas policiales y militares donde muchos de sus jerarcas tambien a\u00f1oran la dictadura, y un gobierno (el del Psoe) que ha hecho poco o nada por evitarlo, tengo la impresi\u00f3n de que se han quedado cortos,&nbsp; muy cortos \u2026\u00bb<\/p>\n\n\n\n<p>Guillermo Garc\u00eda ,C\u00edrculo Podemos Belgica <\/p>\n\n\n\n<p><\/p>\n\n\n\n<p>Sin lugar a Dudas muchas cuestiones para Reflexionar.<\/p>\n\n\n\n<figure class=\"wp-block-image size-large\"><img decoding=\"async\" width=\"986\" height=\"554\" src=\"http:\/\/xn--tuvozdiasporaespaola-k7b.com\/wp-content\/uploads\/2022\/09\/nueva-constitucic3b3n-o-nada-e1578067473813104048583262335520..jpg?w=986\" alt=\"\" class=\"wp-image-141\" srcset=\"https:\/\/xn--tuvozdiasporaespaola-k7b.com\/wp-content\/uploads\/2022\/09\/nueva-constitucic3b3n-o-nada-e1578067473813104048583262335520..jpg 986w, https:\/\/xn--tuvozdiasporaespaola-k7b.com\/wp-content\/uploads\/2022\/09\/nueva-constitucic3b3n-o-nada-e1578067473813104048583262335520.-300x169.jpg 300w, https:\/\/xn--tuvozdiasporaespaola-k7b.com\/wp-content\/uploads\/2022\/09\/nueva-constitucic3b3n-o-nada-e1578067473813104048583262335520.-768x432.jpg 768w\" sizes=\"(max-width: 986px) 100vw, 986px\" \/><\/figure>\n","protected":false},"excerpt":{"rendered":"<p>Es descorazonador lo ocurrido en Chile. Ismael Casado ciudadano Espa\u00f1ol en Chile nos comenta : \u00abLa gente en su entra\u00f1a no quiere cambiar.&nbsp;En Petorca, &#8230; <\/p>\n<p class=\"read-more-container\"><a title=\"\u00bfCHILE UN PUEBLO SIN MEMORIA ?\" class=\"read-more button\" href=\"https:\/\/xn--tuvozdiasporaespaola-k7b.com\/page\/2\/chile-un-pueblo-sin-memoria\/#more-129\" aria-label=\"M\u00e1s en \u00bfCHILE UN PUEBLO SIN MEMORIA ?\">Leer m\u00e1s<\/a><\/p>\n","protected":false},"author":222560522,"featured_media":0,"comment_status":"open","ping_status":"open","sticky":false,"template":"","format":"standard","meta":{"footnotes":""},"categories":[1771],"tags":[],"class_list":["post-129","post","type-post","status-publish","format-standard","hentry","category-sociales"],"_links":{"self":[{"href":"https:\/\/xn--tuvozdiasporaespaola-k7b.com\/page\/2\/wp-json\/wp\/v2\/posts\/129","targetHints":{"allow":["GET"]}}],"collection":[{"href":"https:\/\/xn--tuvozdiasporaespaola-k7b.com\/page\/2\/wp-json\/wp\/v2\/posts"}],"about":[{"href":"https:\/\/xn--tuvozdiasporaespaola-k7b.com\/page\/2\/wp-json\/wp\/v2\/types\/post"}],"author":[{"embeddable":true,"href":"https:\/\/xn--tuvozdiasporaespaola-k7b.com\/page\/2\/wp-json\/wp\/v2\/users\/222560522"}],"replies":[{"embeddable":true,"href":"https:\/\/xn--tuvozdiasporaespaola-k7b.com\/page\/2\/wp-json\/wp\/v2\/comments?post=129"}],"version-history":[{"count":0,"href":"https:\/\/xn--tuvozdiasporaespaola-k7b.com\/page\/2\/wp-json\/wp\/v2\/posts\/129\/revisions"}],"wp:attachment":[{"href":"https:\/\/xn--tuvozdiasporaespaola-k7b.com\/page\/2\/wp-json\/wp\/v2\/media?parent=129"}],"wp:term":[{"taxonomy":"category","embeddable":true,"href":"https:\/\/xn--tuvozdiasporaespaola-k7b.com\/page\/2\/wp-json\/wp\/v2\/categories?post=129"},{"taxonomy":"post_tag","embeddable":true,"href":"https:\/\/xn--tuvozdiasporaespaola-k7b.com\/page\/2\/wp-json\/wp\/v2\/tags?post=129"}],"curies":[{"name":"wp","href":"https:\/\/api.w.org\/{rel}","templated":true}]}}