{"id":12883,"date":"2026-03-16T15:53:14","date_gmt":"2026-03-16T18:53:14","guid":{"rendered":"https:\/\/xn--tuvozdiasporaespaola-k7b.com\/page\/2\/?p=12883"},"modified":"2026-03-16T15:56:49","modified_gmt":"2026-03-16T18:56:49","slug":"nunca-se-ha-querido-investigar-el-tema-de-la-deudaargentina","status":"publish","type":"post","link":"https:\/\/xn--tuvozdiasporaespaola-k7b.com\/page\/2\/nunca-se-ha-querido-investigar-el-tema-de-la-deudaargentina\/","title":{"rendered":"\u201cNunca se ha querido investigar el tema de la deuda\u201dArgentina"},"content":{"rendered":"\n<p>Por Walter C. Medina<\/p>\n\n\n\n<p>ENTREVISTA A ALEJANDRO OLMOS<\/p>\n\n\n\n<p>Desde Ecuador, Alex Flores entrevist\u00f3 a Alejandro Olmos, reconocido historiador, analista econ\u00f3mico y experto en pol\u00edtica internacional, quien reflexion\u00f3 sobre la deuda externa, sus responsables y sus consecuencias. \u201cAc\u00e1 el tema de la deuda siempre ha sido problem\u00e1tico, y nunca se ha querido investigar el tema de la deuda. Cuando vino el primer gobierno de la democracia, que era el momento para investigar la deuda en la Dictadura Militar, no se quiso hacer. Y despu\u00e9s todos los gobiernos, hasta el d\u00eda de hoy, sin excepci\u00f3n, quisieron investigar la deuda; en muchos casos porque los que hasta hace algunos a\u00f1os eran los dos partidos mayoritarios, fueron los que contrajeron deuda, los que refinanciaron deuda, y los que la legitimaron\u201d.  <\/p>\n\n\n\n<p><strong>\u00bfCu\u00e1l es la visi\u00f3n actualizada de la brutalidad de la deuda externa de Argentina?<\/strong><\/p>\n\n\n\n<p>El gobierno, con esa facultad que tiene para mentir, para alterar las cifras, ha dicho que ha hecho bajar la deuda, pero cuando uno va a las cifras oficiales del Ministerio de Econom\u00eda, habr\u00eda que ver cu\u00e1les son los c\u00e1lculos esot\u00e9ricos de Caputo para poder mostrar que baj\u00f3, porque en diciembre de 2023 la deuda p\u00fablica era de 370 mil millones de d\u00f3lares. Al 28 de febrero, es de 460 mil millones de d\u00f3lares. En los \u00faltimos tres meses la deuda creci\u00f3 en 19 mil millones de d\u00f3lares, habi\u00e9ndose pagado 50 mil en concepto de intereses y amortizaciones. <\/p>\n\n\n\n<p>Estos son datos del Ministerio de Econom\u00eda que dirige el Ministro Caputo. Indudablemente \u00e9l no debe leer sus datos, no los debe controlar, o no s\u00e9 cu\u00e1les ser\u00e1n sus disquisiciones para hablar de este tema. Cuando ten\u00e9s un gobierno que dice que la gente tiene que sacar el dinero de los colchones y depositarlos en el sistema financiero, habr\u00eda que preguntarle a Caputo por qu\u00e9 los d\u00f3lares que \u00e9l tiene en el exterior no los trae. <\/p>\n\n\n\n<p>Ayer se conoci\u00f3 la declaraci\u00f3n de Federico Sturzenegger, uno de los Ministros del gabinete, que en un a\u00f1o aument\u00f3 su patrimonio en 970 millones de pesos, teniendo depositados todos sus fondos en el exterior. Es un gobierno integrado por personas que tienen su plata afuera, es decir, que no conf\u00edan ni en ellos mismos, porque cu\u00e1l es el sentido de tener plata afuera cuando ellos son los que gobiernan, los que deciden. Los tenedores de bonos de deuda externa muchas veces son las mismas personas y los grupos de poder que manejan informaci\u00f3n privilegiada para la compra de deuda externa, benefici\u00e1ndose de la expropiaci\u00f3n de la riqueza del pueblo argentinoIndudablemente hay sospechas muy concretas de que hay una enorme cantidad de argentinos, y de funcionarios, que tienen t\u00edtulos de la deuda. <\/p>\n\n\n\n<p>Y hace tres a\u00f1os el Fiscal General Federico Delgado \u2013un enorme luchador por las buenas causas de la justicia- a trav\u00e9s de una investigaci\u00f3n muy precaria que pudo hacer\u2026 porque cuando uno quiere investigar al poder encuentra todo tipo de obst\u00e1culos; pero a pesar de eso Delgado consigui\u00f3 detectar que ten\u00edan t\u00edtulos de la deuda el que hab\u00eda sido vice-jefe de gabinete de Macro cuando fue presidente, Luis Capito, el actual Ministro de Relaciones Exteriores (ex Presidente del Banco Central, Pablo Quirno), y otros funcionarios. Quirno y Caputo son socios en una consultora, son \u00edntimos amigos, ambos tienen la plata afuera. <\/p>\n\n\n\n<figure class=\"wp-block-image size-large\"><img fetchpriority=\"high\" decoding=\"async\" width=\"1024\" height=\"576\" src=\"https:\/\/xn--tuvozdiasporaespaola-k7b.com\/wp-content\/uploads\/2026\/03\/1000775052-1024x576.jpg\" alt=\"\" class=\"wp-image-12886\" srcset=\"https:\/\/xn--tuvozdiasporaespaola-k7b.com\/wp-content\/uploads\/2026\/03\/1000775052-1024x576.jpg 1024w, https:\/\/xn--tuvozdiasporaespaola-k7b.com\/wp-content\/uploads\/2026\/03\/1000775052-300x169.jpg 300w, https:\/\/xn--tuvozdiasporaespaola-k7b.com\/wp-content\/uploads\/2026\/03\/1000775052-768x432.jpg 768w, https:\/\/xn--tuvozdiasporaespaola-k7b.com\/wp-content\/uploads\/2026\/03\/1000775052-1536x864.jpg 1536w, https:\/\/xn--tuvozdiasporaespaola-k7b.com\/wp-content\/uploads\/2026\/03\/1000775052-2048x1152.jpg 2048w\" sizes=\"(max-width: 1024px) 100vw, 1024px\" \/><figcaption class=\"wp-element-caption\">Alejandro Olmos  y Alex Flores <\/figcaption><\/figure>\n\n\n\n<p>Como los fondos de inversi\u00f3n con los que ha negociado la Argentina no dan a conocer la identidad de los t\u00edtulos que tienen, uno puede suponer que hay una enorme cantidad de argentinos que tienen esos t\u00edtulos. Por otra parte se da una circunstancia muy especial en todo esto, y es que cuando asume Alberto Fern\u00e1ndez, el Banco Central emite un informe que dice que se hab\u00edan ido del pa\u00eds 86 mil millones de d\u00f3lares, se hab\u00edan fugado. <\/p>\n\n\n\n<p>La fuga no es un delito; cualquier argentino puede llevarse la plata que quiera a un para\u00edso fiscal o a donde se le d\u00e9 la gana, porque no es delito. Es delito si se lleva 19 millones y no ha declarado a las autoridades p\u00fablicas el dinero. Con motivo de esto inici\u00e9 una denuncia penal para que se levantara el secreto fiscal de lo que se hab\u00edan llevado: alrededor de 30 mil millones de d\u00f3lares entre el 2016 y el 2019. Despapes de un largo proceso, la jueza que interviene \u2013una persona que tiene cierta relaci\u00f3n con algunos funcionarios p\u00fablicos- rechaz\u00f3 ese pedido, junto con otros, diciendo que la AFIP, lo que era en ese momento la Administraci\u00f3n Federal de Ingresos P\u00fablicos, verificaba debidamente la plata que la gente se llevaba; lo cual no es cierto, porque cuando alguien declara algo se toma en cuenta su declaraci\u00f3n jurada; la AFIP no investiga si lo que esa persona declar\u00f3 es cierto o no es cierto. <\/p>\n\n\n\n<p>Y la propia Agencia Central de Inteligencia, en los Estados Unidos, ha determinado que hay m\u00e1s de 450 mil millones de d\u00f3lares de argentinos en el exterior. No lo dice la izquierda, ni los zurdos, ni los socialistas a los que tanto estigmatiza Milei. <\/p>\n\n\n\n<p>Lo dice alguien que para Milei es una instituci\u00f3n altamente confiable. Todo se maneja as\u00ed; ac\u00e1 no hay transparencia de ninguna naturaleza, la opacidad es constante, y a trav\u00e9s de esa invisibilizaci\u00f3n de operaciones se puede hacer cualquier cosa.<\/p>\n\n\n\n<p>\u00bf<strong>Consideras que uno de los mayores errores del gobierno de Alberto Fern\u00e1ndez fue precisamente no haber hecho una auditor\u00eda de la deuda tomada por Macri? <\/strong><\/p>\n\n\n\n<p>Ac\u00e1 el tema de la deuda siempre ha sido problem\u00e1tico, y nunca se ha querido investigar el tema de la deuda. Cuando vino el primer gobierno de la democracia, que era el momento para investigar la deuda en la Dictadura Militar, no se quiso hacer. <\/p>\n\n\n\n<p>Y despu\u00e9s todos los gobiernos, hasta el d\u00eda de hoy, sin excepci\u00f3n, quisieron investigar la deuda; en muchos casos porque los que hasta hace algunos a\u00f1os eran los dos partidos mayoritarios, fueron los que contrajeron deuda, los que refinanciaron deuda, y los que la legitimaron. <\/p>\n\n\n\n<p>\u00bf<strong>C\u00f3mo es posible que en el a\u00f1o 2026 tengamos una estructura jur\u00eddica que fue legada por la Dictadura Militar, que lleva la firma del dictador Videla?<\/strong><\/p>\n\n\n\n<p>Leyes que nunca fueron derogadas, pero que adem\u00e1s, en el a\u00f1o 2013 y 2014, fueron ratificadas como v\u00e1lidas por ambas c\u00e1maras del Congreso Nacional. Cuando ten\u00e9s una estructura que permite el arbitraje, que permite que los inversores extranjeros se lleven toda la plata que quieran sin limitaci\u00f3n ninguna, que permite que los bancos hagan lo que quieran porque el control del Banco Central es muy laxo, entonces no hay forma de que esto cambie o se modifique. <\/p>\n\n\n\n<p>Enlace  v\u00eddeo de la entrevista a Alejandro Olmos ??<a href=\"https:\/\/we.tl\/t-fjDdSH0563\" data-type=\"link\" data-id=\"https:\/\/we.tl\/t-fjDdSH0563\">https:\/\/we.tl\/t-fjDdSH0563<\/a><\/p>\n\n\n\n<p><\/p>\n","protected":false},"excerpt":{"rendered":"<p>Por Walter C. Medina ENTREVISTA A ALEJANDRO OLMOS Desde Ecuador, Alex Flores entrevist\u00f3 a Alejandro Olmos, reconocido historiador, analista econ\u00f3mico y experto en pol\u00edtica &#8230; <\/p>\n<p class=\"read-more-container\"><a title=\"\u201cNunca se ha querido investigar el tema de la deuda\u201dArgentina\" class=\"read-more button\" href=\"https:\/\/xn--tuvozdiasporaespaola-k7b.com\/page\/2\/nunca-se-ha-querido-investigar-el-tema-de-la-deudaargentina\/#more-12883\" aria-label=\"M\u00e1s en \u201cNunca se ha querido investigar el tema de la deuda\u201dArgentina\">Leer m\u00e1s<\/a><\/p>\n","protected":false},"author":222560522,"featured_media":12884,"comment_status":"closed","ping_status":"open","sticky":false,"template":"","format":"standard","meta":{"footnotes":""},"categories":[121890],"tags":[],"class_list":["post-12883","post","type-post","status-publish","format-standard","has-post-thumbnail","hentry","category-argentina","resize-featured-image"],"_links":{"self":[{"href":"https:\/\/xn--tuvozdiasporaespaola-k7b.com\/page\/2\/wp-json\/wp\/v2\/posts\/12883","targetHints":{"allow":["GET"]}}],"collection":[{"href":"https:\/\/xn--tuvozdiasporaespaola-k7b.com\/page\/2\/wp-json\/wp\/v2\/posts"}],"about":[{"href":"https:\/\/xn--tuvozdiasporaespaola-k7b.com\/page\/2\/wp-json\/wp\/v2\/types\/post"}],"author":[{"embeddable":true,"href":"https:\/\/xn--tuvozdiasporaespaola-k7b.com\/page\/2\/wp-json\/wp\/v2\/users\/222560522"}],"replies":[{"embeddable":true,"href":"https:\/\/xn--tuvozdiasporaespaola-k7b.com\/page\/2\/wp-json\/wp\/v2\/comments?post=12883"}],"version-history":[{"count":2,"href":"https:\/\/xn--tuvozdiasporaespaola-k7b.com\/page\/2\/wp-json\/wp\/v2\/posts\/12883\/revisions"}],"predecessor-version":[{"id":12888,"href":"https:\/\/xn--tuvozdiasporaespaola-k7b.com\/page\/2\/wp-json\/wp\/v2\/posts\/12883\/revisions\/12888"}],"wp:featuredmedia":[{"embeddable":true,"href":"https:\/\/xn--tuvozdiasporaespaola-k7b.com\/page\/2\/wp-json\/wp\/v2\/media\/12884"}],"wp:attachment":[{"href":"https:\/\/xn--tuvozdiasporaespaola-k7b.com\/page\/2\/wp-json\/wp\/v2\/media?parent=12883"}],"wp:term":[{"taxonomy":"category","embeddable":true,"href":"https:\/\/xn--tuvozdiasporaespaola-k7b.com\/page\/2\/wp-json\/wp\/v2\/categories?post=12883"},{"taxonomy":"post_tag","embeddable":true,"href":"https:\/\/xn--tuvozdiasporaespaola-k7b.com\/page\/2\/wp-json\/wp\/v2\/tags?post=12883"}],"curies":[{"name":"wp","href":"https:\/\/api.w.org\/{rel}","templated":true}]}}