{"id":12877,"date":"2026-03-16T09:59:15","date_gmt":"2026-03-16T12:59:15","guid":{"rendered":"https:\/\/xn--tuvozdiasporaespaola-k7b.com\/page\/2\/?p=12877"},"modified":"2026-03-16T09:59:16","modified_gmt":"2026-03-16T12:59:16","slug":"las-mujeres-y-las-diversidades-pagamos-las-consecuencias-del-modelo-economico-argentino","status":"publish","type":"post","link":"https:\/\/xn--tuvozdiasporaespaola-k7b.com\/page\/2\/las-mujeres-y-las-diversidades-pagamos-las-consecuencias-del-modelo-economico-argentino\/","title":{"rendered":"\u201cLas mujeres y las diversidades pagamos  las consecuencias del modelo econ\u00f3mico Argentino\u201d"},"content":{"rendered":"\n<p>Por Walter C. Medina<\/p>\n\n\n\n<p>ENTREVISTA A EVA KOUTSOVITIS<\/p>\n\n\n\n<p>En una extensa charla con Francisco L\u00f3pez para el programa radial \u201cCenizas de Babilonia. Di\u00e1spora Espa\u00f1ola\u201d, que emite AM830 Radio del Pueblo, Eva Koutsovits ofreci\u00f3 un certero diagn\u00f3stico del impacto y las consecuencias de las pol\u00edticas econ\u00f3micas -impulsadas por el gobierno de Milei- en los sectores sociales m\u00e1s vulnerables, y entre las diversidades y las mujeres trabajadoras. <\/p>\n\n\n\n<p>\u201cEsta l\u00f3gica de precarizaci\u00f3n, retiro del Estado, encarecimiento de la vida, y profundizaci\u00f3n de la deuda, somos nosotras, las mujeres y las diversidades quienes m\u00e1s estamos sufriendo las consecuencias de este modelo econ\u00f3mico\u201d, sostuvo Koutsovits durante la entrevista.<\/p>\n\n\n\n<p>Ingeniera Civil especializada en Hidr\u00e1ulica, Docente, Investigadora de la Facultad de Ingenier\u00eda de la Universidad de Buenos Aires (UBA), Coordinadora del \u00c1rea de Investigaci\u00f3n, Desarrollo e Infraestructura en Zonas Vulnerable y Escenarios Complejos, Koutsovits fue adem\u00e1s candidata a Legisladora porte\u00f1a por el espacio pol\u00edtico Confluencia.<\/p>\n\n\n\n<p>\u00bfCu\u00e1l es tu opini\u00f3n de la situaci\u00f3n social que se est\u00e1 viviendo en la Argentina de Milei?<\/p>\n\n\n\n<p>Bueno, aprovechando que hace unos d\u00edas las mujeres y las diversidades inundamos las calles en el marco del 8M, me parece oportuno mencionar que el modelo econ\u00f3mico que se est\u00e1 implementando en la Argentina, y que lleva adelante el presidente Javier Milei, es un modelo que viene precarizando al trabajo, endeudando a los sectores medios y a los sectores populares, y desmantelando el conjunto de las pol\u00edticas p\u00fablicas que lo que hacen es sostener nuestra vida cotidiana. <\/p>\n\n\n\n<p>Por eso que este combo de precarizaci\u00f3n, deuda y desmantelamiento de las pol\u00edticas p\u00fablicas, no es neutro; y sobre quienes m\u00e1s impacta es sobre nosotras, sobre las mujeres y sobre las diversidades. A m\u00ed me parece que tendr\u00edamos que tener en cuenta que, teniendo datos oficiales que corresponden al \u00faltimo trimestre del a\u00f1o 2025, la desocupaci\u00f3n y la sub-ocupaci\u00f3n para las mujeres fue de m\u00e1s del 20 por ciento. <\/p>\n\n\n\n<p>El pluriempleo es parte de nuestra supervivencia, y alcanza a casi el 15 por ciento de las mujeres ocupadas, frente a un 8,5. Es decir que vemos c\u00f3mo estas pol\u00edticas en donde m\u00e1s est\u00e1 impactando en t\u00e9rminos de precariedad, en t\u00e9rminos de sobrecarga, es sobre nosotras. <\/p>\n\n\n\n<p>Si hablamos de endeudamiento popular tenemos que hablar de la feminizaci\u00f3n en relaci\u00f3n a este ajuste, porque la verdad es que la deuda ya no es un recurso excepcional, la deuda es un componente estructural para poder llegar a fin de mes. La verdad es que esto de \u201cestirar el mango\u201d, como se dice ac\u00e1 en Argentina, en realidad lo que tiene como correlato es cada vez m\u00e1s trabajo no remunerado, cada vez m\u00e1s carga, cada vez m\u00e1s estr\u00e9s, cada vez menos tiempo para poder descansar, para poder formarnos. <\/p>\n\n\n\n<p>La verdad es que en una estructura tan desigual como es la nuestra, eso sin duda sobre quienes m\u00e1s impacta, es sobre las mujeres. El sesenta por ciento de los hogares monomarentales, es decir, los que est\u00e1n a cargo de mujeres, de encuentran endeudados, En el a\u00f1os 2025, m\u00e1s del 70 por ciento de los hogares que sostienen las mujeres tuvieron que endeudarse para comprar alimentos y medicamentos. <\/p>\n\n\n\n<p>Siete de cada diez hogares el a\u00f1o pasado tuvo atraso en el pago de esas deudas, o en el pago de servicios b\u00e1sicos, de servicios elementales. Y much\u00edsimos programas sociales, muy feminizados, fueron pr\u00e1cticamente desmantelados. Uno de los programas sociales m\u00e1s feminizados era el Programa Potenciar Trabajo. <\/p>\n\n\n\n<p>En este programa, el 75 por ciento de sus titulares eran mujeres. Este programa tuvo un desfinanciamiento de m\u00e1s de 95 por ciento. Lo mismo pasa con otros programas -tambi\u00e9n feminizados- que ha n sufrido brutales recortes, como es el programa del Monotributo Social. <\/p>\n\n\n\n<p>En t\u00e9rminos previsionales, tambi\u00e9n sobre quienes m\u00e1s ha impactado son sobre nosotras las mujeres, porque lo que se hizo fue suspender la moratoria para poder jubilarse; y esto impacta en 9 de cada 10 mujeres que no tienen los aportes suficientes y que requer\u00edan de esa moratoria para poder percibir una jubilaci\u00f3n. <\/p>\n\n\n\n<p>Lo que nos queda claro que en esta l\u00f3gica de precarizaci\u00f3n, retiro del Estado, encarecimiento de la vida, y profundizaci\u00f3n de la deuda, somos nosotras, las mujeres y las diversidades quienes m\u00e1s estamos sufriendo las consecuencias de este modelo econ\u00f3mico.<\/p>\n\n\n\n<p>\u00bfA qu\u00e9 crees que se debe la estigmatizaci\u00f3n que padecen los movimientos feministas, as\u00ed como tambi\u00e9n de los m\u00e1s vulnerables, de los abandonados por el Estado?<\/p>\n\n\n\n<p>Sin duda hay una l\u00f3gica muy perversa que tiene que ver con trasladarle a los sectores populares, a los sectores medios, a los sectores que en general se organizan en la conquista de sus derechos; las consecuencias de un modelo econ\u00f3mico que por supuesto no cierra por ninguna parte. <\/p>\n\n\n\n<p>Este modelo econ\u00f3mico excluye \u2013en el caso de la Argentina- a pr\u00e1cticamente el 90 por ciento de sus habitantes. Es un modelo econ\u00f3mico que adem\u00e1s tiene por estrat\u00e9gica y tiene por l\u00f3gica, la l\u00f3gica del saqueo de lo que nosotros y nosotras llamamos nuestros bienes comunes.<\/p>\n\n\n\n<p> Esa l\u00f3gica del saqueo sin duda lo que hace es profundizar la precariedad. Y eso est\u00e1 absolutamente claro. La realidad es que somos blanco de ataque: las mujeres, los trabajadores organizados, los sectores populares, porque somos los que hemos logrado a lo largo de todos estos a\u00f1os important\u00edsimas conquistas.<\/p>\n\n\n\n<figure class=\"wp-block-image size-large\"><img fetchpriority=\"high\" decoding=\"async\" width=\"1024\" height=\"577\" src=\"https:\/\/xn--tuvozdiasporaespaola-k7b.com\/wp-content\/uploads\/2026\/03\/1000774336-1024x577.jpg\" alt=\"\" class=\"wp-image-12880\" srcset=\"https:\/\/xn--tuvozdiasporaespaola-k7b.com\/wp-content\/uploads\/2026\/03\/1000774336-1024x577.jpg 1024w, https:\/\/xn--tuvozdiasporaespaola-k7b.com\/wp-content\/uploads\/2026\/03\/1000774336-300x169.jpg 300w, https:\/\/xn--tuvozdiasporaespaola-k7b.com\/wp-content\/uploads\/2026\/03\/1000774336-768x433.jpg 768w, https:\/\/xn--tuvozdiasporaespaola-k7b.com\/wp-content\/uploads\/2026\/03\/1000774336.jpg 1140w\" sizes=\"(max-width: 1024px) 100vw, 1024px\" \/><\/figure>\n","protected":false},"excerpt":{"rendered":"<p>Por Walter C. Medina ENTREVISTA A EVA KOUTSOVITIS En una extensa charla con Francisco L\u00f3pez para el programa radial \u201cCenizas de Babilonia. Di\u00e1spora Espa\u00f1ola\u201d, &#8230; <\/p>\n<p class=\"read-more-container\"><a title=\"\u201cLas mujeres y las diversidades pagamos  las consecuencias del modelo econ\u00f3mico Argentino\u201d\" class=\"read-more button\" href=\"https:\/\/xn--tuvozdiasporaespaola-k7b.com\/page\/2\/las-mujeres-y-las-diversidades-pagamos-las-consecuencias-del-modelo-economico-argentino\/#more-12877\" aria-label=\"M\u00e1s en \u201cLas mujeres y las diversidades pagamos  las consecuencias del modelo econ\u00f3mico Argentino\u201d\">Leer m\u00e1s<\/a><\/p>\n","protected":false},"author":222560522,"featured_media":12881,"comment_status":"closed","ping_status":"open","sticky":false,"template":"","format":"standard","meta":{"footnotes":""},"categories":[121858,121850],"tags":[],"class_list":["post-12877","post","type-post","status-publish","format-standard","has-post-thumbnail","hentry","category-genero","category-politica","resize-featured-image"],"_links":{"self":[{"href":"https:\/\/xn--tuvozdiasporaespaola-k7b.com\/page\/2\/wp-json\/wp\/v2\/posts\/12877","targetHints":{"allow":["GET"]}}],"collection":[{"href":"https:\/\/xn--tuvozdiasporaespaola-k7b.com\/page\/2\/wp-json\/wp\/v2\/posts"}],"about":[{"href":"https:\/\/xn--tuvozdiasporaespaola-k7b.com\/page\/2\/wp-json\/wp\/v2\/types\/post"}],"author":[{"embeddable":true,"href":"https:\/\/xn--tuvozdiasporaespaola-k7b.com\/page\/2\/wp-json\/wp\/v2\/users\/222560522"}],"replies":[{"embeddable":true,"href":"https:\/\/xn--tuvozdiasporaespaola-k7b.com\/page\/2\/wp-json\/wp\/v2\/comments?post=12877"}],"version-history":[{"count":2,"href":"https:\/\/xn--tuvozdiasporaespaola-k7b.com\/page\/2\/wp-json\/wp\/v2\/posts\/12877\/revisions"}],"predecessor-version":[{"id":12882,"href":"https:\/\/xn--tuvozdiasporaespaola-k7b.com\/page\/2\/wp-json\/wp\/v2\/posts\/12877\/revisions\/12882"}],"wp:featuredmedia":[{"embeddable":true,"href":"https:\/\/xn--tuvozdiasporaespaola-k7b.com\/page\/2\/wp-json\/wp\/v2\/media\/12881"}],"wp:attachment":[{"href":"https:\/\/xn--tuvozdiasporaespaola-k7b.com\/page\/2\/wp-json\/wp\/v2\/media?parent=12877"}],"wp:term":[{"taxonomy":"category","embeddable":true,"href":"https:\/\/xn--tuvozdiasporaespaola-k7b.com\/page\/2\/wp-json\/wp\/v2\/categories?post=12877"},{"taxonomy":"post_tag","embeddable":true,"href":"https:\/\/xn--tuvozdiasporaespaola-k7b.com\/page\/2\/wp-json\/wp\/v2\/tags?post=12877"}],"curies":[{"name":"wp","href":"https:\/\/api.w.org\/{rel}","templated":true}]}}