{"id":12867,"date":"2026-03-13T20:30:03","date_gmt":"2026-03-13T23:30:03","guid":{"rendered":"https:\/\/xn--tuvozdiasporaespaola-k7b.com\/page\/2\/?p=12867"},"modified":"2026-03-13T20:30:05","modified_gmt":"2026-03-13T23:30:05","slug":"madrid-y-roma-plantan-cara-a-donald-trump-por-oriente-medio","status":"publish","type":"post","link":"https:\/\/xn--tuvozdiasporaespaola-k7b.com\/page\/2\/madrid-y-roma-plantan-cara-a-donald-trump-por-oriente-medio\/","title":{"rendered":"Madrid y Roma plantan cara a Donald Trump por Oriente Medio."},"content":{"rendered":"\n<p>Entre las voces m\u00e1s representativas de estas posiciones se encuentran los pa\u00edses del sur de Europa, encarnados por el presidente del Gobierno espa\u00f1ol, Pedro S\u00e1nchez, y la primera ministra italiana, Giorgia Meloni.<\/p>\n\n\n\n<p>La brecha dentro de la Uni\u00f3n Europea se hace cada vez m\u00e1s evidente. Un ejemplo claro de estas diferencias son las posturas divergentes frente al conflicto palestino-israel\u00ed y ante la intervenci\u00f3n estadounidense-israel\u00ed contra Ir\u00e1n.<\/p>\n\n\n\n<p> Entre las voces m\u00e1s representativas de estas posiciones se encuentran los pa\u00edses del sur de Europa, encarnados por el presidente del Gobierno espa\u00f1ol, Pedro S\u00e1nchez, y la primera ministra italiana, Giorgia Meloni.<\/p>\n\n\n\n<p>Pedro S\u00e1nchez comenzo desafiando a Netanyahu el 22 de mayo de 2024, anunciando que el Consejo de Ministros de su pa\u00eds aprobar\u00eda el reconocimiento del Estado de Palestina, algo que efectivamente tuvo lugar el 28 de mayo del mismo a\u00f1o peto no solo se quedo con eso ya que en octubre de ese mismo a\u00f1o  inst\u00f3 a la Comisi\u00f3n Europea a suspender el acuerdo de asociaci\u00f3n con Israel, exigiendo \u00abactuar con decisi\u00f3n\u00bb frente a las acciones del Gobierno israel\u00ed y su jefe, Benjam\u00edn Netanyahu.<\/p>\n\n\n\n<p>Asimismo, acus\u00f3 al liderazgo de Israel de genocidio en Gaza, subrayando que los responsables \u201ctendr\u00e1n que responder ante la justicia\u00bb en medio de la disposici\u00f3n de Espa\u00f1a a cumplir la orden de detenci\u00f3n de Netanyahu dictada por la Corte Penal Internacional.<\/p>\n\n\n\n<p>El presidente del Gobieno de Espa\u00f1a de mayor\u00eda parlamentaria  progresista en mayo de 2025, durante su intervenci\u00f3n en la XXXIV Cumbre de la Liga de Estados \u00c1rabes, declar\u00f3 que Palestina \u00abse desangra ante nuestros ojos\u00bb y llam\u00f3 a la comunidad mundial a \u00abparar la masacre en Gaza\u00bb. <\/p>\n\n\n\n<p>Prosiguiendo en septiembre de 2025, acusando a las autoridades israel\u00edes de \u00abexterminar a un pueblo indefenso\u00bb y determin\u00f3 la aprobaci\u00f3n urgente de un Real Decreto Ley que consolidaba jur\u00eddicamente el embargo de armas a Israel que se aplica desde octubre de 2023, adem\u00e1s, anunci\u00f3 el cierre del espacio a\u00e9reo y los puertos de Espa\u00f1a a las aeronaves y embarcaciones que trasladen mercanc\u00edas destinadas al Ej\u00e9rcito israel\u00ed , y con tespecto a la Guerra  de Israel con Iran ha continuado promoviendo  que se cumpla  la ley internacional y condenando la agresi\u00f3n contra otro estado, esta  serie de desencuentros ha culminado con la retirada de la emjadora de Espa\u00f1a en Israel.<\/p>\n\n\n\n<p>Pedro S\u00e1nchez tras el inicio de la agresi\u00f3n estadounidense-israel\u00ed contra Ir\u00e1n el 28 de febrero, hizo un llamado para que se pusiera fin a las hostilidades \u00abantes de que sea demasiado tarde\u00bb y acus\u00f3 a los instigadores del conflicto de utilizar el \u00abhumo de la guerra\u00bb para ocultar su fracaso a la hora de mejorar la vida de sus pueblos y \u00abllenar de paso los bolsillos de unos pocos\u00bb.<\/p>\n\n\n\n<p>Resalt\u00f3 que el Gobierno  espa\u00f1ol  seguir\u00e1 exigiendo un cese de las hostilidades y una resoluci\u00f3n diplom\u00e1tica de la guerra, destacando que \u00abla posici\u00f3n del Gobierno se puede resumir en cuatro palabras: &#8216;No a la guerra\u00bb, (despu\u00e9s de que Donald Trump expresara su decepci\u00f3n con Espa\u00f1a por no haberle proporcionado sus bases para atacar a Ir\u00e1n).<\/p>\n\n\n\n<p>\u00abNo vamos a ser c\u00f3mplices de algo que es malo para el mundo y que tambi\u00e9n es contrario a nuestros valores e intereses, simplemente por el miedo a las represalias de alguno, porque nosotros tenemos una confianza absoluta en la fortaleza econ\u00f3mica institucional y, tambi\u00e9n dir\u00eda, moral de nuestro pa\u00eds\u00bb, declar\u00f3.<\/p>\n\n\n\n<p>A la vez, a principios de marzo, se opuso rotundamente a la iniciativa de Par\u00eds de reforzar el potencial nuclear de Europa, afirmando que su pa\u00eds no quiere \u00abun mundo m\u00e1s nuclear\u00bb ni \u00abuna Europa nuclearizada\u00bb.<\/p>\n\n\n\n<p>Estas declaraciones  de Pedro S\u00e1nchez a ocasionado en Espa\u00f1a un repunte del sentido de soberan\u00eda  nacional y orgullo adem\u00e1s de una unidad del pueblo espa\u00f1ol en torno al 70% ,  frente a las agresiones verbales y amenazas de Trump contra un pais democr\u00e1tico, contra sus   dirigentes elegidos en las urnas, con un respaldo de la mayor\u00eda progresista parlamentaria.<\/p>\n\n\n\n<p>Mientras de forma contraria unas declaraciones  de la Derecha del Partido Popular o de la ultraderecha de VOX (convirti\u00e9ndolos en las marionetas de Trump) ped\u00edan que Espa\u00f1a se  uniera a la locura de EEUU , curetionado la decision de  por que no quiere participar realmente  en una guerra,  cuyo el \u00fanico objetivo es la destrucci\u00f3n y la codicia.<\/p>\n\n\n\n<p>En Espa\u00f1a la defensa de la soberan\u00eda, el patriotismo y  la defensa de la Patria ya no esta en la derecha Espa\u00f1ola. est\u00e1 en su pueblo junto a su gobierno.<\/p>\n\n\n\n<p>Pero no solo Madrid si no que tambien  Roma planta cara por Oriente Medio  teniendo a Giorgia Meloni alzando la voz contra los ataques de EEUU e IsraelLlegando el 11 de marzo,la primera ministra de Italia, Giorgia Meloni, a condenar  los ataques de EEUU e Israel  contra el Estado persa en su discurso en el Parlamento en Roma. Durante su intervenci\u00f3n, la mandataria calific\u00f3 la campa\u00f1a militar que se est\u00e1 desarrollando en Oriente Medio como parte de una tendencia creciente de intervenciones unilaterales \u00abfuera de los l\u00edmites del derecho internacional\u00bb. <\/p>\n\n\n\n<p>Adem\u00e1s, Meloni asegur\u00f3 que su pa\u00eds \u00abno participa ni participar\u00e1\u00bb en este conflicto.Asimismo, la primera ministra italiana conden\u00f3 el ataque a la escuela de Minab, en el que murieron unas 170 personas, en su mayor\u00eda alumnas del centro educativo. Expres\u00f3 su solidaridad con las familias de los fallecidos y exigi\u00f3 que se aclarara qui\u00e9n era el responsable de esta tragedia. <\/p>\n","protected":false},"excerpt":{"rendered":"<p>Entre las voces m\u00e1s representativas de estas posiciones se encuentran los pa\u00edses del sur de Europa, encarnados por el presidente del Gobierno espa\u00f1ol, Pedro &#8230; <\/p>\n<p class=\"read-more-container\"><a title=\"Madrid y Roma plantan cara a Donald Trump por Oriente Medio.\" class=\"read-more button\" href=\"https:\/\/xn--tuvozdiasporaespaola-k7b.com\/page\/2\/madrid-y-roma-plantan-cara-a-donald-trump-por-oriente-medio\/#more-12867\" aria-label=\"M\u00e1s en Madrid y Roma plantan cara a Donald Trump por Oriente Medio.\">Leer m\u00e1s<\/a><\/p>\n","protected":false},"author":222560522,"featured_media":12868,"comment_status":"closed","ping_status":"open","sticky":false,"template":"","format":"standard","meta":{"footnotes":""},"categories":[121900,121901],"tags":[],"class_list":["post-12867","post","type-post","status-publish","format-standard","has-post-thumbnail","hentry","category-eeuu","category-espana","resize-featured-image"],"_links":{"self":[{"href":"https:\/\/xn--tuvozdiasporaespaola-k7b.com\/page\/2\/wp-json\/wp\/v2\/posts\/12867","targetHints":{"allow":["GET"]}}],"collection":[{"href":"https:\/\/xn--tuvozdiasporaespaola-k7b.com\/page\/2\/wp-json\/wp\/v2\/posts"}],"about":[{"href":"https:\/\/xn--tuvozdiasporaespaola-k7b.com\/page\/2\/wp-json\/wp\/v2\/types\/post"}],"author":[{"embeddable":true,"href":"https:\/\/xn--tuvozdiasporaespaola-k7b.com\/page\/2\/wp-json\/wp\/v2\/users\/222560522"}],"replies":[{"embeddable":true,"href":"https:\/\/xn--tuvozdiasporaespaola-k7b.com\/page\/2\/wp-json\/wp\/v2\/comments?post=12867"}],"version-history":[{"count":1,"href":"https:\/\/xn--tuvozdiasporaespaola-k7b.com\/page\/2\/wp-json\/wp\/v2\/posts\/12867\/revisions"}],"predecessor-version":[{"id":12869,"href":"https:\/\/xn--tuvozdiasporaespaola-k7b.com\/page\/2\/wp-json\/wp\/v2\/posts\/12867\/revisions\/12869"}],"wp:featuredmedia":[{"embeddable":true,"href":"https:\/\/xn--tuvozdiasporaespaola-k7b.com\/page\/2\/wp-json\/wp\/v2\/media\/12868"}],"wp:attachment":[{"href":"https:\/\/xn--tuvozdiasporaespaola-k7b.com\/page\/2\/wp-json\/wp\/v2\/media?parent=12867"}],"wp:term":[{"taxonomy":"category","embeddable":true,"href":"https:\/\/xn--tuvozdiasporaespaola-k7b.com\/page\/2\/wp-json\/wp\/v2\/categories?post=12867"},{"taxonomy":"post_tag","embeddable":true,"href":"https:\/\/xn--tuvozdiasporaespaola-k7b.com\/page\/2\/wp-json\/wp\/v2\/tags?post=12867"}],"curies":[{"name":"wp","href":"https:\/\/api.w.org\/{rel}","templated":true}]}}