{"id":12861,"date":"2026-03-12T20:06:37","date_gmt":"2026-03-12T23:06:37","guid":{"rendered":"https:\/\/xn--tuvozdiasporaespaola-k7b.com\/page\/2\/?p=12861"},"modified":"2026-03-12T20:06:38","modified_gmt":"2026-03-12T23:06:38","slug":"es-fundamental-seguir-con-el-bloqueo-de-ormuzmojtaba-jamenei-lider-supremo-de-iran-a-la-nacion","status":"publish","type":"post","link":"https:\/\/xn--tuvozdiasporaespaola-k7b.com\/page\/2\/es-fundamental-seguir-con-el-bloqueo-de-ormuzmojtaba-jamenei-lider-supremo-de-iran-a-la-nacion\/","title":{"rendered":"\u00abEs fundamental seguir con el bloqueo de Ormuz\u00bbMojtab\u00e1 Jamene\u00ed l\u00edder supremo de Ir\u00e1n a la naci\u00f3n."},"content":{"rendered":"\n<p>El nuevo l\u00edder supremo de Ir\u00e1n, Mojtab\u00e1 Jamene\u00ed, segundo hijo del ayatol\u00e1 Al\u00ed Jamene\u00ed, asesinado el primer d\u00eda de los masivos bombardeos de Washington y Tel Aviv contra Teher\u00e1n, dirigi\u00f3 este jueves un mensaje a la naci\u00f3n persa que fue le\u00eddo por televisi\u00f3n en medio del conflicto armado que se ha ampliado por todo Oriente Medio.<\/p>\n\n\n\n<p>\u00abEs fundamental seguir utilizando la medida de bloquear el estrecho de Ormuz. Se ha estudiado abrir otros frentes donde el enemigo tiene poca experiencia y ser\u00e1 extremadamente vulnerable, y su activaci\u00f3n se llevar\u00e1 a cabo si la situaci\u00f3n de guerra persiste y en funci\u00f3n de los intereses\u00bb, reza el mensaje del l\u00edder<\/p>\n\n\n\n<p>Adem\u00e1s, se dirigi\u00f3 a sus ciudadanos. \u00abNo debe permitirse ning\u00fan da\u00f1o a la unidad entre los individuos y los distintos sectores del pueblo, que normalmente se hace especialmente visible en tiempos de dificultad. <\/p>\n\n\n\n<p>Esto se lograr\u00e1 dejando de lado los puntos de desacuerdo\u00bb, afirm\u00f3. \u00abNo dejen de ayudarse unos a otros\u00bb, agreg\u00f3.\u00bbLa tercera parte de mis palabras es un sincero agradecimiento a nuestros valientes combatientes, que en circunstancias en las que nuestra naci\u00f3n y nuestra querida patria ha sido objeto de una agresi\u00f3n injusta por parte de las cabezas del frente de la arrogancia, han bloqueado el avance del enemigo con sus golpes contundentes y les han hecho abandonar la ilusi\u00f3n de poder dominar nuestra querida patria e incluso dividirla\u00bb, declar\u00f3 el l\u00edder supremo.<\/p>\n\n\n\n<p>En su discurso, el ayatol\u00e1 tambi\u00e9n mencion\u00f3 a su padre difunto. \u00abTuve el honor de ver su cuerpo despu\u00e9s de su martirio; lo que vi fue una monta\u00f1a de firmeza, y o\u00ed que su mano sana permanec\u00eda cerrada en pu\u00f1o\u00bb, dijo.<\/p>\n\n\n\n<p>Asimismo, advirti\u00f3 que Teher\u00e1n exigir\u00e1 reparaciones a sus enemigos por los da\u00f1os sufridos. Indic\u00f3 que, si se niegan a pagar, Ir\u00e1n proceder\u00e1 a incautar bienes en la medida que considere adecuada y, si no fuera posible, destruir\u00e1 activos de ese mismo valor.<\/p>\n\n\n\n<p>Dirigi\u00e9ndose a los l\u00edderes de algunos pa\u00edses de la regi\u00f3n, Jamene\u00ed record\u00f3 que Ir\u00e1n comparte frontera terrestre o mar\u00edtima con 15 pa\u00edses vecinos y afirm\u00f3 que siempre ha deseado mantener relaciones \u00abc\u00e1lidas y constructivas\u00bb con todos ellos. Sin embargo, acus\u00f3 a sus enemigos de haber establecido bases militares y financieras en parte de esos pa\u00edses desde hace a\u00f1os para asegurar su dominio sobre la regi\u00f3n.<\/p>\n\n\n\n<p>\u00abEn el reciente ataque se utilizaron algunas bases militares y, naturalmente, tal y como hab\u00edamos advertido expl\u00edcitamente, solo hemos atacado esas bases sin agredir a esos pa\u00edses\u00bb, declar\u00f3 Jamene\u00ed y a\u00f1adi\u00f3 que, a partir de ahora, Ir\u00e1n \u00abse ver\u00e1 obligado\u00bb a continuar con este tipo de acciones.\u00bbNo renunciaremos a vengar a los m\u00e1rtires\u00bb.<\/p>\n\n\n\n<figure class=\"wp-block-image size-large\"><img fetchpriority=\"high\" decoding=\"async\" width=\"1024\" height=\"558\" src=\"https:\/\/xn--tuvozdiasporaespaola-k7b.com\/wp-content\/uploads\/2026\/03\/1000767951-1024x558.jpg\" alt=\"\" class=\"wp-image-12864\" srcset=\"https:\/\/xn--tuvozdiasporaespaola-k7b.com\/wp-content\/uploads\/2026\/03\/1000767951-1024x558.jpg 1024w, https:\/\/xn--tuvozdiasporaespaola-k7b.com\/wp-content\/uploads\/2026\/03\/1000767951-300x164.jpg 300w, https:\/\/xn--tuvozdiasporaespaola-k7b.com\/wp-content\/uploads\/2026\/03\/1000767951-768x419.jpg 768w, https:\/\/xn--tuvozdiasporaespaola-k7b.com\/wp-content\/uploads\/2026\/03\/1000767951-1536x837.jpg 1536w, https:\/\/xn--tuvozdiasporaespaola-k7b.com\/wp-content\/uploads\/2026\/03\/1000767951-2048x1117.jpg 2048w\" sizes=\"(max-width: 1024px) 100vw, 1024px\" \/><\/figure>\n\n\n\n<p>El l\u00edder iran\u00ed recomend\u00f3 cerrar esas bases \u00abcuanto antes\u00bb y afirm\u00f3 que deber\u00edan haber comprendido que las promesas de Estados Unidos sobre el establecimiento de seguridad y paz \u00abno eran m\u00e1s que una mentira\u00bb. \u00abEstos pa\u00edses deben dejar clara su posici\u00f3n respecto a los agresores de nuestra querida patria y los asesinos de nuestro pueblo\u00bb, asever\u00f3.<\/p>\n\n\n\n<p>\u00abNo renunciaremos a vengar la sangre de los m\u00e1rtires\u00bb, continu\u00f3 Mojtab\u00e1 Jamene\u00ed. \u00abUna parte limitada de esta venganza ya ha tomado forma concreta hasta ahora, pero mientras no se alcance su grado completo, este expediente seguir\u00e1 estando por encima de los dem\u00e1s, y mostraremos una sensibilidad a\u00fan mayor en particular con respecto a la sangre de nuestros ni\u00f1os y menores\u00bb.<\/p>\n\n\n\n<p>En este sentido, record\u00f3 el mort\u00edfero ataque estadounidense contra una escuela primaria \u2014que caus\u00f3 la muerte de 175 personas, en su mayor\u00eda ni\u00f1as\u2014 y otros casos similares.Conforme a la Constituci\u00f3n iran\u00ed, la Asamblea de Expertos, compuesta por 88 ulemas (juristas isl\u00e1micos), que son elegidos cada ocho a\u00f1os por voto popular, ha nombrado al sucesor del l\u00edder supremo asesinado. <\/p>\n\n\n\n<p>As\u00ed, Mojatab\u00e1 Jamene\u00ed, de 56 a\u00f1os, tendr\u00e1 la \u00faltima palabra en todos los asuntos de Estado y desempe\u00f1ar\u00e1 la funci\u00f3n de comandante en jefe de las Fuerzas Armadas y del Cuerpo de la Guardia Revolucionaria, al que su padre otorg\u00f3 m\u00e1s poder durante sus casi 37 a\u00f1os de mandato.<\/p>\n\n\n\n<p>Fuentes y articulo  RT  <\/p>\n","protected":false},"excerpt":{"rendered":"<p>El nuevo l\u00edder supremo de Ir\u00e1n, Mojtab\u00e1 Jamene\u00ed, segundo hijo del ayatol\u00e1 Al\u00ed Jamene\u00ed, asesinado el primer d\u00eda de los masivos bombardeos de Washington &#8230; <\/p>\n<p class=\"read-more-container\"><a title=\"\u00abEs fundamental seguir con el bloqueo de Ormuz\u00bbMojtab\u00e1 Jamene\u00ed l\u00edder supremo de Ir\u00e1n a la naci\u00f3n.\" class=\"read-more button\" href=\"https:\/\/xn--tuvozdiasporaespaola-k7b.com\/page\/2\/es-fundamental-seguir-con-el-bloqueo-de-ormuzmojtaba-jamenei-lider-supremo-de-iran-a-la-nacion\/#more-12861\" aria-label=\"M\u00e1s en \u00abEs fundamental seguir con el bloqueo de Ormuz\u00bbMojtab\u00e1 Jamene\u00ed l\u00edder supremo de Ir\u00e1n a la naci\u00f3n.\">Leer m\u00e1s<\/a><\/p>\n","protected":false},"author":222560522,"featured_media":12865,"comment_status":"closed","ping_status":"open","sticky":false,"template":"","format":"standard","meta":{"footnotes":""},"categories":[121900,121903],"tags":[],"class_list":["post-12861","post","type-post","status-publish","format-standard","has-post-thumbnail","hentry","category-eeuu","category-iran","resize-featured-image"],"_links":{"self":[{"href":"https:\/\/xn--tuvozdiasporaespaola-k7b.com\/page\/2\/wp-json\/wp\/v2\/posts\/12861","targetHints":{"allow":["GET"]}}],"collection":[{"href":"https:\/\/xn--tuvozdiasporaespaola-k7b.com\/page\/2\/wp-json\/wp\/v2\/posts"}],"about":[{"href":"https:\/\/xn--tuvozdiasporaespaola-k7b.com\/page\/2\/wp-json\/wp\/v2\/types\/post"}],"author":[{"embeddable":true,"href":"https:\/\/xn--tuvozdiasporaespaola-k7b.com\/page\/2\/wp-json\/wp\/v2\/users\/222560522"}],"replies":[{"embeddable":true,"href":"https:\/\/xn--tuvozdiasporaespaola-k7b.com\/page\/2\/wp-json\/wp\/v2\/comments?post=12861"}],"version-history":[{"count":3,"href":"https:\/\/xn--tuvozdiasporaespaola-k7b.com\/page\/2\/wp-json\/wp\/v2\/posts\/12861\/revisions"}],"predecessor-version":[{"id":12866,"href":"https:\/\/xn--tuvozdiasporaespaola-k7b.com\/page\/2\/wp-json\/wp\/v2\/posts\/12861\/revisions\/12866"}],"wp:featuredmedia":[{"embeddable":true,"href":"https:\/\/xn--tuvozdiasporaespaola-k7b.com\/page\/2\/wp-json\/wp\/v2\/media\/12865"}],"wp:attachment":[{"href":"https:\/\/xn--tuvozdiasporaespaola-k7b.com\/page\/2\/wp-json\/wp\/v2\/media?parent=12861"}],"wp:term":[{"taxonomy":"category","embeddable":true,"href":"https:\/\/xn--tuvozdiasporaespaola-k7b.com\/page\/2\/wp-json\/wp\/v2\/categories?post=12861"},{"taxonomy":"post_tag","embeddable":true,"href":"https:\/\/xn--tuvozdiasporaespaola-k7b.com\/page\/2\/wp-json\/wp\/v2\/tags?post=12861"}],"curies":[{"name":"wp","href":"https:\/\/api.w.org\/{rel}","templated":true}]}}