{"id":12848,"date":"2026-03-12T02:03:36","date_gmt":"2026-03-12T05:03:36","guid":{"rendered":"https:\/\/xn--tuvozdiasporaespaola-k7b.com\/page\/2\/?p=12848"},"modified":"2026-03-12T02:03:36","modified_gmt":"2026-03-12T05:03:36","slug":"el-frente-de-artistas-antifascistas-y-antiimperialistas-comienza-andadura-en-mexico","status":"publish","type":"post","link":"https:\/\/xn--tuvozdiasporaespaola-k7b.com\/page\/2\/el-frente-de-artistas-antifascistas-y-antiimperialistas-comienza-andadura-en-mexico\/","title":{"rendered":"El Frente de Artistas Antifascistas y Antiimperialistas comienza andadura en M\u00c9XICO."},"content":{"rendered":"\n<p>Isabel Segovia redaccion Ciudad de M\u00e9xico, <\/p>\n\n\n\n<p>Hoy se conform\u00f3 el Frente de Artistas Antifascistas y Antiimperialistas \u00abEl Arte de Luchar con el Arte Siempre\u00bb (ALAS). La presentaci\u00f3n se llev\u00f3 a cabo a las 11:00 horas, mediante una conferencia de prensa en la calle \u00c1lvaro Obreg\u00f3n n\u00famero 10, colonia Roma.<\/p>\n\n\n\n<p>Los convocantes, artistas de diferentes \u00e1mbitos y con una amplia trayectoria cultural, explicaron que este frente es una respuesta urgente a la violencia y la insuficiencia de construcci\u00f3n de procesos de paz de cara a la realidad actual. <\/p>\n\n\n\n<p>En su manifiesto, llaman a construir colectividad y alternativas fuera de la violencia y el enfrentamiento, a eliminar la exclusi\u00f3n y a revertir la oleada de destrucci\u00f3n a trav\u00e9s de la pintura, el canto, la danza y otras disciplinas art\u00edsticas, recordando que \u00abel arte se hace a mano y no pide permiso\u00bb.<\/p>\n\n\n\n<p>Destacan que el arte es una posibilidad de reflejar y transformar el mundo, m\u00e1s all\u00e1 del poder. Denuncian su mercantilizaci\u00f3n, as\u00ed como la apropiaci\u00f3n cultural como bienes de consumo. Invitan a una mirada cr\u00edtica del mercado del espect\u00e1culo y recuerdan que el arte es conciencia cr\u00edtica y una alternativa al engranaje propagand\u00edstico de los medios de comunicaci\u00f3n corporativos que diluyen las victorias sociales conquistadas d\u00e9cadas atr\u00e1s.<\/p>\n\n\n\n<p>El frente cuenta con presencia en varios estados de la Rep\u00fablica Mexicana, como Cdmx, M\u00e9rida, Veracruz, Guerrero, Sonora, Zacatecas y Michoac\u00e1n, as\u00ed como afluencia en Latinoam\u00e9rica, espec\u00edficamente en colaboraci\u00f3n con artistas de Colombia.<\/p>\n\n\n\n<p>Convocan a participar en la primera acci\u00f3n programada para el 28 de marzo, una Lunada Virtual, la cual se transmitir\u00e1 en M\u00e9xico y Colombia a trav\u00e9s de sus redes sociales, por lo que piden estar atentos de las mismas.<\/p>\n\n\n\n<figure class=\"wp-block-image size-large\"><img fetchpriority=\"high\" decoding=\"async\" width=\"1024\" height=\"646\" src=\"https:\/\/xn--tuvozdiasporaespaola-k7b.com\/wp-content\/uploads\/2026\/03\/1000766026-1024x646.jpg\" alt=\"\" class=\"wp-image-12849\" srcset=\"https:\/\/xn--tuvozdiasporaespaola-k7b.com\/wp-content\/uploads\/2026\/03\/1000766026-1024x646.jpg 1024w, https:\/\/xn--tuvozdiasporaespaola-k7b.com\/wp-content\/uploads\/2026\/03\/1000766026-300x189.jpg 300w, https:\/\/xn--tuvozdiasporaespaola-k7b.com\/wp-content\/uploads\/2026\/03\/1000766026-768x485.jpg 768w, https:\/\/xn--tuvozdiasporaespaola-k7b.com\/wp-content\/uploads\/2026\/03\/1000766026.jpg 1280w\" sizes=\"(max-width: 1024px) 100vw, 1024px\" \/><figcaption class=\"wp-element-caption\">Convocantes al Frente de Artistas Antifascistas y Antiimperialistas \u201cEl Arte de Luchar con el Arte Siempre\u201d (ALAS)<\/figcaption><\/figure>\n","protected":false},"excerpt":{"rendered":"<p>Isabel Segovia redaccion Ciudad de M\u00e9xico, Hoy se conform\u00f3 el Frente de Artistas Antifascistas y Antiimperialistas \u00abEl Arte de Luchar con el Arte Siempre\u00bb &#8230; <\/p>\n<p class=\"read-more-container\"><a title=\"El Frente de Artistas Antifascistas y Antiimperialistas comienza andadura en M\u00c9XICO.\" class=\"read-more button\" href=\"https:\/\/xn--tuvozdiasporaespaola-k7b.com\/page\/2\/el-frente-de-artistas-antifascistas-y-antiimperialistas-comienza-andadura-en-mexico\/#more-12848\" aria-label=\"M\u00e1s en El Frente de Artistas Antifascistas y Antiimperialistas comienza andadura en M\u00c9XICO.\">Leer m\u00e1s<\/a><\/p>\n","protected":false},"author":222560522,"featured_media":12850,"comment_status":"closed","ping_status":"open","sticky":false,"template":"","format":"standard","meta":{"footnotes":""},"categories":[121897],"tags":[],"class_list":["post-12848","post","type-post","status-publish","format-standard","has-post-thumbnail","hentry","category-mexico","resize-featured-image"],"_links":{"self":[{"href":"https:\/\/xn--tuvozdiasporaespaola-k7b.com\/page\/2\/wp-json\/wp\/v2\/posts\/12848","targetHints":{"allow":["GET"]}}],"collection":[{"href":"https:\/\/xn--tuvozdiasporaespaola-k7b.com\/page\/2\/wp-json\/wp\/v2\/posts"}],"about":[{"href":"https:\/\/xn--tuvozdiasporaespaola-k7b.com\/page\/2\/wp-json\/wp\/v2\/types\/post"}],"author":[{"embeddable":true,"href":"https:\/\/xn--tuvozdiasporaespaola-k7b.com\/page\/2\/wp-json\/wp\/v2\/users\/222560522"}],"replies":[{"embeddable":true,"href":"https:\/\/xn--tuvozdiasporaespaola-k7b.com\/page\/2\/wp-json\/wp\/v2\/comments?post=12848"}],"version-history":[{"count":1,"href":"https:\/\/xn--tuvozdiasporaespaola-k7b.com\/page\/2\/wp-json\/wp\/v2\/posts\/12848\/revisions"}],"predecessor-version":[{"id":12851,"href":"https:\/\/xn--tuvozdiasporaespaola-k7b.com\/page\/2\/wp-json\/wp\/v2\/posts\/12848\/revisions\/12851"}],"wp:featuredmedia":[{"embeddable":true,"href":"https:\/\/xn--tuvozdiasporaespaola-k7b.com\/page\/2\/wp-json\/wp\/v2\/media\/12850"}],"wp:attachment":[{"href":"https:\/\/xn--tuvozdiasporaespaola-k7b.com\/page\/2\/wp-json\/wp\/v2\/media?parent=12848"}],"wp:term":[{"taxonomy":"category","embeddable":true,"href":"https:\/\/xn--tuvozdiasporaespaola-k7b.com\/page\/2\/wp-json\/wp\/v2\/categories?post=12848"},{"taxonomy":"post_tag","embeddable":true,"href":"https:\/\/xn--tuvozdiasporaespaola-k7b.com\/page\/2\/wp-json\/wp\/v2\/tags?post=12848"}],"curies":[{"name":"wp","href":"https:\/\/api.w.org\/{rel}","templated":true}]}}