{"id":12844,"date":"2026-03-11T23:48:27","date_gmt":"2026-03-12T02:48:27","guid":{"rendered":"https:\/\/xn--tuvozdiasporaespaola-k7b.com\/page\/2\/?p=12844"},"modified":"2026-03-11T23:48:27","modified_gmt":"2026-03-12T02:48:27","slug":"como-pensar-un-nuevo-argentinazo","status":"publish","type":"post","link":"https:\/\/xn--tuvozdiasporaespaola-k7b.com\/page\/2\/como-pensar-un-nuevo-argentinazo\/","title":{"rendered":"C\u00f3mo pensar un nuevo Argentinazo"},"content":{"rendered":"\n<p>Por Jes\u00fas Rivero. Redacci\u00f3n de Rosario, Argentina.<\/p>\n\n\n\n<p>Deseo comenzar por la etimolog\u00eda del t\u00e9rmino crisis, que proviene del griego krisis, que a su vez deriva del verbo krinein que significa \u201cseparar\u00bb, y del sustantivo Krisis que significa \u201cpunto de inflexi\u00f3n\u201d.<\/p>\n\n\n\n<p>La crisis del 2001 es una separaci\u00f3n, un punto de inflexi\u00f3n, que remite a otro punto de inflexi\u00f3n a nivel global, que es la ca\u00edda del muro de Berl\u00edn el 9 de noviembre de 1989 y el fin de las ideolog\u00edas simb\u00f3licamente y la emancipaci\u00f3n del sistema capitalista por medio de las pol\u00edticas neoliberales.<\/p>\n\n\n\n<p>En este marco hay que situar la crisis del 2001 en un contexto nacional con presiones externas y m\u00e9todos como la convertibilidad, la recesi\u00f3n y la deuda externa. Las coincidencias con el presente no son casualidad, son los mismos de siempre, ese c\u00edrculo rojo que tiene como establishment a Federico Sturzenneger y Patricia Bullrich. Considerando como base del crecimiento de la deuda el periodo de la dictadura militar y como efecto la hiperinflaci\u00f3n en el gobierno de Ra\u00fal Alfons\u00edn y las pol\u00edticas neoliberales ejecutadas durante el gobierno de Carlos Menem.<\/p>\n\n\n\n<p>A partir de 1991 la econom\u00eda Argentina estuvo regida por el m\u00e9todo de convertibilidad, que establec\u00eda una paridad fija de uno a uno entre la moneda Argentina y el d\u00f3lar, esto pudo inicialmente frenar la hiperinflaci\u00f3n pero con el correr del tiempo efectu\u00f3 una estructura econ\u00f3mica r\u00edgida y totalmente dependiente del endeudamiento externo. <\/p>\n\n\n\n<p>Hacia fines de la d\u00e9cada de los 90 la econom\u00eda comenz\u00f3 a desacelerarse y el pa\u00eds entr\u00f3 en recesi\u00f3n con una deuda creciente y un nivel de desempleo que alcanz\u00f3 cifras hist\u00f3ricas. En 2001, el desempleo lleg\u00f3 al 18,3% afectando no s\u00f3lo a los sectores m\u00e1s vulnerables, sino tocando el nervio pol\u00edtico, que es llamado la \u201cclase media\u201d.<\/p>\n\n\n\n<p>El primero de diciembre de 2001 se anunci\u00f3 una medida (el corralito) que restring\u00eda el retiro de dinero en efectivo de los bancos. El objetivo era evitar una corrida bancaria, pero la reacci\u00f3n social fue inmediata: cacerolazos en las calles, saqueos en distintos puntos del pa\u00eds y una creciente desconfianza en el sistema financiero.  <\/p>\n\n\n\n<p>La situaci\u00f3n deriv\u00f3 en una crisis pol\u00edtica. En menos de quince d\u00edas, tuvimos cinco presidentes.<\/p>\n\n\n\n<p>La Alianza que hab\u00eda llegado al gobierno en 1999 prometiendo un rumbo, materializ\u00f3 otro, pofundizando las pol\u00edticas neoliberales. Sus ministros de Econom\u00eda Jos\u00e9 Luis Machinea y Ricardo L\u00f3pez Murphy, agudizaron medidas como el aumento de impuestos y el recorte en sueldos y jubilaciones, ajustes en educaci\u00f3n y salarios en suspenso.<\/p>\n\n\n\n<p>En tanto, Domingo Cavallo, volvi\u00f3 al gabinete para intentar salvar el r\u00e9gimen de convertibilidad pero solo logr\u00f3 profundizar la situaci\u00f3n con m\u00e1s ajuste y represi\u00f3n. Una de las medidas m\u00e1s recordadas fue la reforma laboral \u201cLey Banelco\u00bb, aprobada por medio de sobornos y represi\u00f3n, que flexibilizaba a\u00fan m\u00e1s las condiciones laborales y cercenaba derechos hist\u00f3ricos de la clase trabajadora.<\/p>\n\n\n\n<p>Con m\u00e1s del 60% de la econom\u00eda en la informalidad, desocupaci\u00f3n masiva y salarios no pagados, los saqueos se multiplicaron en todo el pa\u00eds. El 19 de diciembre, De la R\u00faa, acorralado, decreta el Estado de sitio, dejando en suspenso el marco jur\u00eddico y materializando pol\u00edticas de un Estado de facto que dej\u00f3 un saldo de 39 muertos en todo el pa\u00eds, como efecto de la represi\u00f3n pol\u00edtica-policial. <\/p>\n\n\n\n<p>Esta represi\u00f3n no fren\u00f3 la voz del pueblo sintetizada en la consigna \u201cque se vayan todos\u201d, porque cuando la memoria se despierta hiere a los pueblos que no la dejan vivir. Un anuncio como el Estado de sitio que deja en suspenso el contrato democr\u00e1tico despert\u00f3 la memoria colectiva que se plasm\u00f3 a lo largo y ancho del pa\u00eds con cacerolazos, piquetes y saqueos. Miles de ciudadanos desbordaron la Plaza de Mayo y otras plazas enfrentando a la polic\u00eda y exigiendo la renuncia del entonces presidente Fernando de la R\u00faa. <\/p>\n\n\n\n<p>Frente a la injusticia del saqueo externo, el pueblo reclamaba justicia.<\/p>\n\n\n\n<p>El 20 de diciembre Fernando de la R\u00faa renuncia a la presidencia y se retira de Casa Rosada en helic\u00f3ptero, una imagen hist\u00f3rica.Ayer, como hoy, las pol\u00edticas neoliberales destruyen la industria nacional, precarizan el trabajo y generan una desigualdad social casi irrestituible. <\/p>\n\n\n\n<p>El establishment, como ayer, es el hoy. Federico Sturzenneger fue uno de los principales funcionario de aquel gobierno, como ahora con Milei. Ocup\u00f3 cargos en el equipo econ\u00f3mico de Cavallo y fue presidente del Banco Ciudad durante la gesti\u00f3n de Fernando de la R\u00faa, y particip\u00f3 activamente en la implementaci\u00f3n de las pol\u00edticas neoliberales y en la defensa del sistema financiero durante el \u201ccorralito\u201d. <\/p>\n\n\n\n<p>Junto a Patricia Bullrich \u2013que en aquel gobierno fue ministra de Trabajo- el grupo que sostuvo y sostiene el modelo de saqueo y endeudamiento que llevo a su mismo modelo (neoliberal) al colapso (crisis).<\/p>\n\n\n\n<p>Tambi\u00e9n, hoy, como ayer, quien paga el saqueo de nuestra patria, es el pueblo trabajador. Quien por entonces cansado e impotente frente a las injusticias y urgido por necesidades b\u00e1sicas decidi\u00f3 salir a las calles al grito \u201cque se vayan todos\u00bb. El Argentinazo fue una iniciativa popular que se fue gestando en las periferias de las urbes, al calor de las asambleas y barricadas barriales que alojaban a los ex obreros que hab\u00edan sido despedidos de sus trabajos, en el fulgor de los piquetes en las rutas de todo el pa\u00eds que deseaban hacer justicia. Calor de las periferias que prendi\u00f3 la conciencia de un sector que reacciono con el corralito, un pueblo unido que emergi\u00f3 para no ser vencido.<\/p>\n\n\n\n<p>En el presente \u00bfqu\u00e9 queda de eso? Esto me interesa. Como dije al principio: es necesario poner en contexto la producci\u00f3n de subjetividad, comenzar por lo molar para ir a lo particular. Porque no se puede pensar un sujeto-sujetado aislado. Hoy, vivimos en una sociedad fragmentada, en donde el otro es un enemigo. <\/p>\n\n\n\n<p>El mayor \u00e9xito del capitalismo.<\/p>\n\n\n\n<p>Entonces \u00bfc\u00f3mo pensar otro Argentinazo?Pensarlo desde lo individual es dif\u00edcil, materializarlo a\u00fan, m\u00e1s. En un contexto atravesado por la globalizaci\u00f3n y la revoluci\u00f3n tecnol\u00f3gica, que convive con estados de suma precariedad y fragmentaci\u00f3n del lazo social, es necesario y deseante volver a repensar una alternativa que tenga a los dispositivos tecnol\u00f3gicos (celular) como una herramienta pol\u00edtica, porque hoy esto se ha metido hasta los huesos, es una falange m\u00e1s. <\/p>\n\n\n\n<p>Es decir, desde la pandemia estos dispositivos tecnol\u00f3gicos se han introducido en determinado contexto como una manera de vincularnos, el tema es que se volvi\u00f3 un obst\u00e1culo. Ya nadie desea reunirse, hacer asambleas al calor del fuego, mirarse a los ojos, ya nadie registra al otro. <\/p>\n\n\n\n<p>Todo es factoide, todo es pantalla, una luz que hace signo, sin un significante que corte y haga l\u00edmite. Este es un trabajo para quienes deseamos seguir apostando al calor de las asambleas, a lo colectivo, al registro del otro. Esta alternativa, de seguir apostando a lo colectivo, es un trabajo que venimos realizando desde nuestro espacio hace tiempo. <\/p>\n\n\n\n<p>No renunciar, no ceder, a que otro argentinazo es posible. Utilizando todos los medios, pero teniendo en cuenta esta producci\u00f3n subjetiva de un sujeto-sujetado a un objeto y no al otro. Entonces desde nuestros espacios comunitarios en las periferias de Rosario, desde una mirada molar, intentamos intervenir en lo particular, un mero rizoma, que entre todos podemos llegar a materializar.<\/p>\n\n\n\n<figure class=\"wp-block-image size-large\"><img fetchpriority=\"high\" decoding=\"async\" width=\"1024\" height=\"572\" src=\"https:\/\/xn--tuvozdiasporaespaola-k7b.com\/wp-content\/uploads\/2026\/03\/Screenshot_20251027_190220_WhatsApp-1024x572.jpg\" alt=\"\" class=\"wp-image-12845\" srcset=\"https:\/\/xn--tuvozdiasporaespaola-k7b.com\/wp-content\/uploads\/2026\/03\/Screenshot_20251027_190220_WhatsApp-1024x572.jpg 1024w, https:\/\/xn--tuvozdiasporaespaola-k7b.com\/wp-content\/uploads\/2026\/03\/Screenshot_20251027_190220_WhatsApp-300x168.jpg 300w, https:\/\/xn--tuvozdiasporaespaola-k7b.com\/wp-content\/uploads\/2026\/03\/Screenshot_20251027_190220_WhatsApp-768x429.jpg 768w, https:\/\/xn--tuvozdiasporaespaola-k7b.com\/wp-content\/uploads\/2026\/03\/Screenshot_20251027_190220_WhatsApp.jpg 1080w\" sizes=\"(max-width: 1024px) 100vw, 1024px\" \/><figcaption class=\"wp-element-caption\"> Jes\u00fas Rivero<\/figcaption><\/figure>\n","protected":false},"excerpt":{"rendered":"<p>Por Jes\u00fas Rivero. Redacci\u00f3n de Rosario, Argentina. Deseo comenzar por la etimolog\u00eda del t\u00e9rmino crisis, que proviene del griego krisis, que a su vez &#8230; <\/p>\n<p class=\"read-more-container\"><a title=\"C\u00f3mo pensar un nuevo Argentinazo\" class=\"read-more button\" href=\"https:\/\/xn--tuvozdiasporaespaola-k7b.com\/page\/2\/como-pensar-un-nuevo-argentinazo\/#more-12844\" aria-label=\"M\u00e1s en C\u00f3mo pensar un nuevo Argentinazo\">Leer m\u00e1s<\/a><\/p>\n","protected":false},"author":222560522,"featured_media":12846,"comment_status":"closed","ping_status":"open","sticky":false,"template":"","format":"standard","meta":{"footnotes":""},"categories":[121890],"tags":[],"class_list":["post-12844","post","type-post","status-publish","format-standard","has-post-thumbnail","hentry","category-argentina","resize-featured-image"],"_links":{"self":[{"href":"https:\/\/xn--tuvozdiasporaespaola-k7b.com\/page\/2\/wp-json\/wp\/v2\/posts\/12844","targetHints":{"allow":["GET"]}}],"collection":[{"href":"https:\/\/xn--tuvozdiasporaespaola-k7b.com\/page\/2\/wp-json\/wp\/v2\/posts"}],"about":[{"href":"https:\/\/xn--tuvozdiasporaespaola-k7b.com\/page\/2\/wp-json\/wp\/v2\/types\/post"}],"author":[{"embeddable":true,"href":"https:\/\/xn--tuvozdiasporaespaola-k7b.com\/page\/2\/wp-json\/wp\/v2\/users\/222560522"}],"replies":[{"embeddable":true,"href":"https:\/\/xn--tuvozdiasporaespaola-k7b.com\/page\/2\/wp-json\/wp\/v2\/comments?post=12844"}],"version-history":[{"count":1,"href":"https:\/\/xn--tuvozdiasporaespaola-k7b.com\/page\/2\/wp-json\/wp\/v2\/posts\/12844\/revisions"}],"predecessor-version":[{"id":12847,"href":"https:\/\/xn--tuvozdiasporaespaola-k7b.com\/page\/2\/wp-json\/wp\/v2\/posts\/12844\/revisions\/12847"}],"wp:featuredmedia":[{"embeddable":true,"href":"https:\/\/xn--tuvozdiasporaespaola-k7b.com\/page\/2\/wp-json\/wp\/v2\/media\/12846"}],"wp:attachment":[{"href":"https:\/\/xn--tuvozdiasporaespaola-k7b.com\/page\/2\/wp-json\/wp\/v2\/media?parent=12844"}],"wp:term":[{"taxonomy":"category","embeddable":true,"href":"https:\/\/xn--tuvozdiasporaespaola-k7b.com\/page\/2\/wp-json\/wp\/v2\/categories?post=12844"},{"taxonomy":"post_tag","embeddable":true,"href":"https:\/\/xn--tuvozdiasporaespaola-k7b.com\/page\/2\/wp-json\/wp\/v2\/tags?post=12844"}],"curies":[{"name":"wp","href":"https:\/\/api.w.org\/{rel}","templated":true}]}}