{"id":12837,"date":"2026-03-11T16:32:27","date_gmt":"2026-03-11T19:32:27","guid":{"rendered":"https:\/\/xn--tuvozdiasporaespaola-k7b.com\/page\/2\/?p=12837"},"modified":"2026-03-11T16:32:27","modified_gmt":"2026-03-11T19:32:27","slug":"por-mas-derechos-ofrece-un-espacio-de-contencion-porque-sabemos-que-no-es-facil-emigrar","status":"publish","type":"post","link":"https:\/\/xn--tuvozdiasporaespaola-k7b.com\/page\/2\/por-mas-derechos-ofrece-un-espacio-de-contencion-porque-sabemos-que-no-es-facil-emigrar\/","title":{"rendered":"\u201cPor M\u00e1s Derechos ofrece un espacio de contenci\u00f3n, porque sabemos que no es f\u00e1cil emigrar\u201d"},"content":{"rendered":"\n<p>Por Walter C. Medina<\/p>\n\n\n\n<p>ENTREVISTA A ADRIANA FONSECA.<\/p>\n\n\n\n<p>Desde Tucum\u00e1n, la portavoz de la Plataforma Por M\u00e1s Derechos (CREs), consulado de C\u00f3rdoba, Adriana Fonseca, dialog\u00f3 con Francisco L\u00f3pez respecto a las venideras elecciones de los Centros de Residentes de Espa\u00f1oles en el Exterior que se realizar\u00e1n en el mes de mayo. Respecto de las propuestas de su programa, Fonseca sostuvo que \u201cBuscamos que la mayor\u00eda o todas las voces en general se sientan identificadas; que sientan que nosotros, desde Por M\u00e1s Derechos, podemos brindarles un espacio de contenci\u00f3n, porque no es f\u00e1cil emigrar; los que emigramos sabemos que no es f\u00e1cil emigrar, y me parece fundamental que en estos tiempos que corren seamos capaces de brindar herramientas que ayuden al sost\u00e9n econ\u00f3mico, social y de salud de los ciudadanos espa\u00f1oles\u201d<\/p>\n\n\n\n<p>\u00bfQu\u00e9 son los CREs y por qu\u00e9 son tan importantes para la di\u00e1spora espa\u00f1ola?<\/p>\n\n\n\n<p>Los CREs son un \u00f3rgano consultivo que permite ser un puente entre los consulados y las inquietudes de la di\u00e1spora. B\u00e1sicamente ofrece propuestas a los consulados para mejorar las condiciones de los espa\u00f1oles que residen en el exterior. Es importante por la cantidad de espa\u00f1oles que hay en el exterior; en Argentina son casi un mill\u00f3n seiscientos mil, que en t\u00e9rminos de poblaci\u00f3n estar\u00edamos en tercer lugar despu\u00e9s de Madrid y de Barcelona; o sea que es una cantidad de votantes interesante. Lo llamativo y lo interesante de esto es que este CRE se elige solamente por el voto de los espa\u00f1oles en el exterior, y es por eso que nos interesa que toda la di\u00e1spora que est\u00e1 en Argentina pueda participar con su voto en las pr\u00f3ximas elecciones en mayo. <\/p>\n\n\n\n<figure class=\"wp-block-image size-large\"><img fetchpriority=\"high\" decoding=\"async\" width=\"1024\" height=\"708\" src=\"https:\/\/xn--tuvozdiasporaespaola-k7b.com\/wp-content\/uploads\/2026\/03\/1000765608-1024x708.jpg\" alt=\"\" class=\"wp-image-12839\" srcset=\"https:\/\/xn--tuvozdiasporaespaola-k7b.com\/wp-content\/uploads\/2026\/03\/1000765608-1024x708.jpg 1024w, https:\/\/xn--tuvozdiasporaespaola-k7b.com\/wp-content\/uploads\/2026\/03\/1000765608-300x207.jpg 300w, https:\/\/xn--tuvozdiasporaespaola-k7b.com\/wp-content\/uploads\/2026\/03\/1000765608-768x531.jpg 768w, https:\/\/xn--tuvozdiasporaespaola-k7b.com\/wp-content\/uploads\/2026\/03\/1000765608.jpg 1057w\" sizes=\"(max-width: 1024px) 100vw, 1024px\" \/><\/figure>\n\n\n\n<p>En el Consulado de C\u00f3rdoba present\u00e1is una candidatura, Por M\u00e1s Derechos, igual que en otros consulados en Argentina, \u00bfPor qu\u00e9 esta candidatura?<\/p>\n\n\n\n<p>Porque estamos convencidos de que es necesario la representatividad de los intereses de la di\u00e1spora. Nosotros queremos escuchar las inquietudes, mejorar las condiciones de vida de los espa\u00f1oles que est\u00e1n viviendo en Argentina y en el exterior en general. Al ser un \u00f3rgano consultivo nos interesa poder elevar todas estas inquietudes.<\/p>\n\n\n\n<p>\u00bfQu\u00e9 propuestas llev\u00e1is en vuestro programa?<\/p>\n\n\n\n<p>Nosotros tenemos varias propuestas. El CRE est\u00e1 en varias \u00e1reas Queremos proponer la mejora de los sistemas de votaci\u00f3n, hacerlos m\u00e1s \u00e1giles, facilitar el ejercicio de este derecho; tambi\u00e9n queremos el acceso a la Memoria Democr\u00e1tica, que no tenga fecha de caducidad, que no tenga plazos, que sea indefinido. <\/p>\n\n\n\n<p>En cuanto a los j\u00f3venes, queremos la promoci\u00f3n de intercambios estudiantiles; llegar a acuerdos entre universidades espa\u00f1olas y universidades argentinas y facilitar la homologaci\u00f3n de t\u00edtulos en Espa\u00f1a. Tenemos tambi\u00e9n programas para mayores; buscamos que existan centros de d\u00eda que puedan recibir y contener a esta poblaci\u00f3n; tambi\u00e9n que exista un programa de aportes a la seguridad social de manera voluntaria, para que el d\u00eda de ma\u00f1ana puedan cobrar sus jubilaciones a trav\u00e9s de este sistema de jubilaciones y de seguridad social espa\u00f1ol.<\/p>\n\n\n\n<figure class=\"wp-block-image size-large\"><img decoding=\"async\" width=\"1024\" height=\"682\" src=\"https:\/\/xn--tuvozdiasporaespaola-k7b.com\/wp-content\/uploads\/2026\/03\/1000765618-1024x682.jpg\" alt=\"\" class=\"wp-image-12840\" srcset=\"https:\/\/xn--tuvozdiasporaespaola-k7b.com\/wp-content\/uploads\/2026\/03\/1000765618-1024x682.jpg 1024w, https:\/\/xn--tuvozdiasporaespaola-k7b.com\/wp-content\/uploads\/2026\/03\/1000765618-300x200.jpg 300w, https:\/\/xn--tuvozdiasporaespaola-k7b.com\/wp-content\/uploads\/2026\/03\/1000765618-768x512.jpg 768w, https:\/\/xn--tuvozdiasporaespaola-k7b.com\/wp-content\/uploads\/2026\/03\/1000765618.jpg 1052w\" sizes=\"(max-width: 1024px) 100vw, 1024px\" \/><\/figure>\n\n\n\n<p> Tambi\u00e9n buscamos un programa de retorno; que sean capaces de brindar condiciones b\u00e1sicas, dignas, para aquellos espa\u00f1oles que decidan regresar a Espa\u00f1a. Y cuando hablamos de condiciones b\u00e1sicas y dignas estamos hablando de que tengan vivienda, trabajo o alg\u00fan tipo de ayuda que les permita regresar con mayor seguridad y tranquilidad. Tambi\u00e9n buscamos que la comunidad espa\u00f1ola en Argentina se sienta contenida, y que los j\u00f3venes vengan a trabajar; y para eso queremos llegar a acuerdos para poder tener bolsas de trabajo para los j\u00f3venes que decidan venir al pa\u00eds. <\/p>\n\n\n\n<p>\u00bfPor qui\u00e9n est\u00e1 formada esta candidatura, y de qu\u00e9 provincias? Tuvimos una reuni\u00f3n el pasado s\u00e1bado ac\u00e1 en Tucum\u00e1n. Nosotros tenemos en C\u00f3rdoba la demarcaci\u00f3n consular, que son las provincias de Jujuy, Salta, Santiago del Estero, Catamarca, Tucum\u00e1n y C\u00f3rdoba, pero tambi\u00e9n estamos trabajando con otras propuestas que est\u00e1n en Rosario y en Buenos Aires. <\/p>\n\n\n\n<p>Nosotros somos un grupo de espa\u00f1oles; tambi\u00e9n hay asociaciones espa\u00f1olas, pero siempre estamos con el inter\u00e9s de poder trabajar para el com\u00fan de los espa\u00f1oles que viven en Argentina; y estamos buscando que sea de una manera integrada, de una manera respetuosa, de poder escuchar todas las voces, de integrar todas las inquietudes y poder canalizarlas a trav\u00e9s del CRE. <\/p>\n\n\n\n<figure class=\"wp-block-image size-large\"><img decoding=\"async\" width=\"1024\" height=\"701\" src=\"https:\/\/xn--tuvozdiasporaespaola-k7b.com\/wp-content\/uploads\/2026\/03\/1000765610-1024x701.jpg\" alt=\"\" class=\"wp-image-12841\" srcset=\"https:\/\/xn--tuvozdiasporaespaola-k7b.com\/wp-content\/uploads\/2026\/03\/1000765610-1024x701.jpg 1024w, https:\/\/xn--tuvozdiasporaespaola-k7b.com\/wp-content\/uploads\/2026\/03\/1000765610-300x205.jpg 300w, https:\/\/xn--tuvozdiasporaespaola-k7b.com\/wp-content\/uploads\/2026\/03\/1000765610-768x525.jpg 768w, https:\/\/xn--tuvozdiasporaespaola-k7b.com\/wp-content\/uploads\/2026\/03\/1000765610-1536x1051.jpg 1536w, https:\/\/xn--tuvozdiasporaespaola-k7b.com\/wp-content\/uploads\/2026\/03\/1000765610-2048x1401.jpg 2048w\" sizes=\"(max-width: 1024px) 100vw, 1024px\" \/><\/figure>\n\n\n\n<p>Dices que sois independientes pero no indiferentes, exactamente. \u00bfDe eso se trata?. <\/p>\n\n\n\n<p>Buscamos que la mayor\u00eda o todas las voces en general se sientan identificadas; a que sientan que nosotros, desde Por M\u00e1s Derechos, podemos brindarles un espacio de contenci\u00f3n, porque no es f\u00e1cil emigrar; los que emigramos sabemos que no es f\u00e1cil emigrar, y me parece fundamental que en estos tiempos que corren seamos capaces de brindar herramientas que ayuden al sost\u00e9n econ\u00f3mico, social y de salud de los ciudadanos espa\u00f1oles. <\/p>\n\n\n\n<p>MIR\u00c1 LA ENTREVISTA COMPLETA EN EL SIGUIENTE ENLACE:<\/p>\n\n\n\n<figure class=\"wp-block-embed is-type-video is-provider-youtube wp-block-embed-youtube wp-embed-aspect-16-9 wp-has-aspect-ratio\"><div class=\"wp-block-embed__wrapper\">\n<iframe title=\"Adriana Fonseca,  Portavoz , lista Consejo Residentes #Espa\u00f1oles #consulado de #Cordoba #argentina \" width=\"1110\" height=\"624\" src=\"https:\/\/www.youtube.com\/embed\/5HbVdgR61zk?feature=oembed\" frameborder=\"0\" allow=\"accelerometer; autoplay; clipboard-write; encrypted-media; gyroscope; picture-in-picture; web-share\" referrerpolicy=\"strict-origin-when-cross-origin\" allowfullscreen><\/iframe>\n<\/div><\/figure>\n\n\n\n<p><\/p>\n","protected":false},"excerpt":{"rendered":"<p>Por Walter C. Medina ENTREVISTA A ADRIANA FONSECA. Desde Tucum\u00e1n, la portavoz de la Plataforma Por M\u00e1s Derechos (CREs), consulado de C\u00f3rdoba, Adriana Fonseca, &#8230; <\/p>\n<p class=\"read-more-container\"><a title=\"\u201cPor M\u00e1s Derechos ofrece un espacio de contenci\u00f3n, porque sabemos que no es f\u00e1cil emigrar\u201d\" class=\"read-more button\" href=\"https:\/\/xn--tuvozdiasporaespaola-k7b.com\/page\/2\/por-mas-derechos-ofrece-un-espacio-de-contencion-porque-sabemos-que-no-es-facil-emigrar\/#more-12837\" aria-label=\"M\u00e1s en \u201cPor M\u00e1s Derechos ofrece un espacio de contenci\u00f3n, porque sabemos que no es f\u00e1cil emigrar\u201d\">Leer m\u00e1s<\/a><\/p>\n","protected":false},"author":222560522,"featured_media":12842,"comment_status":"closed","ping_status":"open","sticky":false,"template":"","format":"standard","meta":{"footnotes":""},"categories":[121854],"tags":[],"class_list":["post-12837","post","type-post","status-publish","format-standard","has-post-thumbnail","hentry","category-consejo-de-residentes-espanoles","resize-featured-image"],"_links":{"self":[{"href":"https:\/\/xn--tuvozdiasporaespaola-k7b.com\/page\/2\/wp-json\/wp\/v2\/posts\/12837","targetHints":{"allow":["GET"]}}],"collection":[{"href":"https:\/\/xn--tuvozdiasporaespaola-k7b.com\/page\/2\/wp-json\/wp\/v2\/posts"}],"about":[{"href":"https:\/\/xn--tuvozdiasporaespaola-k7b.com\/page\/2\/wp-json\/wp\/v2\/types\/post"}],"author":[{"embeddable":true,"href":"https:\/\/xn--tuvozdiasporaespaola-k7b.com\/page\/2\/wp-json\/wp\/v2\/users\/222560522"}],"replies":[{"embeddable":true,"href":"https:\/\/xn--tuvozdiasporaespaola-k7b.com\/page\/2\/wp-json\/wp\/v2\/comments?post=12837"}],"version-history":[{"count":2,"href":"https:\/\/xn--tuvozdiasporaespaola-k7b.com\/page\/2\/wp-json\/wp\/v2\/posts\/12837\/revisions"}],"predecessor-version":[{"id":12843,"href":"https:\/\/xn--tuvozdiasporaespaola-k7b.com\/page\/2\/wp-json\/wp\/v2\/posts\/12837\/revisions\/12843"}],"wp:featuredmedia":[{"embeddable":true,"href":"https:\/\/xn--tuvozdiasporaespaola-k7b.com\/page\/2\/wp-json\/wp\/v2\/media\/12842"}],"wp:attachment":[{"href":"https:\/\/xn--tuvozdiasporaespaola-k7b.com\/page\/2\/wp-json\/wp\/v2\/media?parent=12837"}],"wp:term":[{"taxonomy":"category","embeddable":true,"href":"https:\/\/xn--tuvozdiasporaespaola-k7b.com\/page\/2\/wp-json\/wp\/v2\/categories?post=12837"},{"taxonomy":"post_tag","embeddable":true,"href":"https:\/\/xn--tuvozdiasporaespaola-k7b.com\/page\/2\/wp-json\/wp\/v2\/tags?post=12837"}],"curies":[{"name":"wp","href":"https:\/\/api.w.org\/{rel}","templated":true}]}}