{"id":12834,"date":"2026-03-12T11:07:19","date_gmt":"2026-03-12T14:07:19","guid":{"rendered":"https:\/\/xn--tuvozdiasporaespaola-k7b.com\/page\/2\/?p=12834"},"modified":"2026-03-12T11:07:20","modified_gmt":"2026-03-12T14:07:20","slug":"estamos-frente-a-un-escenario-totalmente-nuevoen-oriente-medio","status":"publish","type":"post","link":"https:\/\/xn--tuvozdiasporaespaola-k7b.com\/page\/2\/estamos-frente-a-un-escenario-totalmente-nuevoen-oriente-medio\/","title":{"rendered":"\u201cEstamos frente a un escenario totalmente nuevo\u201den Oriente Medio."},"content":{"rendered":"\n<p>Por Walter C. Medina<\/p>\n\n\n\n<p>ENTREVISTA A DOMINIQUE SALOMON <\/p>\n\n\n\n<p>Nacida en Paris el 18 de julio de 1945, Dominique Salom\u00f3n perdi\u00f3 a su familia durante el Holocausto. Activista jud\u00eda, anti-fascista y anti-sionista, en la actualidad se dedica a dar charlas y conferencias en institutos y centros c\u00edvicos, con el objetivo de que la historia no vuelva a repetirse.<\/p>\n\n\n\n<p>En di\u00e1logo con Francisco L\u00f3pez para el programa radial \u201cCenizas de Babilonia-Di\u00e1spora Espa\u00f1ola\u201d que emite AM830 Radio del Pueblo, la activista analiz\u00f3 los motivos del conflicto armado que Israel y Estados Unidos han desatado en Oriente Medio. <\/p>\n\n\n\n<p>Seg\u00fan Salom\u00f3n, \u201ces evidente que estamos frente a una guerra que no es solo de esa regi\u00f3n, sino que se va a extender debido a una crisis econ\u00f3mica tremenda\u201d Dominique Salom\u00f3n ha sido testigo activa de las manifestaciones parisinas de Mayo del 68 en Paris, particip\u00f3 de las luchas anti-franquistas, y en la actualidad integra una asociaci\u00f3n catalana de jud\u00edos y palestinos que luchan juntos por los derechos de los palestinos y en contra de la pol\u00edtica sionista, colonialista y racista de Israel. <\/p>\n\n\n\n<p>\u00bfC\u00f3mo est\u00e1s viviendo lo que sucede en estos momentos en Oriente Medio?<\/p>\n\n\n\n<p>Todo viene de nuevo, a pesar de que hace varios d\u00edas sab\u00edamos que Estados Unidos se estaba preparando para invadir Ir\u00e1n, pero siempre tenemos esperanzas de que no pasara. Hicimos una primera concentraci\u00f3n despu\u00e9s de la invasi\u00f3n de Israel y Estados Unidos a Ir\u00e1n, y despu\u00e9s de la declaraci\u00f3n de Pedro S\u00e1nchez en la que dijo que no iba a participar de esta guerra, y que no iba a ceder las dos bases que tiene Espa\u00f1a en Andaluc\u00eda. <\/p>\n\n\n\n<p>Hemos visto la contestaci\u00f3n de Trump, que fue bastante violenta, diciendo que har\u00eda un embargo del comercio con Espa\u00f1a. Por otra parte la buena noticia es que Europa dijo que recordaba que \u00e9ramos la Uni\u00f3n Europea y que tampoco pod\u00eda decidir unilateralmente lo que iba a hacer con Espa\u00f1a. Pero hab\u00eda no demasiada gente; era la Plaza del Ayuntamiento en Barcelona, pero era la primera y se public\u00f3 la concentraci\u00f3n hace muy poco. <\/p>\n\n\n\n<p>Yo pienso que detr\u00e1s de S\u00e1nchez est\u00e1 Espa\u00f1a, la gente no est\u00e1 a favor de la guerra y adem\u00e1s S\u00e1nchez dijo \u201cNo a la Guerra\u201d y ha sido un slogan que llev\u00f3 a millones de personas a las calles. Pienso que en Espa\u00f1a y en Catalunya la gente no quiere guerra y est\u00e1 a favor de los derechos de los palestinos. Estamos frente a un escenario totalmente nuevo; frente a un nuevo mundo que se est\u00e1 creando. <\/p>\n\n\n\n<p>Por una parte Estados Unidos quiere guardar su dominio sobre el mundo en general, y est\u00e1 viendo que pa\u00edses como China, India, Brasil est\u00e1n avanzando y pueden poner en cuesti\u00f3n su dominio total; y por otra parte los pa\u00edses europeos que est\u00e1n siguiendo. Fundamentalmente la Uni\u00f3n Europea est\u00e1 por el rearme, est\u00e1 decidida a no perder sus privilegios sobre el mundo y estamos a la v\u00edspera de grandes batallas, y de batallas en todos los pa\u00edses del globo. Esto da mucho pavor, pero es evidente que es la situaci\u00f3n actual. Frente a esto Israel tiene sus propios intereses.<\/p>\n\n\n\n<p>\u00bfY cu\u00e1les son los intereses de Israel?<\/p>\n\n\n\n<p>Israel persigue el \u201cgran Israel\u201d. Netanyahu record\u00f3 que hace cuarenta a\u00f1os que quiere pelear con Ir\u00e1n que es gran parte del Medio Oriente, quiere dominar Medio Oriente. Israel representa para Estados Unidos el mejor porta-aviones, el mejor agente, el m\u00e1s seguro que tiene en esta parte del mundo, que es fundamental por su materia prima y por las rutas mar\u00edtimas. <\/p>\n\n\n\n<p>No solamente Estados Unidos quiere tener el dominio sobre estas fuentes de energ\u00edas, petr\u00f3leo, gas, sino que quiere tambi\u00e9n impedir a su enemigo estrat\u00e9gico, que es China, de poder abastecerse y utilizar estas rutas mar\u00edtimas. Lo que ha pasado en Venezuela, lo que pasa en Gaza y lo que est\u00e1 pasando ahora en Ir\u00e1n, es que Occidente no quiere perder su dominio.<\/p>\n\n\n\n<p>\u00bfQu\u00e9 poder tiene Israel en cuanto a la propia soberan\u00eda estadounidense para poder manipular a un Donald Trump que est\u00e1 siendo una marioneta al servicio del sionismo israel\u00ed?<\/p>\n\n\n\n<p>Desde su fundaci\u00f3n Israel ha sido un hecho colonial, sostenido por los pa\u00edses de Occidente, primero Europa; tuvo una bomba at\u00f3mica gracias al ej\u00e9rcito franc\u00e9s, y siempre ha tenido la idea de avanzar, y poco a poco de extenderse. El embajador de Estados Unidos en Israel hace unos d\u00edas declar\u00f3 que la Biblia daba el derecho para Israel de ocupar gran parte, sino la totalidad, de Medio Oriente. <\/p>\n\n\n\n<p>Desde muy peque\u00f1os se les ense\u00f1a a los ni\u00f1os israel\u00edes que Ir\u00e1n es un enemigo, que la vida de Israel depende de la desaparici\u00f3n del poder iran\u00ed. Con Trump en el poder, Israel ha visto que era la ocasi\u00f3n de que esto no se pod\u00eda perder. Empujado por Israel, Trump vio la ocasi\u00f3n de que era el momento de asentar su poder, y se la juega. Lo que pasa es que una vez empezado esto, sabemos c\u00f3mo empieza pero no c\u00f3mo va a acabar. Para mi es evidente que estamos frente a una guerra que no es solo de esa regi\u00f3n, sino que se va a extender por una crisis econ\u00f3mica tremenda<\/p>\n\n\n\n<p>MIR\u00c1 LA ENTRVISTA COMPLETA EN EL SIGUIENTE ENLACE<\/p>\n\n\n\n<p><\/p>\n\n\n\n<figure class=\"wp-block-embed is-type-video is-provider-youtube wp-block-embed-youtube wp-embed-aspect-16-9 wp-has-aspect-ratio\"><div class=\"wp-block-embed__wrapper\">\n<iframe title=\"#Guerra #iran e ##israel y #eeuu, movilizaciones y #resistencia gobierno #espa\u00f1a #8m #palestina \" width=\"1110\" height=\"624\" src=\"https:\/\/www.youtube.com\/embed\/TyXHPQm43eY?feature=oembed\" frameborder=\"0\" allow=\"accelerometer; autoplay; clipboard-write; encrypted-media; gyroscope; picture-in-picture; web-share\" referrerpolicy=\"strict-origin-when-cross-origin\" allowfullscreen><\/iframe>\n<\/div><\/figure>\n","protected":false},"excerpt":{"rendered":"<p>Por Walter C. Medina ENTREVISTA A DOMINIQUE SALOMON Nacida en Paris el 18 de julio de 1945, Dominique Salom\u00f3n perdi\u00f3 a su familia durante &#8230; <\/p>\n<p class=\"read-more-container\"><a title=\"\u201cEstamos frente a un escenario totalmente nuevo\u201den Oriente Medio.\" class=\"read-more button\" href=\"https:\/\/xn--tuvozdiasporaespaola-k7b.com\/page\/2\/estamos-frente-a-un-escenario-totalmente-nuevoen-oriente-medio\/#more-12834\" aria-label=\"M\u00e1s en \u201cEstamos frente a un escenario totalmente nuevo\u201den Oriente Medio.\">Leer m\u00e1s<\/a><\/p>\n","protected":false},"author":222560522,"featured_media":12852,"comment_status":"closed","ping_status":"open","sticky":false,"template":"","format":"standard","meta":{"footnotes":""},"categories":[121869],"tags":[],"class_list":["post-12834","post","type-post","status-publish","format-standard","has-post-thumbnail","hentry","category-internaciones","resize-featured-image"],"_links":{"self":[{"href":"https:\/\/xn--tuvozdiasporaespaola-k7b.com\/page\/2\/wp-json\/wp\/v2\/posts\/12834","targetHints":{"allow":["GET"]}}],"collection":[{"href":"https:\/\/xn--tuvozdiasporaespaola-k7b.com\/page\/2\/wp-json\/wp\/v2\/posts"}],"about":[{"href":"https:\/\/xn--tuvozdiasporaespaola-k7b.com\/page\/2\/wp-json\/wp\/v2\/types\/post"}],"author":[{"embeddable":true,"href":"https:\/\/xn--tuvozdiasporaespaola-k7b.com\/page\/2\/wp-json\/wp\/v2\/users\/222560522"}],"replies":[{"embeddable":true,"href":"https:\/\/xn--tuvozdiasporaespaola-k7b.com\/page\/2\/wp-json\/wp\/v2\/comments?post=12834"}],"version-history":[{"count":2,"href":"https:\/\/xn--tuvozdiasporaespaola-k7b.com\/page\/2\/wp-json\/wp\/v2\/posts\/12834\/revisions"}],"predecessor-version":[{"id":12853,"href":"https:\/\/xn--tuvozdiasporaespaola-k7b.com\/page\/2\/wp-json\/wp\/v2\/posts\/12834\/revisions\/12853"}],"wp:featuredmedia":[{"embeddable":true,"href":"https:\/\/xn--tuvozdiasporaespaola-k7b.com\/page\/2\/wp-json\/wp\/v2\/media\/12852"}],"wp:attachment":[{"href":"https:\/\/xn--tuvozdiasporaespaola-k7b.com\/page\/2\/wp-json\/wp\/v2\/media?parent=12834"}],"wp:term":[{"taxonomy":"category","embeddable":true,"href":"https:\/\/xn--tuvozdiasporaespaola-k7b.com\/page\/2\/wp-json\/wp\/v2\/categories?post=12834"},{"taxonomy":"post_tag","embeddable":true,"href":"https:\/\/xn--tuvozdiasporaespaola-k7b.com\/page\/2\/wp-json\/wp\/v2\/tags?post=12834"}],"curies":[{"name":"wp","href":"https:\/\/api.w.org\/{rel}","templated":true}]}}