{"id":12832,"date":"2026-03-14T21:20:00","date_gmt":"2026-03-15T00:20:00","guid":{"rendered":"https:\/\/xn--tuvozdiasporaespaola-k7b.com\/page\/2\/?p=12832"},"modified":"2026-03-14T21:20:01","modified_gmt":"2026-03-15T00:20:01","slug":"milei-quiere-una-restauracion-conservadora","status":"publish","type":"post","link":"https:\/\/xn--tuvozdiasporaespaola-k7b.com\/page\/2\/milei-quiere-una-restauracion-conservadora\/","title":{"rendered":"\u201cMilei quiere una restauraci\u00f3n conservadora\u201d"},"content":{"rendered":"\n<p>Por Walter C. Medina.<\/p>\n\n\n\n<p>ENTREVISTA A JULIO GAMBINA<\/p>\n\n\n\n<p>Francisco L\u00f3pez y Hugo Castro Fau dialogaron con Julio Gambina, integrante del Consejo de Direcci\u00f3n del Instituto de Estudios y Formaci\u00f3n de la Central de Trabajadores Argentinos (CTA). Durante una entrevista concedida al programa radial \u201cCenizas de babilonia. Di\u00e1spora Espa\u00f1ola\u201d, que emite AM830 Radio del Pueblo, Gambina sostuvo que \u201ccuando Milei dice que hay que volver a 1880, es que quiere una restauraci\u00f3n conservadora\u201d.<\/p>\n\n\n\n<p>Durante la entrevista Gambina analiz\u00f3 la realidad econ\u00f3mica y social de Argentina, y sostuvo que \u201cArgentina est\u00e1 en una etapa de inducci\u00f3n de exportaciones de una manera deliberada, lo que es una competencia brutal. Y eso explica el cierre de empresas, los despidos, etc. No es una situaci\u00f3n muy promisoria para la mayor\u00eda de la poblaci\u00f3n\u201d<\/p>\n\n\n\n<figure class=\"wp-block-image size-large\"><img fetchpriority=\"high\" decoding=\"async\" width=\"1024\" height=\"683\" src=\"https:\/\/xn--tuvozdiasporaespaola-k7b.com\/wp-content\/uploads\/2026\/03\/1000771525-1024x683.jpg\" alt=\"\" class=\"wp-image-12873\" srcset=\"https:\/\/xn--tuvozdiasporaespaola-k7b.com\/wp-content\/uploads\/2026\/03\/1000771525-1024x683.jpg 1024w, https:\/\/xn--tuvozdiasporaespaola-k7b.com\/wp-content\/uploads\/2026\/03\/1000771525-300x200.jpg 300w, https:\/\/xn--tuvozdiasporaespaola-k7b.com\/wp-content\/uploads\/2026\/03\/1000771525-768x512.jpg 768w, https:\/\/xn--tuvozdiasporaespaola-k7b.com\/wp-content\/uploads\/2026\/03\/1000771525-1536x1024.jpg 1536w, https:\/\/xn--tuvozdiasporaespaola-k7b.com\/wp-content\/uploads\/2026\/03\/1000771525.jpg 2048w\" sizes=\"(max-width: 1024px) 100vw, 1024px\" \/><figcaption class=\"wp-element-caption\">Julio C\u00e9sar Gambina (30 de junio de 1953) Economista marxista y profesor universitario argentino, especializado en econom\u00eda pol\u00edtica, econom\u00eda mundial, integraci\u00f3n, deuda externa y otros asuntos sociales y pol\u00edticos.<\/figcaption><\/figure>\n\n\n\n<p>\u00bfC\u00f3mo ve la situaci\u00f3n econ\u00f3mica argentina?<\/p>\n\n\n\n<p>La situaci\u00f3n es muy complicada. Hoy hemos tenido una protesta de los trabajadores de FATE, una empresa que ha cerrado en los \u00faltimos d\u00edas dejando a 920 trabajadores en la calle. Hubo una concentraci\u00f3n de esos trabajadores y sus familias en la puerta de la Secretar\u00eda de Trabajo; una movilizaci\u00f3n solidaria, sindical, social importante, y fue reprimida brutalmente por la polic\u00eda, de una forma muy violenta, con gases, con golpes, con represi\u00f3n y persecuci\u00f3n. O sea que la situaci\u00f3n de Argentina es muy compleja, estamos viviendo un tiempo de ajuste muy fuerte. <\/p>\n\n\n\n<p>En dos a\u00f1os de gobierno de Milei son 320 mil puestos de trabajo perdidos, en el sector privado son 21 mil empresas las que han cerrado. El presidente acaba de inaugurar las sesiones ordinarias del Congreso y habla de crecimiento econ\u00f3mico en estos dos \u00faltimos a\u00f1os. Y es verdad, hay crecimiento econ\u00f3mico, pero es un crecimiento econ\u00f3mico promedio, que recoge muy pocos sectores de la econom\u00eda en expansi\u00f3n y que adem\u00e1s son poco generadores de empleo, que ocupan poco empleo. <\/p>\n\n\n\n<p>En promedio es algo as\u00ed como el diez por ciento del empleo. Estamos hablando del sector agro ganadero, principalmente vinculado a la exportaci\u00f3n, sector minero, sector energ\u00e9tico, sector financiero, y pare de contar; con expectativas de que crezca el sector tecnol\u00f3gico. Hay expectativas en la Argentina de grandes inversiones de las grandes tecnol\u00f3gicas mundiales para desarrollar centros de datos en la Patagonia; el propio presidente dijo en su discurso inaugural que hab\u00eda que aprovechar el fr\u00edo patag\u00f3nico para atraer esas inversiones, y viene de informar que no importa la contaminaci\u00f3n de las aguas porque \u201clas aguas son abundantes y no tienen precio\u201d. <\/p>\n\n\n\n<p>Desde el punto de vista marxista podemos coincidir en que el agua no tiene valor porque no es producto del trabajo humano, pero es fundamental para la vida cotidiana. Y tener un presidente que dice que se puede contaminar el agua tanto que se quiera porque hay cantidad suficiente de agua en la Argentina y en el mundo es un disparate gigantesco. <\/p>\n\n\n\n<p>Lo que viene para atr\u00e1s en la econom\u00eda son los sectores generadores de empleo como es el sector de industria manufacturera, el sector comercial y la construcci\u00f3n, tres sectores que son los principales que mueven el mercado interno, el empleo, los salarios, es lo que est\u00e1 complicado; por eso aunque crezca la econom\u00eda, eso no quiere decir que mejores las condiciones de vida de la mayor\u00eda de la poblaci\u00f3n; por lo tanto tenemos una situaci\u00f3n muy compleja. <\/p>\n\n\n\n<p>El principal problema que evidenciaba y a\u00fan evidencia la poblaci\u00f3n es la inflaci\u00f3n. Argentina ha llegado a tener una inflaci\u00f3n cercana al 300 por ciento anual, y ahora est\u00e1 en una inflaci\u00f3n del 30 por ciento anual; ha ca\u00eddo a unos valores que son considerados por una parte de la poblaci\u00f3n; pero desde mayo del a\u00f1o pasado la inflaci\u00f3n mensual viene creciendo del 1,5 al 2,9 por ciento, que es el registro del mes de enero. Hay que pensar que en el mundo, las inflaciones de los pa\u00edses son en torno a esos valores. <\/p>\n\n\n\n<p>Lo que en el mundo es anual, en la Argentina es mensual, por lo tanto la inflaci\u00f3n es un problema serio. Y estos \u201clogros\u201d macroecon\u00f3micos del gobierno est\u00e1n asentados en un ancla salarial; los salarios no le ganan a la inflaci\u00f3n, ning\u00fan salario le gana a la inflaci\u00f3n, las jubilaciones mucho menos, es el sector de ingresos populares m\u00e1s ajustado en la Argentina, las p\u00e9rdidas son millonarias en los bolsillos de cada jubilada, de cada jubilado, de cada trabajador y trabajadora, y por lo tanto ese ancla salarial es un mecanismo de distribuci\u00f3n regresiva del ingreso. <\/p>\n\n\n\n<p>Otra ancla es la cambiaria; el gobierno tiene una pol\u00edtica deliberada de valorizaci\u00f3n del peso; incluso algo distinto a lo que sostuvo en campa\u00f1a electoral, cuando lleg\u00f3 a decir que \u201cel peso argentino era una mierda\u201d, y por eso suger\u00eda dolarizar la econom\u00eda. La econom\u00eda es bimonetaria; ac\u00e1 circula el d\u00f3lar legal o ilegal de una manera bastante abierta, es una de las medidas de la irregularidad, a tal punto que el gobierno acaba de impulsar una ley de perd\u00f3n fiscal, de impunidad fiscal para todo aquel que tenga d\u00f3lares no declarados, que no provengan del narcotr\u00e1fico, pueden llevarlos al banco y legalizarlos; algo que el gobierno necesita y quiere porque Argentina tiene muchos d\u00f3lares en cuentas privadas, en los domicilios, en el colch\u00f3n, como se dice ac\u00e1. <\/p>\n\n\n\n<p>Es una medida para que el empresariado ajuste sus balances, su pol\u00edtica, y por eso ha abierto la econom\u00eda. Argentina est\u00e1 en una etapa de inducci\u00f3n de exportaciones de una manera deliberada, lo que es una competencia brutal. Y eso explica el cierre de empresas, los despidos, etc. <\/p>\n\n\n\n<p>No es una situaci\u00f3n muy promisoria para la mayor\u00eda de la poblaci\u00f3n. Y en momentos m\u00e1s, las personas mayores \u2013jubilados, jubiladas, nos vamos a encontrar como todos los mi\u00e9rcoles a las 17 horas en las puertas del Congreso para protestar. El gobierno sostiene que quiere regresar a la riqueza que ten\u00eda la Argentina de 1880, esa sociedad en la cual ten\u00edamos una oligarqu\u00eda que se transform\u00f3 en terratenientes luego de la expansi\u00f3n de la frontera agraria, pos genocidio de los pueblos originarios, y en donde un sector de la poblaci\u00f3n viajaba a Francia y llevaba sus vacas en las bodegas de los barcos para que siguieran tomando leche de vacas argentinas los hijos de la oligarqu\u00eda; una \u00e9poca en la que el 95 por ciento de la poblaci\u00f3n argentina estaba desnutrida. <\/p>\n\n\n\n<p>Si volvi\u00e9semos a ser gobierno de ac\u00e1 a un a\u00f1o y medio, y si fueras ministro de econom\u00eda, \u00bfqu\u00e9 crees que se podr\u00eda hacer con la deuda externa, con el proceso de desarrollo nacional con justicia social?En 1912 se aprob\u00f3 en la Argentina la Ley S\u00e1enz Pe\u00f1a que permiti\u00f3 el proceso electoral universal para varones, que a partir de 1916 los varoncitos pudimos elegir \u201cdemocr\u00e1ticamente\u201d a nuestras autoridades. <\/p>\n\n\n\n<p>Y el voto de la mujer reci\u00e9n se proces\u00f3 durante el primer gobierno peronista por iniciativa de Eva Per\u00f3n y de una participaci\u00f3n muy importante del feminismo en la Argentina. Cuando Milei va para atr\u00e1s, y dice que hay que volver a 1880, es que quiere una restauraci\u00f3n conservadora\u2026..<\/p>\n\n\n\n<p>MIR\u00c1 LA ENTREVISTA COMPLETA EN EL SIGUIENTE:<\/p>\n\n\n\n<p>ENLACE<\/p>\n\n\n\n<figure class=\"wp-block-embed is-type-video is-provider-youtube wp-block-embed-youtube wp-embed-aspect-16-9 wp-has-aspect-ratio\"><div class=\"wp-block-embed__wrapper\">\n<iframe title=\"Econom\u00eda en la Argentina de #milei destrucci\u00f3n_empleo e industria_nacional con Julio Cesar Gambina \" width=\"1110\" height=\"624\" src=\"https:\/\/www.youtube.com\/embed\/iFIsEpmW6Do?feature=oembed\" frameborder=\"0\" allow=\"accelerometer; autoplay; clipboard-write; encrypted-media; gyroscope; picture-in-picture; web-share\" referrerpolicy=\"strict-origin-when-cross-origin\" allowfullscreen><\/iframe>\n<\/div><\/figure>\n","protected":false},"excerpt":{"rendered":"<p>Por Walter C. Medina. ENTREVISTA A JULIO GAMBINA Francisco L\u00f3pez y Hugo Castro Fau dialogaron con Julio Gambina, integrante del Consejo de Direcci\u00f3n del &#8230; <\/p>\n<p class=\"read-more-container\"><a title=\"\u201cMilei quiere una restauraci\u00f3n conservadora\u201d\" class=\"read-more button\" href=\"https:\/\/xn--tuvozdiasporaespaola-k7b.com\/page\/2\/milei-quiere-una-restauracion-conservadora\/#more-12832\" aria-label=\"M\u00e1s en \u201cMilei quiere una restauraci\u00f3n conservadora\u201d\">Leer m\u00e1s<\/a><\/p>\n","protected":false},"author":222560522,"featured_media":12874,"comment_status":"closed","ping_status":"open","sticky":false,"template":"","format":"standard","meta":{"footnotes":""},"categories":[121890],"tags":[],"class_list":["post-12832","post","type-post","status-publish","format-standard","has-post-thumbnail","hentry","category-argentina","resize-featured-image"],"_links":{"self":[{"href":"https:\/\/xn--tuvozdiasporaespaola-k7b.com\/page\/2\/wp-json\/wp\/v2\/posts\/12832","targetHints":{"allow":["GET"]}}],"collection":[{"href":"https:\/\/xn--tuvozdiasporaespaola-k7b.com\/page\/2\/wp-json\/wp\/v2\/posts"}],"about":[{"href":"https:\/\/xn--tuvozdiasporaespaola-k7b.com\/page\/2\/wp-json\/wp\/v2\/types\/post"}],"author":[{"embeddable":true,"href":"https:\/\/xn--tuvozdiasporaespaola-k7b.com\/page\/2\/wp-json\/wp\/v2\/users\/222560522"}],"replies":[{"embeddable":true,"href":"https:\/\/xn--tuvozdiasporaespaola-k7b.com\/page\/2\/wp-json\/wp\/v2\/comments?post=12832"}],"version-history":[{"count":2,"href":"https:\/\/xn--tuvozdiasporaespaola-k7b.com\/page\/2\/wp-json\/wp\/v2\/posts\/12832\/revisions"}],"predecessor-version":[{"id":12875,"href":"https:\/\/xn--tuvozdiasporaespaola-k7b.com\/page\/2\/wp-json\/wp\/v2\/posts\/12832\/revisions\/12875"}],"wp:featuredmedia":[{"embeddable":true,"href":"https:\/\/xn--tuvozdiasporaespaola-k7b.com\/page\/2\/wp-json\/wp\/v2\/media\/12874"}],"wp:attachment":[{"href":"https:\/\/xn--tuvozdiasporaespaola-k7b.com\/page\/2\/wp-json\/wp\/v2\/media?parent=12832"}],"wp:term":[{"taxonomy":"category","embeddable":true,"href":"https:\/\/xn--tuvozdiasporaespaola-k7b.com\/page\/2\/wp-json\/wp\/v2\/categories?post=12832"},{"taxonomy":"post_tag","embeddable":true,"href":"https:\/\/xn--tuvozdiasporaespaola-k7b.com\/page\/2\/wp-json\/wp\/v2\/tags?post=12832"}],"curies":[{"name":"wp","href":"https:\/\/api.w.org\/{rel}","templated":true}]}}