{"id":12826,"date":"2026-03-09T20:01:32","date_gmt":"2026-03-09T23:01:32","guid":{"rendered":"https:\/\/xn--tuvozdiasporaespaola-k7b.com\/page\/2\/?p=12826"},"modified":"2026-03-09T20:01:32","modified_gmt":"2026-03-09T23:01:32","slug":"elecciones-legislativas-en-colombia","status":"publish","type":"post","link":"https:\/\/xn--tuvozdiasporaespaola-k7b.com\/page\/2\/elecciones-legislativas-en-colombia\/","title":{"rendered":"ELECCIONES LEGISLATIVAS EN COLOMBIA"},"content":{"rendered":"\n<p>Por: Carolina Valencia Bernal; Periodista Colombiana.<\/p>\n\n\n\n<p>Cifras, poder y contradiccionesLas elecciones legislativas en Colombia no solo definieron la renovaci\u00f3n del Congreso de la Rep\u00fablica \u2014Senado y C\u00e1mara de Representantes\u2014. Tambi\u00e9n sirvieron como escenario para las consultas interpartidistas con las que diferentes fuerzas y coaliciones pol\u00edticas eligieron a sus candidatos presidenciales de cara a las elecciones que se celebrar\u00e1n en mayo.<\/p>\n\n\n\n<p>La jornada electoral dej\u00f3 varias lecturas pol\u00edticas que van m\u00e1s all\u00e1 de los resultados num\u00e9ricos: consolidaci\u00f3n de fuerzas, disputas ideol\u00f3gicas y el reflejo de una polarizaci\u00f3n que sigue marcando el rumbo del pa\u00eds.Las cifrasUn total de 20,4 millones de personas ejercieron su derecho al voto, casi tres millones m\u00e1s que en 2022, lo que refleja un incremento significativo en la participaci\u00f3n ciudadana.<\/p>\n\n\n\n<p>El Pacto Hist\u00f3rico \u2014coalici\u00f3n de izquierda\u2014 fue la colectividad con mayor votaci\u00f3n en la jornada del 8 de marzo, seguido por el Centro Democr\u00e1tico, partido de derecha fundado por el expresidente \u00c1lvaro Uribe V\u00e9lez.<\/p>\n\n\n\n<p>En cifras concretas, el Pacto Hist\u00f3rico, partido de gobierno del presidente Gustavo Petro, obtuvo 4.044.058 votos, mientras que el Centro Democr\u00e1tico alcanz\u00f3 2.775.171 votos en la elecci\u00f3n para el Congreso.<\/p>\n\n\n\n<p>Sin embargo, el panorama fue distinto en las consultas interpartidistas. All\u00ed, el Centro Democr\u00e1tico logr\u00f3 la mayor votaci\u00f3n. La senadora Paloma Valencia, precandidata del uribismo que compiti\u00f3 en la denominada Gran Consulta por Colombia con otros ocho aspirantes, result\u00f3 ganadora por amplio margen, superando los 3,2 millones de votos.<\/p>\n\n\n\n<p>En la consulta del progresismo alternativo, liderada por Roy Barreras y Daniel Quintero, Barreras obtuvo cerca de 250.000 votos de los 590.000 registrados por esa coalici\u00f3n. Parad\u00f3jicamente, aunque result\u00f3 ganador dentro de su consulta, termin\u00f3 siendo uno de los grandes perdedores pol\u00edticos de la jornada por la baja participaci\u00f3n obtenida. En esta ocasi\u00f3n, el senador Iv\u00e1n Cepeda no particip\u00f3 en dicha medici\u00f3n de fuerzas.<\/p>\n\n\n\n<p>El Congreso colombiano, de car\u00e1cter bicameral, est\u00e1 compuesto por 103 senadores y 183 representantes a la C\u00e1mara. Para el per\u00edodo 2026-2030, el Pacto Hist\u00f3rico se perfila como la mayor fuerza legislativa, seguido por el Centro Democr\u00e1tico, el Partido Liberal Colombiano, la Alianza Verde y el Partido Conservador Colombiano.Aun as\u00ed, el contrapeso pol\u00edtico ser\u00e1 fuerte en caso de que el pr\u00f3ximo presidente sea Iv\u00e1n Cepeda.<\/p>\n\n\n\n<figure class=\"wp-block-image size-large\"><img fetchpriority=\"high\" decoding=\"async\" width=\"819\" height=\"1024\" src=\"https:\/\/xn--tuvozdiasporaespaola-k7b.com\/wp-content\/uploads\/2026\/03\/1000761475-819x1024.jpg\" alt=\"\" class=\"wp-image-12827\" srcset=\"https:\/\/xn--tuvozdiasporaespaola-k7b.com\/wp-content\/uploads\/2026\/03\/1000761475-819x1024.jpg 819w, https:\/\/xn--tuvozdiasporaespaola-k7b.com\/wp-content\/uploads\/2026\/03\/1000761475-240x300.jpg 240w, https:\/\/xn--tuvozdiasporaespaola-k7b.com\/wp-content\/uploads\/2026\/03\/1000761475-768x960.jpg 768w, https:\/\/xn--tuvozdiasporaespaola-k7b.com\/wp-content\/uploads\/2026\/03\/1000761475.jpg 1080w\" sizes=\"(max-width: 819px) 100vw, 819px\" \/><\/figure>\n\n\n\n<figure class=\"wp-block-image size-large\"><img decoding=\"async\" width=\"819\" height=\"1024\" src=\"https:\/\/xn--tuvozdiasporaespaola-k7b.com\/wp-content\/uploads\/2026\/03\/1000761477-819x1024.jpg\" alt=\"\" class=\"wp-image-12828\" srcset=\"https:\/\/xn--tuvozdiasporaespaola-k7b.com\/wp-content\/uploads\/2026\/03\/1000761477-819x1024.jpg 819w, https:\/\/xn--tuvozdiasporaespaola-k7b.com\/wp-content\/uploads\/2026\/03\/1000761477-240x300.jpg 240w, https:\/\/xn--tuvozdiasporaespaola-k7b.com\/wp-content\/uploads\/2026\/03\/1000761477-768x960.jpg 768w, https:\/\/xn--tuvozdiasporaespaola-k7b.com\/wp-content\/uploads\/2026\/03\/1000761477.jpg 1080w\" sizes=\"(max-width: 819px) 100vw, 819px\" \/><\/figure>\n\n\n\n<p><strong>Ganadores y perdedores.<\/strong><\/p>\n\n\n\n<p>Esta contienda electoral vuelve a mostrar el rostro de una Colombia profundamente polarizada y marcada por una de las mayores tasas de desigualdad de Am\u00e9rica Latina. En el pa\u00eds, el 10 % m\u00e1s rico recibe once veces m\u00e1s ingresos que el 10 % m\u00e1s pobre.En ese escenario, m\u00e1s all\u00e1 de los triunfos partidistas, los verdaderos perdedores siguen siendo los mismos: los pobres, los marginados y las diversidades.<\/p>\n\n\n\n<p>La victoria de Paloma Valencia en la consulta del uribismo \u2014nieta del expresidente Guillermo Le\u00f3n Valencia\u2014 evidencia la capacidad de la derecha para reorganizarse pol\u00edticamente. Su discurso, de corte clasista y confrontacional, revive viejas tensiones alrededor del conflicto armado, la seguridad y la llamada guerra contra el narcotr\u00e1fico, una estrategia que ha dejado miles de muertos en el pa\u00eds.<\/p>\n\n\n\n<p>A su lado aparece Juan Daniel Oviedo, quien ha construido una carrera p\u00fablica ascendente tras ocupar cargos relevantes durante el gobierno de Iv\u00e1n Duque. Su votaci\u00f3n en la consulta de centroderecha lo posiciona como una figura con proyecci\u00f3n nacional: posible f\u00f3rmula vicepresidencial de Valencia o incluso futuro alcalde de Bogot\u00e1.<\/p>\n\n\n\n<p>En contraste, Roy Barreras vuelve a protagonizar una de las paradojas de la pol\u00edtica colombiana. Hoy se presenta como representante del progresismo alternativo, pese a haber transitado por m\u00faltiples corrientes pol\u00edticas: del uribismo al santismo y, en los \u00faltimos a\u00f1os, como uno de los m\u00e1s fieles escuderos del presidente Petro. Esta vez, su triunfo interno no logr\u00f3 traducirse en fuerza pol\u00edtica real.<\/p>\n\n\n\n<p>El desaf\u00edo de la izquierdaPara Iv\u00e1n Cepeda, el panorama presidencial ha cambiado tras los resultados de las consultas. Aunque ha consolidado un nicho electoral importante, su verdadero desaf\u00edo ser\u00e1 trascender la base tradicional de la izquierda y conectar con el centro pol\u00edtico y con los votantes indecisos.<\/p>\n\n\n\n<p>Mientras tanto, la derecha, ahora liderada por Paloma Valencia, probablemente comenzar\u00e1 a tender puentes con sectores moderados para ampliar su base de apoyo y construir posibles acuerdos de gobernabilidad.<\/p>\n\n\n\n<p>En ese contexto, la estrategia de Cepeda deber\u00eda centrarse en capitalizar los avances del gobierno de Petro, proponer cambios dentro de una l\u00f3gica de continuidad y construir alianzas estrat\u00e9gicas con fuerzas como el Partido Liberal y la Alianza Verde de cara a la primera vuelta presidencial.<\/p>\n\n\n\n<p>\u00bf<strong>Qu\u00e9 pa\u00eds queremos?<\/strong><\/p>\n\n\n\n<p>La discusi\u00f3n de fondo no deber\u00eda reducirse a la disputa entre bloques ideol\u00f3gicos. La verdadera pregunta sigue siendo qu\u00e9 pa\u00eds queremos construir.<\/p>\n\n\n\n<p>Un pa\u00eds que empiece a cerrar brechas hist\u00f3ricas de desigualdad; que invierta en infraestructura; que enfrente el narcotr\u00e1fico sin seguir pagando el costo humano de la guerra; que garantice mayor acceso a la educaci\u00f3n y a la salud; y que combine crecimiento econ\u00f3mico con redistribuci\u00f3n real de la riqueza.<\/p>\n\n\n\n<p>El gobierno de Gustavo Petro ha intentado avanzar en algunos de estos frentes, y esos avances son hoy la vara con la que muchos medir\u00e1n la eventual candidatura de Iv\u00e1n Cepeda. Sin embargo, todav\u00eda queda mucho camino por recorrer.<\/p>\n\n\n\n<p>Existe, adem\u00e1s, un punto que no puede ignorarse: muchas mujeres de izquierda no se sienten representadas por Cepeda. En un pa\u00eds donde la violencia machista sigue en aumento, ese distanciamiento puede convertirse en un factor pol\u00edtico decisivo. Si la izquierda quiere construir una mayor\u00eda real, tendr\u00e1 que escuchar con mayor atenci\u00f3n a los movimientos feministas que han permanecido en alerta permanente frente a la violencia de g\u00e9nero. Porque la democracia no solo se mide en votos, sino tambi\u00e9n en qui\u00e9nes se sienten verdaderamente representados en el poder.<\/p>\n\n\n\n<figure class=\"wp-block-image size-full\"><img decoding=\"async\" width=\"923\" height=\"914\" src=\"https:\/\/xn--tuvozdiasporaespaola-k7b.com\/wp-content\/uploads\/2026\/03\/1000761476.jpg\" alt=\"\" class=\"wp-image-12829\" srcset=\"https:\/\/xn--tuvozdiasporaespaola-k7b.com\/wp-content\/uploads\/2026\/03\/1000761476.jpg 923w, https:\/\/xn--tuvozdiasporaespaola-k7b.com\/wp-content\/uploads\/2026\/03\/1000761476-300x297.jpg 300w, https:\/\/xn--tuvozdiasporaespaola-k7b.com\/wp-content\/uploads\/2026\/03\/1000761476-150x150.jpg 150w, https:\/\/xn--tuvozdiasporaespaola-k7b.com\/wp-content\/uploads\/2026\/03\/1000761476-768x761.jpg 768w\" sizes=\"(max-width: 923px) 100vw, 923px\" \/><\/figure>\n","protected":false},"excerpt":{"rendered":"<p>Por: Carolina Valencia Bernal; Periodista Colombiana. Cifras, poder y contradiccionesLas elecciones legislativas en Colombia no solo definieron la renovaci\u00f3n del Congreso de la Rep\u00fablica &#8230; <\/p>\n<p class=\"read-more-container\"><a title=\"ELECCIONES LEGISLATIVAS EN COLOMBIA\" class=\"read-more button\" href=\"https:\/\/xn--tuvozdiasporaespaola-k7b.com\/page\/2\/elecciones-legislativas-en-colombia\/#more-12826\" aria-label=\"M\u00e1s en ELECCIONES LEGISLATIVAS EN COLOMBIA\">Leer m\u00e1s<\/a><\/p>\n","protected":false},"author":222560522,"featured_media":12830,"comment_status":"closed","ping_status":"open","sticky":false,"template":"","format":"standard","meta":{"footnotes":""},"categories":[121894,121853],"tags":[],"class_list":["post-12826","post","type-post","status-publish","format-standard","has-post-thumbnail","hentry","category-colombia","category-elecciones","resize-featured-image"],"_links":{"self":[{"href":"https:\/\/xn--tuvozdiasporaespaola-k7b.com\/page\/2\/wp-json\/wp\/v2\/posts\/12826","targetHints":{"allow":["GET"]}}],"collection":[{"href":"https:\/\/xn--tuvozdiasporaespaola-k7b.com\/page\/2\/wp-json\/wp\/v2\/posts"}],"about":[{"href":"https:\/\/xn--tuvozdiasporaespaola-k7b.com\/page\/2\/wp-json\/wp\/v2\/types\/post"}],"author":[{"embeddable":true,"href":"https:\/\/xn--tuvozdiasporaespaola-k7b.com\/page\/2\/wp-json\/wp\/v2\/users\/222560522"}],"replies":[{"embeddable":true,"href":"https:\/\/xn--tuvozdiasporaespaola-k7b.com\/page\/2\/wp-json\/wp\/v2\/comments?post=12826"}],"version-history":[{"count":1,"href":"https:\/\/xn--tuvozdiasporaespaola-k7b.com\/page\/2\/wp-json\/wp\/v2\/posts\/12826\/revisions"}],"predecessor-version":[{"id":12831,"href":"https:\/\/xn--tuvozdiasporaespaola-k7b.com\/page\/2\/wp-json\/wp\/v2\/posts\/12826\/revisions\/12831"}],"wp:featuredmedia":[{"embeddable":true,"href":"https:\/\/xn--tuvozdiasporaespaola-k7b.com\/page\/2\/wp-json\/wp\/v2\/media\/12830"}],"wp:attachment":[{"href":"https:\/\/xn--tuvozdiasporaespaola-k7b.com\/page\/2\/wp-json\/wp\/v2\/media?parent=12826"}],"wp:term":[{"taxonomy":"category","embeddable":true,"href":"https:\/\/xn--tuvozdiasporaespaola-k7b.com\/page\/2\/wp-json\/wp\/v2\/categories?post=12826"},{"taxonomy":"post_tag","embeddable":true,"href":"https:\/\/xn--tuvozdiasporaespaola-k7b.com\/page\/2\/wp-json\/wp\/v2\/tags?post=12826"}],"curies":[{"name":"wp","href":"https:\/\/api.w.org\/{rel}","templated":true}]}}