{"id":1279,"date":"2023-03-05T03:16:01","date_gmt":"2023-03-05T06:16:01","guid":{"rendered":"https:\/\/xn--tuvozdiasporaespaola-k7b.com\/2023\/03\/05\/podemos-exterior-se-reunio-con-podemos-madrid-para-trasladar-las-propuestas-para-la-diaspora-en-las-elecciones-de-mayo\/"},"modified":"2023-03-05T04:44:44","modified_gmt":"2023-03-05T07:44:44","slug":"podemos-exterior-se-reunio-con-podemos-madrid-para-trasladar-las-propuestas-para-la-diaspora-en-las-elecciones-de-mayo","status":"publish","type":"post","link":"https:\/\/xn--tuvozdiasporaespaola-k7b.com\/page\/2\/podemos-exterior-se-reunio-con-podemos-madrid-para-trasladar-las-propuestas-para-la-diaspora-en-las-elecciones-de-mayo\/","title":{"rendered":"Podemos Exterior se reuni\u00f3 con Podemos Madrid para trasladar las propuestas para la di\u00e1spora en las elecciones de mayo"},"content":{"rendered":"\n<p>El pasado 3 de Marzo integrantes\u00a0 del equipo de Campa\u00f1a de Podemos Exterior con Francisco L\u00f3pez de Podemos Exterior junto a Joaqu\u00edn Polo \u00a0 se reunieron\u00a0 con el comando de campa\u00f1a de Podemos de la Comunidad de Madrid, para las elecciones Auton\u00f3micas y municipales\u00a0 comandado por:\u00a0<\/p>\n\n\n\n<p>Raquel Carrasco responsable de comunicaci\u00f3n de Madrid ciudad, Javier Ca\u00f1adas responsable de comunicaci\u00f3n de la Comunidad de Madrid, Roberto Sotomayor, Candidato a la Alcald\u00eda de Madrid y con Isa Rosa Secretar\u00eda de C\u00edrculos y Participaci\u00f3n de Podemos Madrid.<\/p>\n\n\n\n<figure class=\"wp-block-image size-large\"><img fetchpriority=\"high\" decoding=\"async\" width=\"1800\" height=\"4000\" src=\"http:\/\/xn--tuvozdiasporaespaola-k7b.com\/wp-content\/uploads\/2023\/03\/20230303_142711113885832829670485.jpg?w=461\" alt=\"\" class=\"wp-image-1276\" srcset=\"https:\/\/xn--tuvozdiasporaespaola-k7b.com\/wp-content\/uploads\/2023\/03\/20230303_142711113885832829670485.jpg 1800w, https:\/\/xn--tuvozdiasporaespaola-k7b.com\/wp-content\/uploads\/2023\/03\/20230303_142711113885832829670485-135x300.jpg 135w, https:\/\/xn--tuvozdiasporaespaola-k7b.com\/wp-content\/uploads\/2023\/03\/20230303_142711113885832829670485-461x1024.jpg 461w, https:\/\/xn--tuvozdiasporaespaola-k7b.com\/wp-content\/uploads\/2023\/03\/20230303_142711113885832829670485-768x1707.jpg 768w, https:\/\/xn--tuvozdiasporaespaola-k7b.com\/wp-content\/uploads\/2023\/03\/20230303_142711113885832829670485-1568x3484.jpg 1568w\" sizes=\"(max-width: 1800px) 100vw, 1800px\" \/><figcaption class=\"wp-element-caption\">Isa Rosa , Joaquin Polo,Francisco L\u00f3pez y Raquel Carrasco <\/figcaption><\/figure>\n\n\n\n<p>En esta reuni\u00f3n se trataron temas concernientes a la Di\u00e1spora&nbsp; Madrile\u00f1a en el Exterior.<br \/>Pol\u00edticas de Retorno, Violencia de G\u00e9nero,Convenios con las c\u00e1maras de Comercio de Madrid y el exterior, Plan del Imserso en Latinoam\u00e9rica, y una colaboraci\u00f3n de los municipios de Madrid y comunidad de Madrid para implantaci\u00f3n de pol\u00edticas enfocadas a los y las ciudadanas que tuvieron que emigrar.<br \/><br \/>Reuni\u00f3n muy provechosa en lo concerniente a la implicaci\u00f3n de Podemos MADRID con la di\u00e1spora y sus necesidades. El compromiso de apoyo de las instituciones municipales y auton\u00f3micas para con los 376.000 madrile\u00f1os que componen la di\u00e1spora de esta Comunidad en el Exterior.<br \/>Tanto Roberto Sotomayor&nbsp; candidato a la Alcald\u00eda como Alejandra Jacinto&nbsp; mostraron un&nbsp; gran inter\u00e9s en los problemas de&nbsp; di\u00e1spora madrile\u00f1a, sus problemas y sus necesidades siendo a d\u00eda de hoy una de sus prioridades en pol\u00edticas enfocadas&nbsp; a los madrile\u00f1os establecidos en el exterior .<br \/><\/p>\n\n\n\n<figure class=\"wp-block-image size-large\"><img decoding=\"async\" width=\"960\" height=\"1280\" src=\"http:\/\/xn--tuvozdiasporaespaola-k7b.com\/wp-content\/uploads\/2023\/03\/img_20230305_070036_3428069813803709279866.jpg?w=768\" alt=\"\" class=\"wp-image-1277\" srcset=\"https:\/\/xn--tuvozdiasporaespaola-k7b.com\/wp-content\/uploads\/2023\/03\/img_20230305_070036_3428069813803709279866.jpg 960w, https:\/\/xn--tuvozdiasporaespaola-k7b.com\/wp-content\/uploads\/2023\/03\/img_20230305_070036_3428069813803709279866-225x300.jpg 225w, https:\/\/xn--tuvozdiasporaespaola-k7b.com\/wp-content\/uploads\/2023\/03\/img_20230305_070036_3428069813803709279866-768x1024.jpg 768w\" sizes=\"(max-width: 960px) 100vw, 960px\" \/><figcaption class=\"wp-element-caption\">Roberto Sotomayor y Javier Ca\u00f1adas&nbsp; junto a Joaquin Polo y Francisco L\u00f3pez <\/figcaption><\/figure>\n\n\n\n<p>Desde Podemos exterior estamos confeccionando una campa\u00f1a dirigida a los madrile\u00f1os fuera de su tierra con la esperanza de dar a conocer estas propuestas program\u00e1ticas que pretenden dar soluciones a quienes por uno u otros motivos ya sean de exiliados o por motivos econ\u00f3micos o laborales &nbsp; fueron expulsados del territorio Madrile\u00f1o.<\/p>\n\n\n\n<p>Un programa que contemplar\u00e1 soluciones y propuestas serias para el Retorno en unos casos y para la recuperaci\u00f3n de derechos de quienes tuvieron que establecerse fuera de forma definitiva.<\/p>\n\n\n\n<p>Reino Unido, Alemania, Francia, Argentina, M\u00e9xico o EEUU son pa\u00edses donde a d\u00eda de hoy se encuentra gran parte de esta Di\u00e1spora Madrile\u00f1a.<\/p>\n\n\n\n<figure class=\"wp-block-image size-large\"><img decoding=\"async\" width=\"988\" height=\"618\" src=\"http:\/\/xn--tuvozdiasporaespaola-k7b.com\/wp-content\/uploads\/2023\/03\/fgkwym8xgaachof4102130898876773281.jpg?w=988\" alt=\"\" class=\"wp-image-1278\" srcset=\"https:\/\/xn--tuvozdiasporaespaola-k7b.com\/wp-content\/uploads\/2023\/03\/fgkwym8xgaachof4102130898876773281.jpg 988w, https:\/\/xn--tuvozdiasporaespaola-k7b.com\/wp-content\/uploads\/2023\/03\/fgkwym8xgaachof4102130898876773281-300x188.jpg 300w, https:\/\/xn--tuvozdiasporaespaola-k7b.com\/wp-content\/uploads\/2023\/03\/fgkwym8xgaachof4102130898876773281-768x480.jpg 768w\" sizes=\"(max-width: 988px) 100vw, 988px\" \/><\/figure>\n\n\n\n<p>Desde Podemos Madrid y Podemos Exterior con su implantaci\u00f3n en 26 pa\u00edses llevaremos pol\u00edticas de inclusi\u00f3n siempre estando presentes junto a los reclamos de los y las madrile\u00f1as fuera de Espa\u00f1a.&nbsp;<\/p>\n\n\n\n<p>Equipo comunicaci\u00f3n de Podemos Exterior.<\/p>\n","protected":false},"excerpt":{"rendered":"<p>El pasado 3 de Marzo integrantes\u00a0 del equipo de Campa\u00f1a de Podemos Exterior con Francisco L\u00f3pez de Podemos Exterior junto a Joaqu\u00edn Polo \u00a0 &#8230; <\/p>\n<p class=\"read-more-container\"><a title=\"Podemos Exterior se reuni\u00f3 con Podemos Madrid para trasladar las propuestas para la di\u00e1spora en las elecciones de mayo\" class=\"read-more button\" href=\"https:\/\/xn--tuvozdiasporaespaola-k7b.com\/page\/2\/podemos-exterior-se-reunio-con-podemos-madrid-para-trasladar-las-propuestas-para-la-diaspora-en-las-elecciones-de-mayo\/#more-1279\" aria-label=\"M\u00e1s en Podemos Exterior se reuni\u00f3 con Podemos Madrid para trasladar las propuestas para la di\u00e1spora en las elecciones de mayo\">Leer m\u00e1s<\/a><\/p>\n","protected":false},"author":222560522,"featured_media":0,"comment_status":"open","ping_status":"open","sticky":false,"template":"","format":"standard","meta":{"footnotes":""},"categories":[1771],"tags":[],"class_list":["post-1279","post","type-post","status-publish","format-standard","hentry","category-sociales"],"_links":{"self":[{"href":"https:\/\/xn--tuvozdiasporaespaola-k7b.com\/page\/2\/wp-json\/wp\/v2\/posts\/1279","targetHints":{"allow":["GET"]}}],"collection":[{"href":"https:\/\/xn--tuvozdiasporaespaola-k7b.com\/page\/2\/wp-json\/wp\/v2\/posts"}],"about":[{"href":"https:\/\/xn--tuvozdiasporaespaola-k7b.com\/page\/2\/wp-json\/wp\/v2\/types\/post"}],"author":[{"embeddable":true,"href":"https:\/\/xn--tuvozdiasporaespaola-k7b.com\/page\/2\/wp-json\/wp\/v2\/users\/222560522"}],"replies":[{"embeddable":true,"href":"https:\/\/xn--tuvozdiasporaespaola-k7b.com\/page\/2\/wp-json\/wp\/v2\/comments?post=1279"}],"version-history":[{"count":0,"href":"https:\/\/xn--tuvozdiasporaespaola-k7b.com\/page\/2\/wp-json\/wp\/v2\/posts\/1279\/revisions"}],"wp:attachment":[{"href":"https:\/\/xn--tuvozdiasporaespaola-k7b.com\/page\/2\/wp-json\/wp\/v2\/media?parent=1279"}],"wp:term":[{"taxonomy":"category","embeddable":true,"href":"https:\/\/xn--tuvozdiasporaespaola-k7b.com\/page\/2\/wp-json\/wp\/v2\/categories?post=1279"},{"taxonomy":"post_tag","embeddable":true,"href":"https:\/\/xn--tuvozdiasporaespaola-k7b.com\/page\/2\/wp-json\/wp\/v2\/tags?post=1279"}],"curies":[{"name":"wp","href":"https:\/\/api.w.org\/{rel}","templated":true}]}}