{"id":1266,"date":"2023-03-02T13:05:18","date_gmt":"2023-03-02T16:05:18","guid":{"rendered":"https:\/\/xn--tuvozdiasporaespaola-k7b.com\/?p=1266"},"modified":"2023-03-02T13:05:28","modified_gmt":"2023-03-02T16:05:28","slug":"la-consejeria-de-trabajo-del-consulado-de-buenos-aires-contesta-a-requerimientos-de-podemos-y-psoe-argentina","status":"publish","type":"post","link":"https:\/\/xn--tuvozdiasporaespaola-k7b.com\/page\/2\/la-consejeria-de-trabajo-del-consulado-de-buenos-aires-contesta-a-requerimientos-de-podemos-y-psoe-argentina\/","title":{"rendered":"LA CONSEJERIA DE TRABAJO del Consulado de Buenos Aires  contesta a requerimientos de PODEMOS y PSOE Argentina ."},"content":{"rendered":"\n<p>En d\u00edas pasados Podemos Argentina Provincias  y PSOE Argentina mandaron el siguiente requerimiento:<\/p>\n\n\n\n<p><em>Al Consejero de Trabajo y Seguridad Social <\/em><br><br><em>Sr. Pedro Zarco<\/em><\/p>\n\n\n\n<p><em>Por la presente nos dirigimos a Ud. en representaci\u00f3n de Podemos Provincia\/ Argentina y del Partido Socialista Obrero Espa\u00f1ol. <\/em><\/p>\n\n\n\n<p> <em>El objeto de la presente es solicitarle una audiencia con representantes de ambas formaciones pol\u00edticas no s\u00f3lo para conocernos en t\u00e9rminos institucionales sino tambi\u00e9n para intercambiar puntos de vista acerca de la situaci\u00f3n de la colectividad y fundamentalmente expresarle nuestras principales preocupaciones sobre la  misma.     A la espera de su respuesta, lo saludamos atte. <\/em><br><br><em>Francisco Lopez  Podemos Provincias<\/em><br><em>Andr\u00e9s Hernandez, Presidente PSOE y Ni\u00f1o de la Guerra<\/em><br><em>Lorena Suarez, Sec General PSOE<\/em><br><em>Gustavo Lopez Pardo, Sec. Organizaci\u00f3n PSOE<\/em><\/p>\n\n\n\n<figure class=\"wp-block-image size-large\"><img fetchpriority=\"high\" decoding=\"async\" width=\"410\" height=\"397\" src=\"http:\/\/xn--tuvozdiasporaespaola-k7b.com\/wp-content\/uploads\/2023\/03\/dsc_0085-1024x6824126825019850080478-1.jpg?w=410\" alt=\"\" class=\"wp-image-1267\" srcset=\"https:\/\/xn--tuvozdiasporaespaola-k7b.com\/wp-content\/uploads\/2023\/03\/dsc_0085-1024x6824126825019850080478-1.jpg 410w, https:\/\/xn--tuvozdiasporaespaola-k7b.com\/wp-content\/uploads\/2023\/03\/dsc_0085-1024x6824126825019850080478-1-300x290.jpg 300w\" sizes=\"(max-width: 410px) 100vw, 410px\" \/><figcaption class=\"wp-element-caption\">Pedro Zarco <\/figcaption><\/figure>\n\n\n\n<p>A lo que en reuni\u00f3n mantenida  en la sede de la consejeria nos inform\u00f3 lo siguiente:<\/p>\n\n\n\n<p><em>En el d\u00eda de hoy nos hemos reunido con el Consejero de Trabajo, Migraciones y Seguridad Social\u00a0 Sr. Pedro <\/em>Z<em>arco Col\u00f3n y el Secretario General Sr. \u00c1lvaro Martinez abordando distintos temas, algunos de los cuales se hab\u00edan planteado en una reuni\u00f3n previa entre la Consejer\u00eda y el Cre, sin que a la fecha se hubiera hecho el correspondiente seguimiento.<\/em><\/p>\n\n\n\n<p><strong>Pensiones Asistenciales<\/strong><\/p>\n\n\n\n<p><em>Nos han informado que justamente ayer, y luego de un reclamo de varios meses, recibieron una nueva comunicaci\u00f3n por la cual se determin\u00f3 el valor de referencia para el otorgamiento del beneficio. En este a\u00f1o el baremo ser\u00e1 cercano al mill\u00f3n de pesos anuales como techo, lo cual permite que se presenten los ingresos anualizados de los postulantes sobre la base de los tres primeros meses del a\u00f1o beneficiando&nbsp; a una mayor cantidad de pensionistas. En el a\u00f1o 2022 las pensiones asistenciales otorgadas fueron cercanas a 2300 increment\u00e1ndose este a\u00f1o a un n\u00famero estimativo de 2800.<\/em><\/p>\n\n\n\n<p><strong>Programa de Imserso<\/strong><\/p>\n\n\n\n<p><em>El Consejero coment\u00f3 que ten\u00eda conocimiento que a mediados del a\u00f1o pasado se hab\u00edan establecido nuevas condiciones para que los espa\u00f1oles de origen pudieran ser inclu\u00eddos en el programa de viajes aunque no hubiera habido por parte de ellos cotizaci\u00f3n al sistema de seguridad social espa\u00f1ola. Lamentablemente esta situaci\u00f3n resolvi\u00f3 los impedimentos para los espa\u00f1oles residentes en los pa\u00edses europeos pero no para el resto,como en el caso de Am\u00e9rica. Se comprometi\u00f3 a seguir este tema de modo tal que se revise y se levanten las restricciones existentes en pa\u00edses como Argentina.<\/em><\/p>\n\n\n\n<p><strong>Violencia de g\u00e9nero<\/strong><\/p>\n\n\n\n<p><em>P. Sarco explic\u00f3 que durante la visita del responsable de la oficina de Consulares a nuestro pa\u00eds, el Sr. Xavier Mart\u00ed, inform\u00f3 que se estar\u00eda emitiendo un nuevo protocolo pero que a la fecha el mismo no hab\u00eda sido&nbsp; recibido.&nbsp;<\/em><\/p>\n\n\n\n<p><strong>Planes de ayuda a los espa\u00f1oles retornados<\/strong><\/p>\n\n\n\n<p><em>La Consejer\u00eda emite actualmente una certificaci\u00f3n al emigrante que retorne a la pen\u00ednsula, sobre la base de todo lo cotizado por dicha persona, en el sistema de Seguridad Social de Argentina.<\/em><\/p>\n\n\n\n<p><em>Tambi\u00e9n se aclar\u00f3 que en ciertas autonom\u00edas y ciudades como, Valencia, Galicia,Canarias, Zamora,etc. se est\u00e1n desarrollando programas y ayudas espec\u00edficas las cuales son de esa comunidad o ciudad y que es lo que m\u00e1s conviene a la persona retornada porque var\u00edan en funci\u00f3n del lugar donde la persona que regresa decida establecerse. Estas ayudas y programas no est\u00e1n dise\u00f1adas por el gobierno central sino que deben ser requeridos atrav\u00e9s de los ayuntamientos respectivos.<\/em><\/p>\n\n\n\n<p><strong>F\u00e9 de vida sobre Pensiones Contributivas<\/strong><\/p>\n\n\n\n<p><em>La Consejer\u00eda estableci\u00f3 un nuevo sistema de cita previa telef\u00f3nica con el objeto que cada persona que deba emitir el comprobante respectivo pueda ser atendida m\u00e1s r\u00e1pidamente con su turno y no deba esperar tanto tiempo. En principio este nuevo sistema funciona mejor y de todos modos se sigue atendiendo en el momento a las personas que se presenten sin cita.<\/em><\/p>\n\n\n\n<p><strong>Programas de Subvenciones para Asociaciones y Mayores Dependientes<\/strong><\/p>\n\n\n\n<p><em>Existen subvenciones adicionales para prestar ayudas econ\u00f3micas a las instituciones que trabajen brindando apoyo a la comunidad espa\u00f1ola en el pa\u00eds, y desde la fecha en que las mismas son anunciadas se establece un marco de 20 d\u00edas para solicitarlas.En el caso de organizaciones civiles, como asociaciones, fundaciones o mutuales, deben estar legalmente constitu\u00eddas, inscriptas en la consejer\u00eda y tener como m\u00ednimo dos a\u00f1os de funcionamiento.<\/em><\/p>\n\n\n\n<figure class=\"wp-block-image size-large\"><img decoding=\"async\" width=\"845\" height=\"555\" src=\"http:\/\/xn--tuvozdiasporaespaola-k7b.com\/wp-content\/uploads\/2023\/03\/screenshot_20220724-021941_photos1698941558346120087.jpg?w=845\" alt=\"\" class=\"wp-image-1268\" srcset=\"https:\/\/xn--tuvozdiasporaespaola-k7b.com\/wp-content\/uploads\/2023\/03\/screenshot_20220724-021941_photos1698941558346120087.jpg 845w, https:\/\/xn--tuvozdiasporaespaola-k7b.com\/wp-content\/uploads\/2023\/03\/screenshot_20220724-021941_photos1698941558346120087-300x197.jpg 300w, https:\/\/xn--tuvozdiasporaespaola-k7b.com\/wp-content\/uploads\/2023\/03\/screenshot_20220724-021941_photos1698941558346120087-768x504.jpg 768w\" sizes=\"(max-width: 845px) 100vw, 845px\" \/><figcaption class=\"wp-element-caption\">Integrantes del PSOE y PODEMOS Argentina <\/figcaption><\/figure>\n\n\n\n<p>Tambi\u00e9n se inform\u00f3 al Consejero sobre la pr\u00f3xima visita del secretario de Memoria Democr\u00e1tica y sobre el evento que al respecto ser\u00e1 organizado en la sede de Psoe junto a PSOE, PODEMOS ARGENTINA  y todos los&nbsp; invitados respectivos.<\/p>\n\n\n\n<p>Estos han sido los puntos principales de la reuni\u00f3n.<\/p>\n","protected":false},"excerpt":{"rendered":"<p>En d\u00edas pasados Podemos Argentina Provincias y PSOE Argentina mandaron el siguiente requerimiento: Al Consejero de Trabajo y Seguridad Social Sr. Pedro Zarco Por &#8230; <\/p>\n<p class=\"read-more-container\"><a title=\"LA CONSEJERIA DE TRABAJO del Consulado de Buenos Aires  contesta a requerimientos de PODEMOS y PSOE Argentina .\" class=\"read-more button\" href=\"https:\/\/xn--tuvozdiasporaespaola-k7b.com\/page\/2\/la-consejeria-de-trabajo-del-consulado-de-buenos-aires-contesta-a-requerimientos-de-podemos-y-psoe-argentina\/#more-1266\" aria-label=\"M\u00e1s en LA CONSEJERIA DE TRABAJO del Consulado de Buenos Aires  contesta a requerimientos de PODEMOS y PSOE Argentina .\">Leer m\u00e1s<\/a><\/p>\n","protected":false},"author":222560522,"featured_media":0,"comment_status":"open","ping_status":"open","sticky":false,"template":"","format":"standard","meta":{"footnotes":""},"categories":[1771],"tags":[],"class_list":["post-1266","post","type-post","status-publish","format-standard","hentry","category-sociales"],"_links":{"self":[{"href":"https:\/\/xn--tuvozdiasporaespaola-k7b.com\/page\/2\/wp-json\/wp\/v2\/posts\/1266","targetHints":{"allow":["GET"]}}],"collection":[{"href":"https:\/\/xn--tuvozdiasporaespaola-k7b.com\/page\/2\/wp-json\/wp\/v2\/posts"}],"about":[{"href":"https:\/\/xn--tuvozdiasporaespaola-k7b.com\/page\/2\/wp-json\/wp\/v2\/types\/post"}],"author":[{"embeddable":true,"href":"https:\/\/xn--tuvozdiasporaespaola-k7b.com\/page\/2\/wp-json\/wp\/v2\/users\/222560522"}],"replies":[{"embeddable":true,"href":"https:\/\/xn--tuvozdiasporaespaola-k7b.com\/page\/2\/wp-json\/wp\/v2\/comments?post=1266"}],"version-history":[{"count":0,"href":"https:\/\/xn--tuvozdiasporaespaola-k7b.com\/page\/2\/wp-json\/wp\/v2\/posts\/1266\/revisions"}],"wp:attachment":[{"href":"https:\/\/xn--tuvozdiasporaespaola-k7b.com\/page\/2\/wp-json\/wp\/v2\/media?parent=1266"}],"wp:term":[{"taxonomy":"category","embeddable":true,"href":"https:\/\/xn--tuvozdiasporaespaola-k7b.com\/page\/2\/wp-json\/wp\/v2\/categories?post=1266"},{"taxonomy":"post_tag","embeddable":true,"href":"https:\/\/xn--tuvozdiasporaespaola-k7b.com\/page\/2\/wp-json\/wp\/v2\/tags?post=1266"}],"curies":[{"name":"wp","href":"https:\/\/api.w.org\/{rel}","templated":true}]}}