{"id":1265,"date":"2023-02-27T14:09:06","date_gmt":"2023-02-27T17:09:06","guid":{"rendered":"https:\/\/xn--tuvozdiasporaespaola-k7b.com\/2023\/02\/27\/comunicado-cierre-v-foro-podemos-exterior-todo-un-exito-para-la-diaspora-espanola\/"},"modified":"2023-02-27T14:09:06","modified_gmt":"2023-02-27T17:09:06","slug":"comunicado-cierre-v-foro-podemos-exterior-todo-un-exito-para-la-diaspora-espanola","status":"publish","type":"post","link":"https:\/\/xn--tuvozdiasporaespaola-k7b.com\/page\/2\/comunicado-cierre-v-foro-podemos-exterior-todo-un-exito-para-la-diaspora-espanola\/","title":{"rendered":"Comunicado Cierre V Foro Podemos Exterior, todo un \u00e9xito para la di\u00e1spora espa\u00f1ola."},"content":{"rendered":"\n<p>Podemos Exterior cierra con \u00e9xito su V Foro, demostrando la fortaleza de su militancia de cara a las pr\u00f3ximas citas electorales en 2023<\/p>\n\n\n\n<p>Madrid, Espa\u00f1a &#8211; Durante el fin de semana pasado, m\u00e1s de 50 militantes de diferentes pa\u00edses de Am\u00e9rica, Europa y Asia asistieron, presencialmente o a trav\u00e9s de Zoom, a estas jornadas celebradas en la sede central de Podemos en Madrid, en las que tambi\u00e9n participaron ponentes de diferentes comunidades aut\u00f3nomas, incluyendo a siete candidat@s auton\u00f3mic@s que presentaron sus propuestas de cara a las pr\u00f3ximas elecciones auton\u00f3micas.<\/p>\n\n\n\n<figure class=\"wp-block-image size-large\"><img fetchpriority=\"high\" decoding=\"async\" width=\"1600\" height=\"1218\" src=\"http:\/\/xn--tuvozdiasporaespaola-k7b.com\/wp-content\/uploads\/2023\/02\/img-20230225-wa00224733682684000046242.jpg?w=1024\" alt=\"\" class=\"wp-image-1262\" srcset=\"https:\/\/xn--tuvozdiasporaespaola-k7b.com\/wp-content\/uploads\/2023\/02\/img-20230225-wa00224733682684000046242.jpg 1600w, https:\/\/xn--tuvozdiasporaespaola-k7b.com\/wp-content\/uploads\/2023\/02\/img-20230225-wa00224733682684000046242-300x228.jpg 300w, https:\/\/xn--tuvozdiasporaespaola-k7b.com\/wp-content\/uploads\/2023\/02\/img-20230225-wa00224733682684000046242-1024x780.jpg 1024w, https:\/\/xn--tuvozdiasporaespaola-k7b.com\/wp-content\/uploads\/2023\/02\/img-20230225-wa00224733682684000046242-768x585.jpg 768w, https:\/\/xn--tuvozdiasporaespaola-k7b.com\/wp-content\/uploads\/2023\/02\/img-20230225-wa00224733682684000046242-1568x1194.jpg 1568w\" sizes=\"(max-width: 1600px) 100vw, 1600px\" \/><figcaption class=\"wp-element-caption\">Charla de estrategia Medi\u00e1tica.<\/figcaption><\/figure>\n\n\n\n<p>El foro abord\u00f3 una amplia gama de temas, desde cuestiones transversales como el feminismo y la ecolog\u00eda hasta asuntos espec\u00edficos para la di\u00e1spora espa\u00f1ola. Entre ellos, destacamos:\u00a0<\/p>\n\n\n\n<ul class=\"wp-block-list\">\n<li>El trabajo realizado con el objetivo de garantizar derechos b\u00e1sicos a la di\u00e1spora mediante la derogaci\u00f3n del voto rogado y la aprobaci\u00f3n de la Ley de Memoria Democr\u00e1tica, para las que Podemos fue determinante.<\/li>\n\n\n\n<li>Trabajos que a\u00fan se est\u00e1n llevando a cabo para determinar el\u00a0 organigrama de votaci\u00f3n en el Exterior.<\/li>\n\n\n\n<li>Los aportes que se realizaron para la ampliaci\u00f3n en la Ley de Nacionalidad, que proporcion\u00f3 la nacionalidad espa\u00f1ola a pr\u00e1cticamente un 90% de personas con derecho a ella. Como explic\u00f3 Martina Velarde, Diputada de Podemos e integrante de las comisiones de Memoria Justicia y equipo de trabajo de la nueva LOREG, esta ley de justicia hist\u00f3rica y democr\u00e1tica ha tenido que esperar 84 a\u00f1os desde el final de la Guerra Civil y 48 desde la llegada de la democracia, ya que sucesivos gobiernos del PSOE y PP nunca se atrevieron a llevarla a cabo. Ha sido solo gracias a Podemos y su presencia en el gobierno que se ha podido conseguir.<\/li>\n\n\n\n<li>Entre las estrategias medi\u00e1ticas destac\u00f3 la presentaci\u00f3n de un emotivo v\u00eddeo de campa\u00f1a preparado por Joaqu\u00edn Polo, que apuesta por apelar directamente a los sentimientos de quienes tuvieron que abandonar Espa\u00f1a como parte del exilio republicano y sus descendientes.<\/li>\n<\/ul>\n\n\n\n<figure class=\"wp-block-gallery has-nested-images columns-default is-cropped wp-block-gallery-1 is-layout-flex wp-block-gallery-is-layout-flex\">\n<figure class=\"wp-block-image size-large\"><img decoding=\"async\" width=\"1600\" height=\"1292\" data-id=\"1263\" src=\"http:\/\/xn--tuvozdiasporaespaola-k7b.com\/wp-content\/uploads\/2023\/02\/img-20230224-wa0033798991310140289555.jpg?w=1024\" alt=\"\" class=\"wp-image-1263\" srcset=\"https:\/\/xn--tuvozdiasporaespaola-k7b.com\/wp-content\/uploads\/2023\/02\/img-20230224-wa0033798991310140289555.jpg 1600w, https:\/\/xn--tuvozdiasporaespaola-k7b.com\/wp-content\/uploads\/2023\/02\/img-20230224-wa0033798991310140289555-300x242.jpg 300w, https:\/\/xn--tuvozdiasporaespaola-k7b.com\/wp-content\/uploads\/2023\/02\/img-20230224-wa0033798991310140289555-1024x827.jpg 1024w, https:\/\/xn--tuvozdiasporaespaola-k7b.com\/wp-content\/uploads\/2023\/02\/img-20230224-wa0033798991310140289555-768x620.jpg 768w, https:\/\/xn--tuvozdiasporaespaola-k7b.com\/wp-content\/uploads\/2023\/02\/img-20230224-wa0033798991310140289555-1568x1266.jpg 1568w\" sizes=\"(max-width: 1600px) 100vw, 1600px\" \/><\/figure>\n<figcaption class=\"blocks-gallery-caption wp-element-caption\">Charla sobre Feminismo e Igualdad <\/figcaption><\/figure>\n\n\n\n<p>En el cierre se presentaron las principales conclusiones que marcar\u00e1n el comienzo del primer ciclo electoral del a\u00f1o. Estas incluyen una ambiciosa hoja de ruta para colaborar estrechamente con los distintos equipos de campa\u00f1a auton\u00f3micos y la profundizaci\u00f3n de las medidas program\u00e1ticas propuestas por la di\u00e1spora para su inclusi\u00f3n en los programas pol\u00edticos auton\u00f3micos.<\/p>\n\n\n\n<p>El V Foro de Podemos Exterior ha sido un \u00e9xito rotundo y supone una confirmaci\u00f3n de que las acciones de campa\u00f1a tomadas hasta ahora van en la direcci\u00f3n correcta. Estamos muy entusiasmad@s por las pr\u00f3ximas elecciones auton\u00f3micas y comprometid@s en trabajar arduamente para asegurar que las voces de la di\u00e1spora espa\u00f1ola son escuchadas y representadas en las instituciones pol\u00edticas.\u00a0<\/p>\n\n\n\n<p>\u00a0<\/p>\n\n\n\n<figure class=\"wp-block-gallery has-nested-images columns-default is-cropped wp-block-gallery-2 is-layout-flex wp-block-gallery-is-layout-flex\">\n<figure class=\"wp-block-image size-large\"><img decoding=\"async\" width=\"1280\" height=\"854\" data-id=\"1264\" src=\"http:\/\/xn--tuvozdiasporaespaola-k7b.com\/wp-content\/uploads\/2023\/02\/img-20230227-wa00085332126865702784706.jpg?w=1024\" alt=\"\" class=\"wp-image-1264\" srcset=\"https:\/\/xn--tuvozdiasporaespaola-k7b.com\/wp-content\/uploads\/2023\/02\/img-20230227-wa00085332126865702784706.jpg 1280w, https:\/\/xn--tuvozdiasporaespaola-k7b.com\/wp-content\/uploads\/2023\/02\/img-20230227-wa00085332126865702784706-300x200.jpg 300w, https:\/\/xn--tuvozdiasporaespaola-k7b.com\/wp-content\/uploads\/2023\/02\/img-20230227-wa00085332126865702784706-1024x683.jpg 1024w, https:\/\/xn--tuvozdiasporaespaola-k7b.com\/wp-content\/uploads\/2023\/02\/img-20230227-wa00085332126865702784706-768x512.jpg 768w\" sizes=\"(max-width: 1280px) 100vw, 1280px\" \/><\/figure>\n<\/figure>\n\n\n\n<p>Equipo comunicaci\u00f3n del\u00a0 V FORO<\/p>\n","protected":false},"excerpt":{"rendered":"<p>Podemos Exterior cierra con \u00e9xito su V Foro, demostrando la fortaleza de su militancia de cara a las pr\u00f3ximas citas electorales en 2023 Madrid, &#8230; <\/p>\n<p class=\"read-more-container\"><a title=\"Comunicado Cierre V Foro Podemos Exterior, todo un \u00e9xito para la di\u00e1spora espa\u00f1ola.\" class=\"read-more button\" href=\"https:\/\/xn--tuvozdiasporaespaola-k7b.com\/page\/2\/comunicado-cierre-v-foro-podemos-exterior-todo-un-exito-para-la-diaspora-espanola\/#more-1265\" aria-label=\"M\u00e1s en Comunicado Cierre V Foro Podemos Exterior, todo un \u00e9xito para la di\u00e1spora espa\u00f1ola.\">Leer m\u00e1s<\/a><\/p>\n","protected":false},"author":222560522,"featured_media":0,"comment_status":"open","ping_status":"open","sticky":false,"template":"","format":"standard","meta":{"footnotes":""},"categories":[1771],"tags":[],"class_list":["post-1265","post","type-post","status-publish","format-standard","hentry","category-sociales"],"_links":{"self":[{"href":"https:\/\/xn--tuvozdiasporaespaola-k7b.com\/page\/2\/wp-json\/wp\/v2\/posts\/1265","targetHints":{"allow":["GET"]}}],"collection":[{"href":"https:\/\/xn--tuvozdiasporaespaola-k7b.com\/page\/2\/wp-json\/wp\/v2\/posts"}],"about":[{"href":"https:\/\/xn--tuvozdiasporaespaola-k7b.com\/page\/2\/wp-json\/wp\/v2\/types\/post"}],"author":[{"embeddable":true,"href":"https:\/\/xn--tuvozdiasporaespaola-k7b.com\/page\/2\/wp-json\/wp\/v2\/users\/222560522"}],"replies":[{"embeddable":true,"href":"https:\/\/xn--tuvozdiasporaespaola-k7b.com\/page\/2\/wp-json\/wp\/v2\/comments?post=1265"}],"version-history":[{"count":0,"href":"https:\/\/xn--tuvozdiasporaespaola-k7b.com\/page\/2\/wp-json\/wp\/v2\/posts\/1265\/revisions"}],"wp:attachment":[{"href":"https:\/\/xn--tuvozdiasporaespaola-k7b.com\/page\/2\/wp-json\/wp\/v2\/media?parent=1265"}],"wp:term":[{"taxonomy":"category","embeddable":true,"href":"https:\/\/xn--tuvozdiasporaespaola-k7b.com\/page\/2\/wp-json\/wp\/v2\/categories?post=1265"},{"taxonomy":"post_tag","embeddable":true,"href":"https:\/\/xn--tuvozdiasporaespaola-k7b.com\/page\/2\/wp-json\/wp\/v2\/tags?post=1265"}],"curies":[{"name":"wp","href":"https:\/\/api.w.org\/{rel}","templated":true}]}}