{"id":1254,"date":"2023-02-25T09:21:24","date_gmt":"2023-02-25T12:21:24","guid":{"rendered":"https:\/\/xn--tuvozdiasporaespaola-k7b.com\/?p=1254"},"modified":"2023-02-25T10:00:50","modified_gmt":"2023-02-25T13:00:50","slug":"foro-de-podemos-exteriorla-fuerza-que-transforma-desde-exterior-elecciones-2023","status":"publish","type":"post","link":"https:\/\/xn--tuvozdiasporaespaola-k7b.com\/page\/2\/foro-de-podemos-exteriorla-fuerza-que-transforma-desde-exterior-elecciones-2023\/","title":{"rendered":"FORO DE PODEMOS EXTERIOR\u201cLa Fuerza que Transforma, desde Exterior: Elecciones 2023\u201d"},"content":{"rendered":"\n<p>JORNADA 24 DE FEBRERO <\/p>\n\n\n\n<p>En el d\u00eda de ayer&nbsp; 24&nbsp; comenz\u00f3 el V foro de Exterior con la participaci\u00f3n&nbsp; en la apertura de Martina Velarde, diputada por C\u00f3rdoba.<\/p>\n\n\n\n<p>Juan Carlos Monedero, presidente del Instituto Rep\u00fablica y Democracia,&nbsp; Ant\u00f2nia Jover, candidata de Podem Illes Balears ,Asunci\u00f3n Mateos G\u00e1mez, secretaria de Pol\u00edticas de Igualdad y Mundo Rural de Podemos Castilla la Mancha, Ximena Donamar\u00eda, secretaria de Cultura de Podem Catalunya y Candidata Podem Sitges y Jos\u00e9 Luis Garc\u00eda Gasc\u00f3n, candidato de Podemos Castilla la Mancha  Nerea Fern\u00e1ndez, portavoz y coordinadora de IU Exterior.<\/p>\n\n\n\n<figure class=\"wp-block-image size-large\"><img fetchpriority=\"high\" decoding=\"async\" width=\"1077\" height=\"1077\" src=\"http:\/\/xn--tuvozdiasporaespaola-k7b.com\/wp-content\/uploads\/2023\/02\/screenshot_20230225_121203_editorlite6851779812507994893.jpg?w=1024\" alt=\"\" class=\"wp-image-1255\" srcset=\"https:\/\/xn--tuvozdiasporaespaola-k7b.com\/wp-content\/uploads\/2023\/02\/screenshot_20230225_121203_editorlite6851779812507994893.jpg 1077w, https:\/\/xn--tuvozdiasporaespaola-k7b.com\/wp-content\/uploads\/2023\/02\/screenshot_20230225_121203_editorlite6851779812507994893-300x300.jpg 300w, https:\/\/xn--tuvozdiasporaespaola-k7b.com\/wp-content\/uploads\/2023\/02\/screenshot_20230225_121203_editorlite6851779812507994893-1024x1024.jpg 1024w, https:\/\/xn--tuvozdiasporaespaola-k7b.com\/wp-content\/uploads\/2023\/02\/screenshot_20230225_121203_editorlite6851779812507994893-150x150.jpg 150w, https:\/\/xn--tuvozdiasporaespaola-k7b.com\/wp-content\/uploads\/2023\/02\/screenshot_20230225_121203_editorlite6851779812507994893-768x768.jpg 768w\" sizes=\"(max-width: 1077px) 100vw, 1077px\" \/><\/figure>\n\n\n\n<p>Donde expusieron sus propuestas program\u00e1ticas para la emigraci\u00f3n Espa\u00f1ola a la vez que entablaron una charla Coloquio con los representantes de los c\u00edrculos de Exterior presentes en Madrid.<\/p>\n\n\n\n<p><a href=\"https:\/\/www.cucoperez.com\/conciertos-1\">https:\/\/www.cucoperez.com\/conciertos-1<\/a><\/p>\n\n\n\n<p>Estas conclusiones de esta primera jornada estuvo llena de trabajo y expectativas cerrando con una&nbsp; Cena en el restaurante Perla del Pac\u00edfico donde el recital de poemas y canciones del exilio y la emigraci\u00f3n espa\u00f1ola dieron el colofon a esta primera jornada.<\/p>\n\n\n\n<figure class=\"wp-block-image size-large\"><img decoding=\"async\" width=\"2880\" height=\"2880\" src=\"http:\/\/xn--tuvozdiasporaespaola-k7b.com\/wp-content\/uploads\/2023\/02\/20230224_175553779751382740823148.jpg?w=1024\" alt=\"\" class=\"wp-image-1257\" srcset=\"https:\/\/xn--tuvozdiasporaespaola-k7b.com\/wp-content\/uploads\/2023\/02\/20230224_175553779751382740823148.jpg 2880w, https:\/\/xn--tuvozdiasporaespaola-k7b.com\/wp-content\/uploads\/2023\/02\/20230224_175553779751382740823148-300x300.jpg 300w, https:\/\/xn--tuvozdiasporaespaola-k7b.com\/wp-content\/uploads\/2023\/02\/20230224_175553779751382740823148-1024x1024.jpg 1024w, https:\/\/xn--tuvozdiasporaespaola-k7b.com\/wp-content\/uploads\/2023\/02\/20230224_175553779751382740823148-150x150.jpg 150w, https:\/\/xn--tuvozdiasporaespaola-k7b.com\/wp-content\/uploads\/2023\/02\/20230224_175553779751382740823148-768x768.jpg 768w, https:\/\/xn--tuvozdiasporaespaola-k7b.com\/wp-content\/uploads\/2023\/02\/20230224_175553779751382740823148-1568x1568.jpg 1568w\" sizes=\"(max-width: 2880px) 100vw, 2880px\" \/><\/figure>\n\n\n\n<p>Hoy d\u00eda 25 continuamos con:<\/p>\n\n\n\n<p>12:00 -13:15 &#8211; Ley de Memoria Democr\u00e1tica <\/p>\n\n\n\n<p><strong>M\u00f3nica Puertas,<\/strong> Memoria y Derechos Humanos ex ESMA y ruta Guerra Civil en Buenos Aires.<\/p>\n\n\n\n<p><strong>Arturo Peinado,<\/strong> presidente de Foro por la Memoria Espa\u00f1a.<\/p>\n\n\n\n<p><strong>M\u00f3nica Rodero,<\/strong> candidata de Podemos Cantabria.&nbsp;<\/p>\n\n\n\n<p><strong>Juan Manuel de Hoz<\/strong>, l\u00edder de CeDEU Confederaci\u00f3n de Espa\u00f1oles en el Exterior.&nbsp;<\/p>\n\n\n\n<p>Moderaci\u00f3n: Federico Funes, \u00c1rea de Memoria Hist\u00f3rica.<\/p>\n\n\n\n<figure class=\"wp-block-image size-large\"><img decoding=\"async\" width=\"1080\" height=\"1495\" src=\"http:\/\/xn--tuvozdiasporaespaola-k7b.com\/wp-content\/uploads\/2023\/02\/screenshot_20230225_135808_drive4950557836414345752.jpg?w=740\" alt=\"\" class=\"wp-image-1260\" srcset=\"https:\/\/xn--tuvozdiasporaespaola-k7b.com\/wp-content\/uploads\/2023\/02\/screenshot_20230225_135808_drive4950557836414345752.jpg 1080w, https:\/\/xn--tuvozdiasporaespaola-k7b.com\/wp-content\/uploads\/2023\/02\/screenshot_20230225_135808_drive4950557836414345752-217x300.jpg 217w, https:\/\/xn--tuvozdiasporaespaola-k7b.com\/wp-content\/uploads\/2023\/02\/screenshot_20230225_135808_drive4950557836414345752-740x1024.jpg 740w, https:\/\/xn--tuvozdiasporaespaola-k7b.com\/wp-content\/uploads\/2023\/02\/screenshot_20230225_135808_drive4950557836414345752-768x1063.jpg 768w\" sizes=\"(max-width: 1080px) 100vw, 1080px\" \/><\/figure>\n\n\n\n<p>13:15 &#8211; 14:30 &#8211; Crisis ecosocial, impacto en las migraciones y propuestas para evitar el colapso<\/p>\n\n\n\n<p><strong>Irene de Miguel<\/strong>, secretaria de Horizonte Verde y candidata de Podemos Extremadura.&nbsp;<\/p>\n\n\n\n<p><strong>Mar\u00eda Mar\u00edn,<\/strong> candidata de Podemos Murcia.<\/p>\n\n\n\n<p><strong>Ra\u00fal P\u00e9rez,<\/strong> candidato de Podemos La Rioja.&nbsp;<\/p>\n\n\n\n<p>Moderaci\u00f3n: Juan Jos\u00e9 de Blas, \u00c1rea Ecolog\u00eda Podemos Exterior, y Noelia Morinigo, C\u00edrculo Argentina Provincias.<\/p>\n\n\n\n<p>16:00 a 18:00 &#8211; Estrategia medi\u00e1tica en el Exterior y repercusi\u00f3n en las elecciones auton\u00f3micas.<\/p>\n\n\n\n<figure class=\"wp-block-image size-large\"><img loading=\"lazy\" decoding=\"async\" width=\"2880\" height=\"2880\" src=\"http:\/\/xn--tuvozdiasporaespaola-k7b.com\/wp-content\/uploads\/2023\/02\/20230225_0155243956011547263840521.jpg?w=1024\" alt=\"\" class=\"wp-image-1258\" srcset=\"https:\/\/xn--tuvozdiasporaespaola-k7b.com\/wp-content\/uploads\/2023\/02\/20230225_0155243956011547263840521.jpg 2880w, https:\/\/xn--tuvozdiasporaespaola-k7b.com\/wp-content\/uploads\/2023\/02\/20230225_0155243956011547263840521-300x300.jpg 300w, https:\/\/xn--tuvozdiasporaespaola-k7b.com\/wp-content\/uploads\/2023\/02\/20230225_0155243956011547263840521-1024x1024.jpg 1024w, https:\/\/xn--tuvozdiasporaespaola-k7b.com\/wp-content\/uploads\/2023\/02\/20230225_0155243956011547263840521-150x150.jpg 150w, https:\/\/xn--tuvozdiasporaespaola-k7b.com\/wp-content\/uploads\/2023\/02\/20230225_0155243956011547263840521-768x768.jpg 768w, https:\/\/xn--tuvozdiasporaespaola-k7b.com\/wp-content\/uploads\/2023\/02\/20230225_0155243956011547263840521-1568x1568.jpg 1568w\" sizes=\"(max-width: 2880px) 100vw, 2880px\" \/><\/figure>\n\n\n\n<p><strong>Joaqu\u00edn Polo,<\/strong> integrante del equipo de campa\u00f1a del Frente de Todos en Argentina y coordinador del equipo de comunicaci\u00f3n del Ministerio de Desarrollo Social de Argentina.<\/p>\n\n\n\n<p><strong>Rub\u00e9n Aguilar,<\/strong> director de campa\u00f1a, Madrid.<\/p>\n\n\n\n<p><strong>Dale Zaccaria<\/strong> Periodista italiana&nbsp; Associada Siae y GNS Press.<\/p>\n\n\n\n<p>Autora y&nbsp; Escritora<\/p>\n\n\n\n<p><strong>Juli\u00e1n Mac\u00edas,<\/strong> Pandemia Digital y ex responsable de redes de Podemos.<\/p>\n\n\n\n<p>Moderaci\u00f3n: Miguel \u00c1ngel Ferris y Celeste Delgado Librero, \u00c1rea de Comunicaci\u00f3n Exterior.<\/p>\n\n\n\n<p>18:30 &#8211; 19:30 &#8211; Presentaci\u00f3n del Canal Twitch Podemos Exterior<\/p>\n\n\n\n<p>Juli\u00e1n Mac\u00edas, Pandemia Digital y ex-responsable de redes de Podemos.&nbsp;<\/p>\n\n\n\n<p>Roberto San Mart\u00edn, conductor del programa de radio Cenizas de Babilonia, C\u00edrculo Argentina Provincias.<\/p>\n\n\n\n<p>Entrevistas en directo.<\/p>\n\n\n\n<p>Moderaci\u00f3n: Miguel \u00c1ngel Ferris y Celeste Delgado Librero, \u00c1rea de Comunicaci\u00f3n Exterior.<\/p>\n\n\n\n<p>21:00 &#8211; Cena en restaurante Perla del Pac\u00edfico (al lado de la Sede).<\/p>\n\n\n\n<p>22:00 &#8211; 23:00 &#8211; Silvia Gers, cantante de rock<\/p>\n\n\n\n<p>Unas jornadas Hist\u00f3ricas para la Di\u00e1spora  Espa\u00f1ola.<\/p>\n\n\n\n<p>Redacci\u00f3n de revista TU VOZ.<\/p>\n","protected":false},"excerpt":{"rendered":"<p>JORNADA 24 DE FEBRERO En el d\u00eda de ayer&nbsp; 24&nbsp; comenz\u00f3 el V foro de Exterior con la participaci\u00f3n&nbsp; en la apertura de Martina &#8230; <\/p>\n<p class=\"read-more-container\"><a title=\"FORO DE PODEMOS EXTERIOR\u201cLa Fuerza que Transforma, desde Exterior: Elecciones 2023\u201d\" class=\"read-more button\" href=\"https:\/\/xn--tuvozdiasporaespaola-k7b.com\/page\/2\/foro-de-podemos-exteriorla-fuerza-que-transforma-desde-exterior-elecciones-2023\/#more-1254\" aria-label=\"M\u00e1s en FORO DE PODEMOS EXTERIOR\u201cLa Fuerza que Transforma, desde Exterior: Elecciones 2023\u201d\">Leer m\u00e1s<\/a><\/p>\n","protected":false},"author":222560522,"featured_media":0,"comment_status":"open","ping_status":"open","sticky":false,"template":"","format":"standard","meta":{"footnotes":""},"categories":[1771],"tags":[],"class_list":["post-1254","post","type-post","status-publish","format-standard","hentry","category-sociales"],"_links":{"self":[{"href":"https:\/\/xn--tuvozdiasporaespaola-k7b.com\/page\/2\/wp-json\/wp\/v2\/posts\/1254","targetHints":{"allow":["GET"]}}],"collection":[{"href":"https:\/\/xn--tuvozdiasporaespaola-k7b.com\/page\/2\/wp-json\/wp\/v2\/posts"}],"about":[{"href":"https:\/\/xn--tuvozdiasporaespaola-k7b.com\/page\/2\/wp-json\/wp\/v2\/types\/post"}],"author":[{"embeddable":true,"href":"https:\/\/xn--tuvozdiasporaespaola-k7b.com\/page\/2\/wp-json\/wp\/v2\/users\/222560522"}],"replies":[{"embeddable":true,"href":"https:\/\/xn--tuvozdiasporaespaola-k7b.com\/page\/2\/wp-json\/wp\/v2\/comments?post=1254"}],"version-history":[{"count":0,"href":"https:\/\/xn--tuvozdiasporaespaola-k7b.com\/page\/2\/wp-json\/wp\/v2\/posts\/1254\/revisions"}],"wp:attachment":[{"href":"https:\/\/xn--tuvozdiasporaespaola-k7b.com\/page\/2\/wp-json\/wp\/v2\/media?parent=1254"}],"wp:term":[{"taxonomy":"category","embeddable":true,"href":"https:\/\/xn--tuvozdiasporaespaola-k7b.com\/page\/2\/wp-json\/wp\/v2\/categories?post=1254"},{"taxonomy":"post_tag","embeddable":true,"href":"https:\/\/xn--tuvozdiasporaespaola-k7b.com\/page\/2\/wp-json\/wp\/v2\/tags?post=1254"}],"curies":[{"name":"wp","href":"https:\/\/api.w.org\/{rel}","templated":true}]}}