{"id":1248,"date":"2023-02-20T21:12:22","date_gmt":"2023-02-21T00:12:22","guid":{"rendered":"https:\/\/xn--tuvozdiasporaespaola-k7b.com\/2023\/02\/20\/podemos-exterior-reune-a-lideres-autonomicos-para-darles-el-apoyo-de-la-diaspora-espanola\/"},"modified":"2023-02-20T21:17:40","modified_gmt":"2023-02-21T00:17:40","slug":"podemos-exterior-reune-a-lideres-autonomicos-para-darles-el-apoyo-de-la-diaspora-espanola","status":"publish","type":"post","link":"https:\/\/xn--tuvozdiasporaespaola-k7b.com\/page\/2\/podemos-exterior-reune-a-lideres-autonomicos-para-darles-el-apoyo-de-la-diaspora-espanola\/","title":{"rendered":"Podemos Exterior re\u00fane a l\u00edderes auton\u00f3micos para darles el apoyo de la di\u00e1spora espa\u00f1ola."},"content":{"rendered":"\n<p>El pr\u00f3ximo fin de semana, d\u00edas 24, 25 y 26 de febrero, las Redes de C\u00edrculos de Podemos en el Exterior celebrar\u00e1n en la sede nacional de Podemos en Madrid su V Foro, bajo el lema \u201cPodemos, la fuerza que transforma desde el Exterior\u201d. Con ello los 18 C\u00edrculos de Am\u00e9rica y Europa dar\u00e1n comienzo a la precampa\u00f1a de las elecciones de 2023.<\/p>\n\n\n\n<p>Podemos Exterior se sit\u00faa como la mayor red de activismo pol\u00edtico entre los partidos de izquierda de la di\u00e1spora espa\u00f1ola, con m\u00e1s de 250 militantes y alrededor de 11.000 inscritas e inscritos. Su presencia se extiende por 20 pa\u00edses y actualmente tiene una difusi\u00f3n medi\u00e1tica en redes sociales y medios afines de m\u00e1s de 250.000 ciudadanos y ciudadanas fuera de Espa\u00f1a. Por resultados electorales, se ha venido situando entre la primera fuerza en votos de la emigraci\u00f3n en 2015 y la segunda en 2019, con el 18% del total.<\/p>\n\n\n\n<figure class=\"wp-block-image size-large\"><img fetchpriority=\"high\" decoding=\"async\" width=\"2880\" height=\"2880\" src=\"http:\/\/xn--tuvozdiasporaespaola-k7b.com\/wp-content\/uploads\/2023\/02\/20230220_205220303240800621308519.jpg?w=1024\" alt=\"\" class=\"wp-image-1249\" srcset=\"https:\/\/xn--tuvozdiasporaespaola-k7b.com\/wp-content\/uploads\/2023\/02\/20230220_205220303240800621308519.jpg 2880w, https:\/\/xn--tuvozdiasporaespaola-k7b.com\/wp-content\/uploads\/2023\/02\/20230220_205220303240800621308519-300x300.jpg 300w, https:\/\/xn--tuvozdiasporaespaola-k7b.com\/wp-content\/uploads\/2023\/02\/20230220_205220303240800621308519-1024x1024.jpg 1024w, https:\/\/xn--tuvozdiasporaespaola-k7b.com\/wp-content\/uploads\/2023\/02\/20230220_205220303240800621308519-150x150.jpg 150w, https:\/\/xn--tuvozdiasporaespaola-k7b.com\/wp-content\/uploads\/2023\/02\/20230220_205220303240800621308519-768x768.jpg 768w, https:\/\/xn--tuvozdiasporaespaola-k7b.com\/wp-content\/uploads\/2023\/02\/20230220_205220303240800621308519-1568x1568.jpg 1568w\" sizes=\"(max-width: 2880px) 100vw, 2880px\" \/><figcaption class=\"wp-element-caption\">Martina Velarde, Rafa Mayoral, Alejandra Jacinto, Juan Carlos Monedero, Nahia Lizaso, Jos\u00e9 Lu\u00eds Garc\u00eda <\/figcaption><\/figure>\n\n\n\n<p>El objetivo del V Foro es estrechar la vinculaci\u00f3n de la di\u00e1spora espa\u00f1ola con las Comunidades Aut\u00f3nomas y las organizaciones territoriales del partido, profundizando en un modelo federal y en la suma de energ\u00edas de cara especialmente a la hoja de ruta electoral de 2023.<\/p>\n\n\n\n<figure class=\"wp-block-image size-large\"><img decoding=\"async\" width=\"2880\" height=\"2880\" src=\"http:\/\/xn--tuvozdiasporaespaola-k7b.com\/wp-content\/uploads\/2023\/02\/20230220_2056018134928361374247472.jpg?w=1024\" alt=\"\" class=\"wp-image-1246\" srcset=\"https:\/\/xn--tuvozdiasporaespaola-k7b.com\/wp-content\/uploads\/2023\/02\/20230220_2056018134928361374247472.jpg 2880w, https:\/\/xn--tuvozdiasporaespaola-k7b.com\/wp-content\/uploads\/2023\/02\/20230220_2056018134928361374247472-300x300.jpg 300w, https:\/\/xn--tuvozdiasporaespaola-k7b.com\/wp-content\/uploads\/2023\/02\/20230220_2056018134928361374247472-1024x1024.jpg 1024w, https:\/\/xn--tuvozdiasporaespaola-k7b.com\/wp-content\/uploads\/2023\/02\/20230220_2056018134928361374247472-150x150.jpg 150w, https:\/\/xn--tuvozdiasporaespaola-k7b.com\/wp-content\/uploads\/2023\/02\/20230220_2056018134928361374247472-768x768.jpg 768w, https:\/\/xn--tuvozdiasporaespaola-k7b.com\/wp-content\/uploads\/2023\/02\/20230220_2056018134928361374247472-1568x1568.jpg 1568w\" sizes=\"(max-width: 2880px) 100vw, 2880px\" \/><figcaption class=\"wp-element-caption\">Ant\u00f2nia J\u00f2ver, Irene de Miguel, M\u00f3nica Rodero, H\u00e9ctor Illueca, M\u00f3nica Puertas, Joaqu\u00edn Polo.<\/figcaption><\/figure>\n\n\n\n<p>Adem\u00e1s de militantes de Podemos Exterior, que participar\u00e1n de manera presencial y telem\u00e1tica, en el V Foro estar\u00e1n presentes especialistas como el conocido director del canal de Twitch Juli\u00e1n Mac\u00edas, Joaquin Polo , Director de Documentales reivindicativos, Dale Zaccaria, periodista Italiana y una mayor\u00eda de candidatas y candidatos a los gobiernos auton\u00f3micos de las 12 Comunidades que celebran elecciones el pr\u00f3ximo 28 de mayo: Alejandra Jacinto (Comunidad Aut\u00f3noma de Madrid), H\u00e9ctor Illueca (Comunidad Valenciana), Antonia J\u00f2ver (Baleares), Jos\u00e9 Luis Garc\u00eda Gasc\u00f3n (Castilla-La Mancha), Irene de Miguel (Extremadura), Mar\u00eda Mar\u00edn (Murcia), M\u00f3nica Rodero (Cantabria) y Ra\u00fal P\u00e9rez (La Rioja). Martina Velarde (Secretaria General de Podemos en Andaluc\u00eda) y Ximena Donamar\u00eda (Secretaria de Cultura de Podem Catalunya), Nahia Lizaso,&nbsp; Coordinadora de Rebeld\u00eda Podemos ( Navarra), Asunci\u00f3n Mateos G\u00e1mez Secretaria de Igualdad y mundo Rural ( Castilla la Mancha ) asistir\u00e1n presencialmente, mientras que Podemos de Canarias, Arag\u00f3n&nbsp; y Asturias han transmitido su apoyo.<\/p>\n\n\n\n<p>El V Foro ser\u00e1 un lugar de encuentro para compartir ideas y propuestas en seis mesas de debate relacionadas con temas de inter\u00e9s para las personas emigradas, para las que han retornado o desean retornar a Espa\u00f1a y para las representaciones de Podemos en las Comunidades Auton\u00f3micas: \u201cLas Comunidades Aut\u00f3nomas ante la activaci\u00f3n del voto Exterior\u201d, \u201cFeminismo e igualdad, retos en territorios y el Exterior\u201d, \u201cLa Ley de la Memoria Democr\u00e1tica\u201d con Arturo Peinado  Presidente Foro por la Memoria y Monica Puertas, \u201cCrisis ecosocial, impacto en las migraciones y propuestas para evitar el colapso\u201d, \u201cEstrategia medi\u00e1tica en el Exterior\u201d y \u201cEntrelazando Podemos, sinergias organizativas para incrementar el voto Exterior\u201d.<\/p>\n\n\n\n<figure class=\"wp-block-image size-large\"><img decoding=\"async\" width=\"2880\" height=\"2880\" src=\"http:\/\/xn--tuvozdiasporaespaola-k7b.com\/wp-content\/uploads\/2023\/02\/20230220_2104221307874708367014306.jpg?w=1024\" alt=\"\" class=\"wp-image-1250\" srcset=\"https:\/\/xn--tuvozdiasporaespaola-k7b.com\/wp-content\/uploads\/2023\/02\/20230220_2104221307874708367014306.jpg 2880w, https:\/\/xn--tuvozdiasporaespaola-k7b.com\/wp-content\/uploads\/2023\/02\/20230220_2104221307874708367014306-300x300.jpg 300w, https:\/\/xn--tuvozdiasporaespaola-k7b.com\/wp-content\/uploads\/2023\/02\/20230220_2104221307874708367014306-1024x1024.jpg 1024w, https:\/\/xn--tuvozdiasporaespaola-k7b.com\/wp-content\/uploads\/2023\/02\/20230220_2104221307874708367014306-150x150.jpg 150w, https:\/\/xn--tuvozdiasporaespaola-k7b.com\/wp-content\/uploads\/2023\/02\/20230220_2104221307874708367014306-768x768.jpg 768w, https:\/\/xn--tuvozdiasporaespaola-k7b.com\/wp-content\/uploads\/2023\/02\/20230220_2104221307874708367014306-1568x1568.jpg 1568w\" sizes=\"(max-width: 2880px) 100vw, 2880px\" \/><figcaption class=\"wp-element-caption\">Ra\u00fal P\u00e9rez, Juli\u00e1n Mac\u00edas,  Asunci\u00f3n Mateos,  Mar\u00eda Mar\u00edn, Ximena Donamar\u00eda, Arturo Peinado<\/figcaption><\/figure>\n\n\n\n<p>El acto de apertura contar\u00e1 con la presencia de Juan Carlos Monedero, presidente del Instituto Rep\u00fablica y Democracia y  Rafa Mayoral telematicamente. En el acto de clausura participar\u00e1n Alejandra Jacinto, candidata a la Comunidad de Madrid por Podemos, e Ione Belarra quien lo har\u00e1 telem\u00e1ticamente, ya que estar\u00e1 presente en el Congreso Internacional Feminista, cuyas sesiones concluyen a la misma hora.<\/p>\n\n\n\n<p>Comisi\u00f3n Organizadora del V FORO EXTERIOR,&nbsp; Comunicaci\u00f3n.<\/p>\n","protected":false},"excerpt":{"rendered":"<p>El pr\u00f3ximo fin de semana, d\u00edas 24, 25 y 26 de febrero, las Redes de C\u00edrculos de Podemos en el Exterior celebrar\u00e1n en la &#8230; <\/p>\n<p class=\"read-more-container\"><a title=\"Podemos Exterior re\u00fane a l\u00edderes auton\u00f3micos para darles el apoyo de la di\u00e1spora espa\u00f1ola.\" class=\"read-more button\" href=\"https:\/\/xn--tuvozdiasporaespaola-k7b.com\/page\/2\/podemos-exterior-reune-a-lideres-autonomicos-para-darles-el-apoyo-de-la-diaspora-espanola\/#more-1248\" aria-label=\"M\u00e1s en Podemos Exterior re\u00fane a l\u00edderes auton\u00f3micos para darles el apoyo de la di\u00e1spora espa\u00f1ola.\">Leer m\u00e1s<\/a><\/p>\n","protected":false},"author":222560522,"featured_media":0,"comment_status":"open","ping_status":"open","sticky":false,"template":"","format":"standard","meta":{"footnotes":""},"categories":[1771],"tags":[],"class_list":["post-1248","post","type-post","status-publish","format-standard","hentry","category-sociales"],"_links":{"self":[{"href":"https:\/\/xn--tuvozdiasporaespaola-k7b.com\/page\/2\/wp-json\/wp\/v2\/posts\/1248","targetHints":{"allow":["GET"]}}],"collection":[{"href":"https:\/\/xn--tuvozdiasporaespaola-k7b.com\/page\/2\/wp-json\/wp\/v2\/posts"}],"about":[{"href":"https:\/\/xn--tuvozdiasporaespaola-k7b.com\/page\/2\/wp-json\/wp\/v2\/types\/post"}],"author":[{"embeddable":true,"href":"https:\/\/xn--tuvozdiasporaespaola-k7b.com\/page\/2\/wp-json\/wp\/v2\/users\/222560522"}],"replies":[{"embeddable":true,"href":"https:\/\/xn--tuvozdiasporaespaola-k7b.com\/page\/2\/wp-json\/wp\/v2\/comments?post=1248"}],"version-history":[{"count":0,"href":"https:\/\/xn--tuvozdiasporaespaola-k7b.com\/page\/2\/wp-json\/wp\/v2\/posts\/1248\/revisions"}],"wp:attachment":[{"href":"https:\/\/xn--tuvozdiasporaespaola-k7b.com\/page\/2\/wp-json\/wp\/v2\/media?parent=1248"}],"wp:term":[{"taxonomy":"category","embeddable":true,"href":"https:\/\/xn--tuvozdiasporaespaola-k7b.com\/page\/2\/wp-json\/wp\/v2\/categories?post=1248"},{"taxonomy":"post_tag","embeddable":true,"href":"https:\/\/xn--tuvozdiasporaespaola-k7b.com\/page\/2\/wp-json\/wp\/v2\/tags?post=1248"}],"curies":[{"name":"wp","href":"https:\/\/api.w.org\/{rel}","templated":true}]}}