{"id":1238,"date":"2023-02-20T11:46:58","date_gmt":"2023-02-20T14:46:58","guid":{"rendered":"https:\/\/xn--tuvozdiasporaespaola-k7b.com\/?p=1238"},"modified":"2023-02-20T11:47:08","modified_gmt":"2023-02-20T14:47:08","slug":"el-patio-trasero","status":"publish","type":"post","link":"https:\/\/xn--tuvozdiasporaespaola-k7b.com\/page\/2\/el-patio-trasero\/","title":{"rendered":"EL PATIO TRASERO"},"content":{"rendered":"\n<p>El pa\u00eds norteamericano suelen exhibir a veces, una franqueza brutal que ayuda, de alg\u00fanmodo, a clarificar la cuesti\u00f3n en debate. En julio 2022 en el marco de la Concordia Annual Summit, la <strong>general norteamericana Laura Richardson, jefa del Comando Sur (SOUTHCOM) asegur\u00f3 que las inversiones de China est\u00e1<\/strong><strong><em>n \u201csocavando la democracia\u201d <\/em><\/strong><strong>en Latinoam\u00e9rica.<\/strong><br>En su posterior gira por Am\u00e9rica Latina declar\u00f3 que hab\u00eda hablado con los embajadores estadounidenses en Argentina y Chile y con ejecutivos de las empresas Livent y Albemarle para discutir la exclusi\u00f3n de competidores de la regi\u00f3n que viene a corroborar la idea de los planes anexionistas de EEUU para con Am\u00e9rica Latina basados en la Doctrina Monroe que se pueden rastrear a lo largo de la historia reciente.<\/p>\n\n\n\n<figure class=\"wp-block-pullquote\"><blockquote><p>\u00abEstados Unidos no tiene amigos permanentes,<br>solo intereses\u201d.<br>John Quincy Adams<br>6\u00b0 presidente de EEUU<\/p><\/blockquote><\/figure>\n\n\n\n<p>Los Documentos de Santa Fe redactados por la CIA a partir de 1980, estaban inspirados frente al temor de la propagaci\u00f3n marxista en la regi\u00f3n y sirvieron como base operativa del fortalecimiento de la pol\u00edtica de dominaci\u00f3n estadounidense en Am\u00e9rica Latina.<br>En 1996, durante la II Conferencia de Ministros de Defensa de las Am\u00e9ricas, realizada en Bariloche (Argentina), William Perry, el ex-jefe del Pent\u00e1gono declar\u00f3: \u00abLa regi\u00f3n es la fuente de recursos vitales para nuestra seguridad y bienestar, (en la medida en que Am\u00e9rica Latina) es el tercer mercado en importancia para nuestras exportaciones\u00bb<br>El documento Santa Fe IV<em>: \u00abLatinoam\u00e9rica hoy\u00bb, editado por James P Lucier a finales de 2000 y destinado a orientar ideol\u00f3gicamente la pol\u00edtica de EEUU hacia Am\u00e9rica Latina,<\/em> significa lisa y llanamente un plan de anexi\u00f3n de Am\u00e9rica Latina y el Caribe. De acuerdo a ese plan de anexi\u00f3n se trazan las estrategias y se definen los enemigos.<\/p>\n\n\n\n<figure class=\"wp-block-image size-large\"><img fetchpriority=\"high\" decoding=\"async\" width=\"748\" height=\"498\" src=\"http:\/\/xn--tuvozdiasporaespaola-k7b.com\/wp-content\/uploads\/2023\/02\/america-latina-eeuu8647723541107297825.jpg?w=748\" alt=\"\" class=\"wp-image-1240\" srcset=\"https:\/\/xn--tuvozdiasporaespaola-k7b.com\/wp-content\/uploads\/2023\/02\/america-latina-eeuu8647723541107297825.jpg 748w, https:\/\/xn--tuvozdiasporaespaola-k7b.com\/wp-content\/uploads\/2023\/02\/america-latina-eeuu8647723541107297825-300x200.jpg 300w\" sizes=\"(max-width: 748px) 100vw, 748px\" \/><\/figure>\n\n\n\n<p>Podemos leer en el documento: <br><em>\u00abA continuaci\u00f3n se plantean los principales elementos geoestrat\u00e9gicos que siguen siendo <\/em> <em>importantes para la seguridad nacional de Estados Unidos: <\/em><br><em>1. Control de los estrechos Atl\u00e1nticos. <\/em><br><em>2. Uso del Canal de Panam\u00e1. <\/em><br><em>3. Una ruta sure\u00f1a segura alrededor del Cabo de Hornos. <\/em><br><em>Todos estos est\u00e1n dentro del escenario estrat\u00e9gico naval. <\/em><br><em>4. Seguridad de que los pa\u00edses del hemisferio no son hostiles a nuestras preocupaciones de <\/em> <em>seguridad nacional. Adem\u00e1s, que los recursos naturales del hemisferio est\u00e9n disponibles <\/em> <em>para responder a nuestras prioridades nacionales. Una \u00abdoctrina Monroe\u00bb, si quieren\u00bb<\/em><\/p>\n\n\n\n<p><\/p>\n\n\n\n<p><strong>ALCA<\/strong><br>En diciembre de 1994, durante la 1\u00aa Cumbre de las Am\u00e9ricas realizada en Miami, el gobierno estadounidense propuso a los 34 pa\u00edses del continente, con excepci\u00f3n de Cuba, establecer un \u00c1rea de Libre Comercio (ALCA) a partir del 1\u00ba de enero del 2004, fue\u00a0 postergado un a\u00f1o por reticencias de Brasil y Venezuela.<\/p>\n\n\n\n<p>Evidentemente, no era s\u00f3lo un acuerdo de integraci\u00f3n comercial, sino el punto de partida de una concepci\u00f3n global sobre el modelo socioecon\u00f3mico, la soberan\u00eda y el rol de los estados nacionales. Se trataba de un proyecto que procuraba consolidar una zona de dominaci\u00f3n en toda Am\u00e9rica, controlando \u00e1reas de inversi\u00f3n de capital, capturando las materias primas y explotando mano de obra a baj\u00edsimos salarios.<\/p>\n\n\n\n<p><br>Alrededor de la discusi\u00f3n sobre el ALCA (\u00c1rea de Libre Comercio de las Am\u00e9ricas), Robert Zoellick, secretario de Comercio de EEUU y principal negociador del ALCA, trat\u00f3 de endulzar los o\u00eddos de los pueblos latinoamericanos presentando el proyecto como: \u00ab<strong><em>una oportunidad hist\u00f3rica de ampliar el comercio, extender la prosperidad, difundir la democracia<\/em><\/strong><br><strong><em>y profundizar la asociaci\u00f3n hemisf\u00e9rica en medio de la competencia mundial\u00bb<\/em><\/strong><br>Quiz\u00e1s alg\u00fan cr\u00e9dulo lo crey\u00f3 hasta que el Secretario de Estado de EEUU, Colin Powell, puso las cosas en su sitio: <em><strong>\u00abNuestro objetivo con el ALCA es garantizar para las empresas norteamericanas el control de un territorio que se extiende desde el \u00c1rtico hasta la Ant\u00e1rtida y el libre acceso -sin ninguna clase de obst\u00e1culos- de nuestros productos, servicios, tecnolog\u00edas y capitales por todo el hemisferio\u00bb<\/strong><\/em> seg\u00fan recoge la Agencia Latinoamericana de Informaci\u00f3n (ALAI)1<\/p>\n\n\n\n<figure class=\"wp-block-image size-large\"><img decoding=\"async\" width=\"1200\" height=\"800\" src=\"http:\/\/xn--tuvozdiasporaespaola-k7b.com\/wp-content\/uploads\/2023\/02\/5b9c67e20be8deae715994a86d190a67_big538007752304696777.jpg?w=1024\" alt=\"\" class=\"wp-image-1241\" srcset=\"https:\/\/xn--tuvozdiasporaespaola-k7b.com\/wp-content\/uploads\/2023\/02\/5b9c67e20be8deae715994a86d190a67_big538007752304696777.jpg 1200w, https:\/\/xn--tuvozdiasporaespaola-k7b.com\/wp-content\/uploads\/2023\/02\/5b9c67e20be8deae715994a86d190a67_big538007752304696777-300x200.jpg 300w, https:\/\/xn--tuvozdiasporaespaola-k7b.com\/wp-content\/uploads\/2023\/02\/5b9c67e20be8deae715994a86d190a67_big538007752304696777-1024x683.jpg 1024w, https:\/\/xn--tuvozdiasporaespaola-k7b.com\/wp-content\/uploads\/2023\/02\/5b9c67e20be8deae715994a86d190a67_big538007752304696777-768x512.jpg 768w\" sizes=\"(max-width: 1200px) 100vw, 1200px\" \/><\/figure>\n\n\n\n<p>1 <em>Le\u00f3n, Osvaldo: \u00abMovilizaci\u00f3n continental contra el ALCA\u00bb en ALAI-Amlatina, 24\/1\/2002.<\/em><\/p>\n\n\n\n<p><br>Seg\u00fan la idea norteamericana, el acuerdo tender\u00eda a garantizar el acceso a los mercadospara los productos industriales y agr\u00edcolas a trav\u00e9s de la eliminaci\u00f3n de barreras arancelarias, inversiones, servicios, compras gubernamentales, defensa comercial (derechos antidumping y compensatorios), propiedad intelectual, pol\u00edticas de competencia y establecimiento de un mecanismo regional para la soluci\u00f3n de las controversias, un Tratado de Libre Comercio en toda regla.<br>M\u00e1s claramente esto quer\u00eda decir, que regir\u00eda en la regi\u00f3n el derecho a la libre inversi\u00f3n, que le permitir\u00eda a una empresa multinacional demandar a los gobiernos que adopten pol\u00edticas que reduzcan sus beneficios. O tambi\u00e9n la creaci\u00f3n de tribunales comerciales reemplazando a los jueces y cortes nacionales, la desregulaci\u00f3n y privatizaci\u00f3n de servicios y bienes p\u00fablicos (educaci\u00f3n, salud, energ\u00eda), la prohibici\u00f3n de pol\u00edticas estatales orientadas a favorecer\u00a0 uso de bienes locales, la apertura de las compras y contrataciones<br>estatales a todas las empresas del continente y la expansi\u00f3n del derecho de propiedad intelectual.<br><strong>Desde la \u00f3ptica del dominio imperial el ALCA se complementaba en M\u00e9xico y Am\u00e9rica Central con el PPP (Plan Puebla Panam\u00e1) y en Am\u00e9rica del Sur con el plan IIRSA(Integraci\u00f3n de la Infraestructura Regional Suramericana) EEUU necesitaba acentuar el control de su \u00abpatio trasero\u00bb, <\/strong>para incrementar lasexportaciones hacia un mercado de 800 millones de personas, un producto bruto interno de 11.000 millones de d\u00f3lares, para as\u00ed reducir simult\u00e1neamente, el d\u00e9ficit de la balanza comercial que casi llegaba a medio bill\u00f3n de d\u00f3lares, el d\u00e9ficit de su cuenta corriente que secalculaba en el 5% del PIB, y sus niveles de desempleo, dominar la energ\u00eda y otros recursos\u00a0 estrat\u00e9gicos como los combustibles f\u00f3siles, minerales y agua, y hegemonizar la regi\u00f3n con <br>la ayuda de los pr\u00e9stamos del FMI en la regi\u00f3n, para competir directamente con la UE y la\u00a0 presencia incipiente de China. <br>Si se compara la ubicaci\u00f3n de las bases militares norteamericanas existentes y las\u00a0 propuestas por la administraci\u00f3n Bush, zona de ejercicios militares, sus radios de acci\u00f3n,\u00a0 recorridos y posible zona de desplazamiento, presentados por la investigadora Ana Esther\u00a0 Cece\u00f1a y lo comparamos con los 12 Ejes de Integraci\u00f3n de la IIRSA y los Corredores del\u00a0 PPP propuestos por el BID, la CAF y el Banco Mundial vemos como se  superponen una\u00a0 realidad con la otra. <\/p>\n\n\n\n<figure class=\"wp-block-image size-large\"><img decoding=\"async\" width=\"1024\" height=\"682\" src=\"http:\/\/xn--tuvozdiasporaespaola-k7b.com\/wp-content\/uploads\/2023\/02\/marchafederalporpantechoytrabajo_miconi_20180601_img_0233-23385530976464697909.jpg?w=1024\" alt=\"\" class=\"wp-image-1243\" srcset=\"https:\/\/xn--tuvozdiasporaespaola-k7b.com\/wp-content\/uploads\/2023\/02\/marchafederalporpantechoytrabajo_miconi_20180601_img_0233-23385530976464697909.jpg 1024w, https:\/\/xn--tuvozdiasporaespaola-k7b.com\/wp-content\/uploads\/2023\/02\/marchafederalporpantechoytrabajo_miconi_20180601_img_0233-23385530976464697909-300x200.jpg 300w, https:\/\/xn--tuvozdiasporaespaola-k7b.com\/wp-content\/uploads\/2023\/02\/marchafederalporpantechoytrabajo_miconi_20180601_img_0233-23385530976464697909-768x512.jpg 768w\" sizes=\"(max-width: 1024px) 100vw, 1024px\" \/><figcaption class=\"wp-element-caption\">Adolfo P\u00e9rez Esquivel<\/figcaption><\/figure>\n\n\n\n<p><br>En palabras de Adolfo P\u00e9rez Esquivel: <em><strong>\u00abForma parte de un proyecto de dominaci\u00f3n que\u00a0 abarca adem\u00e1s la \u00abintegraci\u00f3n\u00bb de las fuerzas armadas de la regi\u00f3n, [\u2026..,] el\u00a0 condicionamiento permanente del FMI, el Banco Mundial y dem\u00e1s \u00abacreedores\u00bb de la deuda eterna\u00bb<\/strong><\/em><\/p>\n\n\n\n<p>Juan L\u00f3pez, Redacci\u00f3n Revista TU VOZ\u00a0\u00a0 Delegaci\u00f3n Argentina.<\/p>\n","protected":false},"excerpt":{"rendered":"<p>El pa\u00eds norteamericano suelen exhibir a veces, una franqueza brutal que ayuda, de alg\u00fanmodo, a clarificar la cuesti\u00f3n en debate. En julio 2022 en &#8230; <\/p>\n<p class=\"read-more-container\"><a title=\"EL PATIO TRASERO\" class=\"read-more button\" href=\"https:\/\/xn--tuvozdiasporaespaola-k7b.com\/page\/2\/el-patio-trasero\/#more-1238\" aria-label=\"M\u00e1s en EL PATIO TRASERO\">Leer m\u00e1s<\/a><\/p>\n","protected":false},"author":222560522,"featured_media":0,"comment_status":"open","ping_status":"open","sticky":false,"template":"","format":"standard","meta":{"footnotes":""},"categories":[1771],"tags":[],"class_list":["post-1238","post","type-post","status-publish","format-standard","hentry","category-sociales"],"_links":{"self":[{"href":"https:\/\/xn--tuvozdiasporaespaola-k7b.com\/page\/2\/wp-json\/wp\/v2\/posts\/1238","targetHints":{"allow":["GET"]}}],"collection":[{"href":"https:\/\/xn--tuvozdiasporaespaola-k7b.com\/page\/2\/wp-json\/wp\/v2\/posts"}],"about":[{"href":"https:\/\/xn--tuvozdiasporaespaola-k7b.com\/page\/2\/wp-json\/wp\/v2\/types\/post"}],"author":[{"embeddable":true,"href":"https:\/\/xn--tuvozdiasporaespaola-k7b.com\/page\/2\/wp-json\/wp\/v2\/users\/222560522"}],"replies":[{"embeddable":true,"href":"https:\/\/xn--tuvozdiasporaespaola-k7b.com\/page\/2\/wp-json\/wp\/v2\/comments?post=1238"}],"version-history":[{"count":0,"href":"https:\/\/xn--tuvozdiasporaespaola-k7b.com\/page\/2\/wp-json\/wp\/v2\/posts\/1238\/revisions"}],"wp:attachment":[{"href":"https:\/\/xn--tuvozdiasporaespaola-k7b.com\/page\/2\/wp-json\/wp\/v2\/media?parent=1238"}],"wp:term":[{"taxonomy":"category","embeddable":true,"href":"https:\/\/xn--tuvozdiasporaespaola-k7b.com\/page\/2\/wp-json\/wp\/v2\/categories?post=1238"},{"taxonomy":"post_tag","embeddable":true,"href":"https:\/\/xn--tuvozdiasporaespaola-k7b.com\/page\/2\/wp-json\/wp\/v2\/tags?post=1238"}],"curies":[{"name":"wp","href":"https:\/\/api.w.org\/{rel}","templated":true}]}}