{"id":12172,"date":"2026-01-28T11:17:17","date_gmt":"2026-01-28T14:17:17","guid":{"rendered":"https:\/\/xn--tuvozdiasporaespaola-k7b.com\/page\/2\/?p=12172"},"modified":"2026-01-28T11:24:11","modified_gmt":"2026-01-28T14:24:11","slug":"regularizacion-extraordinaria-de-extranjeros-que-ya-viven-en-espana-tras-negociar-psoe-con-podemos","status":"publish","type":"post","link":"https:\/\/xn--tuvozdiasporaespaola-k7b.com\/page\/2\/regularizacion-extraordinaria-de-extranjeros-que-ya-viven-en-espana-tras-negociar-psoe-con-podemos\/","title":{"rendered":"Regularizaci\u00f3n extraordinaria de extranjeros que ya viven en Espa\u00f1a, tras negociar PSOE con PODEMOS"},"content":{"rendered":"\n<p>El consejo de ministros en Espa\u00f1a del 27 de enero contempl\u00f3 diversos acuerdos y proyectos entre los que se destacan\u00bb La regularizaci\u00f3n extraordinaria de extranjeros que ya viven en Espa\u00f1a, tras negociar PSOE con PODEMOS ; En cuanto a la ministra de Igualdad comunic\u00f3 una serie de medidas, tales como la atenci\u00f3n integral a las v\u00edctimas de violencia de G\u00e9nero, servicio integral de seguimiento de maltratadores con el objetivo de mayor seguridad para las v\u00edctimas. Tambi\u00e9n se aprobaron medidas de apoyo a los afectados por los accidentes de Adamuz y Gelida, o terapias avanzadas y centenario del 27&#8243;, que les pasamos a detallar y forman parte integra del comunicado de prensa.<\/p>\n\n\n\n<p>Los beneficiarios deber\u00e1n acreditar al menos 5 meses de residencia antes del 31 de diciembre de 2025 y carecer de antecedentes penales. El Ejecutivo, adem\u00e1s, ha aprobado ayudas para las v\u00edctimas de los accidentes ferroviarios y el nuevo seguimiento telem\u00e1tico de los maltratadores.<\/p>\n\n\n\n<p>El Consejo de Ministros ha autorizado la tramitaci\u00f3n urgente de un real decreto para llevar a cabo un proceso de regularizaci\u00f3n extraordinaria de personas extranjeras que ya se encuentran en Espa\u00f1a. El objetivo es ofrecer a ese colectivo la oportunidad \u00abde vivir con igualdad de derechos\u00bb, as\u00ed como responder a \u00abuna realidad que existe en nuestras calles y tiene impacto en la convivencia, el bienestar y la econom\u00eda\u00bb, seg\u00fan ha explicado la ministra de Inclusi\u00f3n, Seguridad Social y Migraciones y portavoz del Gobierno, Elma Saiz.<\/p>\n\n\n\n<p>La medida -ha a\u00f1adido Saiz- ha sido \u00ablargamente trabajada y dialogada\u00bb y retoma el esp\u00edritu de la Iniciativa Legislativa Popular que fue respaldada con m\u00e1s de 700.000 firmas y tomada en consideraci\u00f3n por una amplia mayor\u00eda del Congreso de los Diputados. Se enmarca, adem\u00e1s, en el Plan de Integraci\u00f3n y Convivencia Intercultural que ver\u00e1 la luz pr\u00f3ximamente. \u00abEs un d\u00eda hist\u00f3rico para nuestro pa\u00eds. Estamos reforzando un modelo migratorio basado en los derechos humanos, la integraci\u00f3n y la convivencia, compatible con el crecimiento econ\u00f3mico y la cohesi\u00f3n social\u00bb, ha defendido la ministra.<\/p>\n\n\n\n<p><strong>Requisitos y tr\u00e1mites de la regularizaci\u00f3n extraordinaria<\/strong><\/p>\n\n\n\n<p>El proceso se dirige a las personas extranjeras que llevaran al menos 5 meses en Espa\u00f1a antes del 31 de diciembre del a\u00f1o 2025. Tambi\u00e9n podr\u00e1n acogerse a la regularizaci\u00f3n los solicitantes de protecci\u00f3n internacional que hubieran presentado la solicitud antes de esa misma fecha. Otro requisito indispensable es carecer de antecedentes penales.<\/p>\n\n\n\n<p>La ministra de Inclusi\u00f3n, Seguridad Social y Migraciones ha detallado que los beneficiarios de la regularizaci\u00f3n podr\u00e1n acceder a una autorizaci\u00f3n de residencia legal en Espa\u00f1a con una vigencia inicial de un a\u00f1o. Transcurrido ese plazo, esas personas podr\u00e1n incorporarse a las figuras previstas en el Reglamento de la Ley de Extranjer\u00eda, \u00ablo que permitir\u00e1 una integraci\u00f3n plena y progresiva en el sistema\u00bb, seg\u00fan ha sostenido Elma Saiz. La ministra ha a\u00f1adido que el Ejecutivo prev\u00e9 que las solicitudes se empiecen a presentar a principios de abril, una vez cumplidos los tr\u00e1mites preceptivos en la tramitaci\u00f3n del real decreto, y que el proceso est\u00e9 abierto hasta el pr\u00f3ximo 30 de junio.<\/p>\n\n\n\n<figure class=\"wp-block-image size-full is-resized\"><img fetchpriority=\"high\" decoding=\"async\" width=\"720\" height=\"480\" src=\"https:\/\/xn--tuvozdiasporaespaola-k7b.com\/wp-content\/uploads\/2026\/01\/1000672838.jpg\" alt=\"\" class=\"wp-image-12173\" style=\"width:840px;height:auto\" srcset=\"https:\/\/xn--tuvozdiasporaespaola-k7b.com\/wp-content\/uploads\/2026\/01\/1000672838.jpg 720w, https:\/\/xn--tuvozdiasporaespaola-k7b.com\/wp-content\/uploads\/2026\/01\/1000672838-300x200.jpg 300w\" sizes=\"(max-width: 720px) 100vw, 720px\" \/><figcaption class=\"wp-element-caption\">La ministra de Inclusi\u00f3n, Seguridad Social y Migraciones y portavoz del Gobierno, Elma Saiz, durante la rueda de prensa tras el Consejo de Ministros. | Pool Moncloa \/ Jose Manuel \u00c1lvarez<\/figcaption><\/figure>\n\n\n\n<p>La admisi\u00f3n a tr\u00e1mite de la solicitud permitir\u00e1 trabajar de manera provisional en cualquier sector y lugar de Espa\u00f1a. \u00abEsto beneficia al trabajador, que gana derechos, pero tambi\u00e9n a las empresas, que ganan seguridad jur\u00eddica\u00bb, ha manifestado Saiz. Otra clave de la medida es la protecci\u00f3n a las familias: el proceso permitir\u00e1 regularizar simult\u00e1neamente a los hijos y las hijas menores de los solicitantes que est\u00e9n en Espa\u00f1a; en este caso, el permiso ser\u00e1 de 5 a\u00f1os.<\/p>\n\n\n\n<p>La portavoz del Gobierno ha recordado que \u00abgobiernos de distintos colores\u00bb han realizado regularizaciones extraordinarias desde el a\u00f1o 1986: \u00abCuando la realidad social va por delante de la burocracia, el Estado responsable es el que act\u00faa para ordenarla, no el que mira hacia otro lado\u00bb.<\/p>\n\n\n\n<p><strong>Medidas de apoyo a los afectados por los accidentes de Adamuz y Gelida.<\/strong><\/p>\n\n\n\n<p>El Consejo de Ministros ha aprobado un Real Decreto-ley de ayudas a las v\u00edctimas de los accidentes ferroviarios de Adamuz y Gelida, que recoge acciones por un importe total de 20 millones de euros.<\/p>\n\n\n\n<p>El titular de Transportes y Movilidad Sostenible, \u00d3scar Puente, ha trasladado que se destinar\u00e1n 10 millones de euros a ayudas inmediatas a las v\u00edctimas y otros 10 millones como adelanto de parte de las indemnizaciones correspondientes al seguro de responsabilidad civil, que se sumar\u00e1n a los mecanismos existentes que reconocen el derecho de las v\u00edctimas de accidentes ferroviarios y sus familiares a una asistencia integral. Las ayudas se abonar\u00e1n en un pago \u00fanico y estar\u00e1n exentas de tributaci\u00f3n.<\/p>\n\n\n\n<p>El ministro ha se\u00f1alado que esos planes de atenci\u00f3n, seguros obligatorios, coberturas y garant\u00edas establecidas tanto en la normativa nacional como en la europea se seguir\u00e1n aplicando, si bien ha reconocido que \u00ablos procedimientos ordinarios y los tiempos judicial no siempre responden a la urgencia vital de quienes han sufrido una tragedia como esta\u00bb.<\/p>\n\n\n\n<figure class=\"wp-block-image size-full is-resized\"><img decoding=\"async\" width=\"720\" height=\"480\" src=\"https:\/\/xn--tuvozdiasporaespaola-k7b.com\/wp-content\/uploads\/2026\/01\/1000672839.jpg\" alt=\"\" class=\"wp-image-12174\" style=\"width:840px;height:auto\" srcset=\"https:\/\/xn--tuvozdiasporaespaola-k7b.com\/wp-content\/uploads\/2026\/01\/1000672839.jpg 720w, https:\/\/xn--tuvozdiasporaespaola-k7b.com\/wp-content\/uploads\/2026\/01\/1000672839-300x200.jpg 300w\" sizes=\"(max-width: 720px) 100vw, 720px\" \/><figcaption class=\"wp-element-caption\">El ministro de Transportes y Movilidad Sostenible, \u00d3scar Puente, durante la rueda de prensa tras el Consejo de Ministros. | Pool Moncloa \/ Jose Manuel \u00c1lvarez<\/figcaption><\/figure>\n\n\n\n<p>Con el fin de acelerar la percepci\u00f3n de las ayudas, Puente ha subrayado que la norma aprobada hoy \u00abnace de una convicci\u00f3n muy clara: ante una tragedia de esta magnitud, el Estado no puede limitarse a los tiempos ordinarios, debe estar presente, debe anticiparse y debe actuar con humanidad\u00bb. \u00abLas v\u00edctimas no pueden esperar, como ha sucedido en accidentes pasados, a\u00f1os para recibir apoyo econ\u00f3mico que les permita afrontar gastos m\u00e9dicos, tratamientos psicol\u00f3gicos, desplazamientos, cuidados continuados o la reorganizaci\u00f3n completa de su propia vida cotidiana\u00bb, ha agregado.<\/p>\n\n\n\n<p>\u00d3scar Puente ha detallado que la ayuda directa en caso de fallecimiento es de algo m\u00e1s de 72.000 euros, que el Gobierno abonar\u00e1 inmediatamente en concepto de indemnizaci\u00f3n a fondo perdido, y de otros 72.000 euros en concepto de anticipo de seguro. En los supuestos de lesiones corporales, las ayudas se estructuran por niveles de gravedad, con importes que van desde los 2.400 euros hasta m\u00e1s de 84.000.<\/p>\n\n\n\n<p>\u00abNo se trata de poner precio al dolor, eso es imposible. Se trata de garantizar que ninguna v\u00edctima ni ning\u00fan familiar tenga que afrontar, adem\u00e1s de una tragedia personal, una situaci\u00f3n angustiosa econ\u00f3mica o de desamparo institucional\u00bb, ha remarcado el ministro.<\/p>\n\n\n\n<p>La norma, seg\u00fan ha reiterado Puente, supone un compromiso con los fallecidos, los heridos y sus familias: \u00abLa rapidez en la respuesta institucional no solo es una cuesti\u00f3n administrativa, es una forma de cuidar, de acompa\u00f1ar y de decir con hechos, y no solo con palabras, que las v\u00edctimas y las familias no est\u00e1n solas y que las instituciones estamos a su lado\u00bb.<\/p>\n\n\n\n<p>Por otra parte, el ministro ha anunciado que se iniciar\u00e1n las modificaciones normativas que articulen un mecanismo estructural de intervenci\u00f3n p\u00fablica para que el Estado pueda sumir, con car\u00e1cter anticipado, el abono de un porcentaje de las indemnizaciones correspondientes a los da\u00f1os personales derivados de los accidentes de transporte colectivo, sin perjuicio de la posterior determinaci\u00f3n de responsabilidad civil de las personas f\u00edsicas o jur\u00eddicas responsables.<\/p>\n\n\n\n<p><strong>Compromiso con la transparencia.<\/strong><\/p>\n\n\n\n<p>Durante su intervenci\u00f3n en la rueda de prensa posterior al Consejo de Ministros, \u00d3scar Puente ha trasladado, en nombre del Gobierno, su cari\u00f1o a las v\u00edctimas y los afectados por los accidentes ferroviarios de Adamuz (C\u00f3rdoba) y Gelida (Barcelona) y ha remarcado que seguir\u00e1 dando las explicaciones necesarias sobre los accidentes con transparencia. Adem\u00e1s, ha mantenido que el Ejecutivo seguir\u00e1 trabajando para \u00abesclarecer lo ocurrido y reforzar la seguridad ferroviaria\u00bb.<\/p>\n\n\n\n<figure class=\"wp-block-image size-full is-resized\"><img decoding=\"async\" width=\"720\" height=\"480\" src=\"https:\/\/xn--tuvozdiasporaespaola-k7b.com\/wp-content\/uploads\/2026\/01\/1000672840.jpg\" alt=\"\" class=\"wp-image-12175\" style=\"width:840px;height:auto\" srcset=\"https:\/\/xn--tuvozdiasporaespaola-k7b.com\/wp-content\/uploads\/2026\/01\/1000672840.jpg 720w, https:\/\/xn--tuvozdiasporaespaola-k7b.com\/wp-content\/uploads\/2026\/01\/1000672840-300x200.jpg 300w\" sizes=\"(max-width: 720px) 100vw, 720px\" \/><figcaption class=\"wp-element-caption\">El ministro de Transportes y Movilidad Sostenible, \u00d3scar Puente, la ministra de Inclusi\u00f3n, Seguridad Social y Migraciones y portavoz del Gobierno, Elma Saiz, y la ministra de Igualdad, Ana Redondo, durante la rueda de prensa tras el Consejo de Ministros. | Pool Moncloa \/ Jose Manuel \u00c1lvarez.<\/figcaption><\/figure>\n\n\n\n<p><strong>Atenci\u00f3n integral a las v\u00edctimas.<\/strong><\/p>\n\n\n\n<p>Por su parte, Elma Saiz ha reiterado que el Ejecutivo \u00abva a estar al lado de las v\u00edctimas en todo momento y durante el tiempo que sea necesario\u00bb. La portavoz del Ejecutivo ha apuntado que las personas afectadas ser\u00e1n atendidas de manera prioritaria en los canales especialmente habilitados por la Seguridad Social, como son el tel\u00e9fono 900103535 y el buz\u00f3n info.accidente@seg-social.es, as\u00ed como en los tel\u00e9fonos habituales (el 915421176 y el 901166565). Tambi\u00e9n pueden realizar gestiones sobre prestaciones en la web.<\/p>\n\n\n\n<p>Adem\u00e1s, el Ministerio de Pol\u00edtica Territorial ha habilitado l\u00edneas de atenci\u00f3n a las v\u00edctimas con la apertura, a partir de ma\u00f1ana, de las oficinas de atenci\u00f3n integral en la Subdelegaci\u00f3n del Gobierno de Huelva y tambi\u00e9n en Barcelona. Las personas afectadas cuentan igualmente con el servicio \u00abLa Administraci\u00f3n cerca de ti\u00bb para que, si as\u00ed lo desean, sean los profesionales de las delegaciones quienes acudan a su domicilio para ayudarlas en la tramitaci\u00f3n de las ayudas.<\/p>\n\n\n\n<p><strong>Servicio integral de seguimiento de maltratadores.<\/strong><\/p>\n\n\n\n<p>El Consejo de Ministros ha autorizado la contrataci\u00f3n del servicio integral del sistema de seguimiento por medios telem\u00e1ticos del cumplimiento de las medidas cautelares y las penas de prohibici\u00f3n de aproximaci\u00f3n en materia de violencia de g\u00e9nero y de violencia sexual.<\/p>\n\n\n\n<p>La ministra de Igualdad, Ana Redondo, ha recordado que el contrato actual se inici\u00f3 en noviembre de 2023 y concluir\u00e1 el 6 mayo de este a\u00f1o y que el servicio es gestionado por una Uni\u00f3n Temporal de Empresas de Vodafone con Securitas Espa\u00f1a. Tras el cambio de plataforma en 2023, seg\u00fan ha apuntado, se produjeron \u00abdistintas disfunciones en cuanto a la itinerancia de datos\u00bb. Esas disfunciones fueron incorporadas a la Memoria de la Fiscal\u00eda General del Estado de 2024, que hac\u00eda referencia a un n\u00famero importante de sobreseimientos y \u00f3rdenes de absoluci\u00f3n de algunos maltratadores. La titular de Igualdad ha asegurado que en el Ministerio todav\u00eda est\u00e1n a la espera de conocer esas sentencias, pero que, en cualquier caso, eran conscientes de la necesidad de mejorar el contrato e incorporar las propuestas de las investigaciones internas y de la auditor\u00eda externa. \u00abEs evidente que la tecnolog\u00eda puede fallar, pero lo que no puede fallar es la respuesta de un Gobierno responsable\u00bb, ha sostenido.<\/p>\n\n\n\n<figure class=\"wp-block-image size-full is-resized\"><img loading=\"lazy\" decoding=\"async\" width=\"720\" height=\"480\" src=\"https:\/\/xn--tuvozdiasporaespaola-k7b.com\/wp-content\/uploads\/2026\/01\/1000672848.jpg\" alt=\"\" class=\"wp-image-12176\" style=\"width:840px;height:auto\" srcset=\"https:\/\/xn--tuvozdiasporaespaola-k7b.com\/wp-content\/uploads\/2026\/01\/1000672848.jpg 720w, https:\/\/xn--tuvozdiasporaespaola-k7b.com\/wp-content\/uploads\/2026\/01\/1000672848-300x200.jpg 300w\" sizes=\"(max-width: 720px) 100vw, 720px\" \/><figcaption class=\"wp-element-caption\">La ministra de Igualdad, Ana Redondo, durante la rueda de prensa tras el Consejo de Ministros.<\/figcaption><\/figure>\n\n\n\n<p>Mayor seguridad para las v\u00edctimas.<\/p>\n\n\n\n<p>Entre las mejoras del contrato, la titular de Igualdad ha se\u00f1alado su cuant\u00eda y duraci\u00f3n: si el servicio actual se licit\u00f3 por 50,1 millones de euros y 30 meses, el nuevo cuenta con un presupuesto de 71,3 millones para 3 a\u00f1os (ampliable hasta los 111 millones si se ejecutan las pr\u00f3rrogas y se extiende hasta los 5 a\u00f1os).<\/p>\n\n\n\n<p>En cuanto a los dispositivos de seguimiento, el contrato incrementa el n\u00famero disponible, lo que permitir\u00e1 cambiar en un m\u00e1ximo de 24 horas aquellos que sean manipulados o que presenten cualquier tiempo de disfunci\u00f3n. Ana Redondo ha explicado que se va a apostar por un dispositivo de tobillera que, seg\u00fan los t\u00e9cnicos, es m\u00e1s fiable y menos manipulable que los brazaletes. Adem\u00e1s, el sistema incluye una tarjeta eSIM para los m\u00f3viles de las v\u00edctimas y de los agresores que no se podr\u00e1 extraer, lo que facilitar\u00e1 la geolocalizaci\u00f3n. Tambi\u00e9n se ha mejorado la duraci\u00f3n de las bater\u00edas, como planteaban las v\u00edctimas para disponer de m\u00e1s autonom\u00eda.<\/p>\n\n\n\n<p>Un segundo grupo de mejoras se refiere a la Sala Cometa, el centro de control y gesti\u00f3n de los medios telem\u00e1ticos de las prohibiciones de aproximaci\u00f3n a las v\u00edctimas. Si el contrato actual comenz\u00f3 con 70 operadoras, el nuevo exigir\u00e1 un m\u00ednimo de 151, y esa plantilla contar\u00e1 adem\u00e1s con responsables de coordinaci\u00f3n de los recursos materiales y de la relaci\u00f3n con las Fuerzas y Cuerpos de Seguridad del Estado, entre otras instituciones, y con LexNET (la plataforma de intercambio seguro de informaci\u00f3n entre los \u00f3rganos judiciales y diversos operadores jur\u00eddicos).<\/p>\n\n\n\n<p>La ministra de Igualdad ha resaltado, por \u00faltimo, las mejoras relativas al seguimiento del contrato: se refuerza el plan de contingencia, se incorpora personal de apoyo psicol\u00f3gico para los trabajadores del operativo Cometa y se exige a la empresa adjudicataria que incorpore todas las innovaciones que se puedan producir durante la vigencia del contrato.<\/p>\n\n\n\n<p>Otros acuerdos: terapias avanzadas y centenario del 27.<\/p>\n\n\n\n<figure class=\"wp-block-image size-full is-resized\"><img loading=\"lazy\" decoding=\"async\" width=\"720\" height=\"480\" src=\"https:\/\/xn--tuvozdiasporaespaola-k7b.com\/wp-content\/uploads\/2026\/01\/1000672863.jpg\" alt=\"\" class=\"wp-image-12177\" style=\"width:840px;height:auto\" srcset=\"https:\/\/xn--tuvozdiasporaespaola-k7b.com\/wp-content\/uploads\/2026\/01\/1000672863.jpg 720w, https:\/\/xn--tuvozdiasporaespaola-k7b.com\/wp-content\/uploads\/2026\/01\/1000672863-300x200.jpg 300w\" sizes=\"(max-width: 720px) 100vw, 720px\" \/><figcaption class=\"wp-element-caption\">El ministro de Transportes y Movilidad Sostenible, \u00d3scar Puente, la ministra de Inclusi\u00f3n, Seguridad Social y Migraciones y portavoz del Gobierno, Elma Saiz, y la ministra de Igualdad, Ana Redondo, durante la rueda de prensa tras el Consejo de Ministros. | Pool Moncloa \/ Jose Manuel \u00c1lvarez<\/figcaption><\/figure>\n\n\n\n<p>El Consejo de Ministros ha elegido el municipio de Majadahonda (Comunidad de Madrid) como sede principal del Consorcio Estatal en Red para el Desarrollo de Medicamentos y de Terapias Avanzadas (Certera): la direcci\u00f3n cient\u00edfica se ubicar\u00e1 en Barcelona. <\/p>\n\n\n\n<p><a href=\"https:\/\/www.lamoncloa.gob.es\/consejodeministros\/referencias\/Paginas\/2026\/20260127-referencia-rueda-de-prensa-ministros.aspx#centenario\">https:\/\/www.lamoncloa.gob.es\/consejodeministros\/referencias\/Paginas\/2026\/20260127-referencia-rueda-de-prensa-ministros.aspx#centenario<\/a><\/p>\n\n\n\n<p>La portavoz del Ejecutivo ha resaltado que la determinaci\u00f3n de las sedes es resultado de un proceso objetivo, competitivo y transparente y que Espa\u00f1a es l\u00edder en terapias avanzadas por participaci\u00f3n p\u00fablica e inversi\u00f3n privada. Certera cuenta con 43 centros de investigaci\u00f3n sanitaria repartidos por 14 comunidades aut\u00f3nomas.Adem\u00e1s, el Ejecutivo ha creado la Comisi\u00f3n Nacional para la conmemoraci\u00f3n del centenario de la Generaci\u00f3n del 27, que impulsar\u00e1 y coordinar\u00e1 actividades en torno a esta efem\u00e9ride en todo el pa\u00eds.<\/p>\n\n\n\n<p>Asuntos de actualidad: bajada del paro.<\/p>\n\n\n\n<p>En la rueda de prensa posterior al Consejo de Ministros, la portavoz del Gobierno ha resaltado la Encuesta de Poblaci\u00f3n Activa correspondiente al cuarto trimestre de 2025, que se ha conocido hoy. Seg\u00fan el Instituto Nacional de Estad\u00edstica, por primera vez en 18 a\u00f1os, el paro baja del 10% y la cifra de ocupados alcanza los 22,5 millones de personas. \u00abSon datos que indican el buen momento de nuestra econom\u00eda y suponen un \u00e9xito de pa\u00eds\u00bb, ha asegurado.<\/p>\n\n\n\n<p>Enlaces :<\/p>\n\n\n\n<p><a href=\"https:\/\/www.ine.es\/dyngs\/Prensa\/EPA4T25.htm\" data-type=\"link\" data-id=\"https:\/\/www.ine.es\/dyngs\/Prensa\/EPA4T25.htm\">https:\/\/www.ine.es\/dyngs\/Prensa\/EPA4T25.htm<\/a><\/p>\n\n\n\n<p><a href=\"https:\/\/www.lamoncloa.gob.es\/consejodeministros\/referencias\/Paginas\/2026\/20260127-referencia-rueda-de-prensa-ministros.aspx#centenario\" data-type=\"link\" data-id=\"https:\/\/www.lamoncloa.gob.es\/consejodeministros\/referencias\/Paginas\/2026\/20260127-referencia-rueda-de-prensa-ministros.aspx#centenario\">https:\/\/www.lamoncloa.gob.es\/consejodeministros\/referencias\/Paginas\/2026\/20260127-referencia-rueda-de-prensa-ministros.aspx#centenario<\/a><\/p>\n\n\n\n<p><a href=\"https:\/\/www.lamoncloa.gob.es\/consejodeministros\/referencias\/Paginas\/2026\/20260127-referencia-rueda-de-prensa-ministros.aspx#certera\">https:\/\/www.lamoncloa.gob.es\/consejodeministros\/referencias\/Paginas\/2026\/20260127-referencia-rueda-de-prensa-ministros.aspx#certera<\/a><\/p>\n\n\n\n<p><a href=\"https:\/\/www.lamoncloa.gob.es\/consejodeministros\/referencias\/Paginas\/2026\/20260127-referencia-rueda-de-prensa-ministros.aspx#sexual\">https:\/\/www.lamoncloa.gob.es\/consejodeministros\/referencias\/Paginas\/2026\/20260127-referencia-rueda-de-prensa-ministros.aspx#sexual<\/a><\/p>\n\n\n\n<p><a href=\"https:\/\/www.lamoncloa.gob.es\/consejodeministros\/referencias\/Paginas\/2026\/20260127-referencia-rueda-de-prensa-ministros.aspx#ave\">https:\/\/www.lamoncloa.gob.es\/consejodeministros\/referencias\/Paginas\/2026\/20260127-referencia-rueda-de-prensa-ministros.aspx#ave<\/a><\/p>\n\n\n\n<p><a href=\"https:\/\/prestaciones.seg-social.es\">https:\/\/prestaciones.seg-social.es<\/a><\/p>\n\n\n\n<p><\/p>\n","protected":false},"excerpt":{"rendered":"<p>El consejo de ministros en Espa\u00f1a del 27 de enero contempl\u00f3 diversos acuerdos y proyectos entre los que se destacan\u00bb La regularizaci\u00f3n extraordinaria de &#8230; <\/p>\n<p class=\"read-more-container\"><a title=\"Regularizaci\u00f3n extraordinaria de extranjeros que ya viven en Espa\u00f1a, tras negociar PSOE con PODEMOS\" class=\"read-more button\" href=\"https:\/\/xn--tuvozdiasporaespaola-k7b.com\/page\/2\/regularizacion-extraordinaria-de-extranjeros-que-ya-viven-en-espana-tras-negociar-psoe-con-podemos\/#more-12172\" aria-label=\"M\u00e1s en Regularizaci\u00f3n extraordinaria de extranjeros que ya viven en Espa\u00f1a, tras negociar PSOE con PODEMOS\">Leer m\u00e1s<\/a><\/p>\n","protected":false},"author":222560522,"featured_media":12183,"comment_status":"closed","ping_status":"open","sticky":false,"template":"","format":"standard","meta":{"footnotes":""},"categories":[121854,121901],"tags":[],"class_list":["post-12172","post","type-post","status-publish","format-standard","has-post-thumbnail","hentry","category-consejo-de-residentes-espanoles","category-espana","resize-featured-image"],"_links":{"self":[{"href":"https:\/\/xn--tuvozdiasporaespaola-k7b.com\/page\/2\/wp-json\/wp\/v2\/posts\/12172","targetHints":{"allow":["GET"]}}],"collection":[{"href":"https:\/\/xn--tuvozdiasporaespaola-k7b.com\/page\/2\/wp-json\/wp\/v2\/posts"}],"about":[{"href":"https:\/\/xn--tuvozdiasporaespaola-k7b.com\/page\/2\/wp-json\/wp\/v2\/types\/post"}],"author":[{"embeddable":true,"href":"https:\/\/xn--tuvozdiasporaespaola-k7b.com\/page\/2\/wp-json\/wp\/v2\/users\/222560522"}],"replies":[{"embeddable":true,"href":"https:\/\/xn--tuvozdiasporaespaola-k7b.com\/page\/2\/wp-json\/wp\/v2\/comments?post=12172"}],"version-history":[{"count":5,"href":"https:\/\/xn--tuvozdiasporaespaola-k7b.com\/page\/2\/wp-json\/wp\/v2\/posts\/12172\/revisions"}],"predecessor-version":[{"id":12186,"href":"https:\/\/xn--tuvozdiasporaespaola-k7b.com\/page\/2\/wp-json\/wp\/v2\/posts\/12172\/revisions\/12186"}],"wp:featuredmedia":[{"embeddable":true,"href":"https:\/\/xn--tuvozdiasporaespaola-k7b.com\/page\/2\/wp-json\/wp\/v2\/media\/12183"}],"wp:attachment":[{"href":"https:\/\/xn--tuvozdiasporaespaola-k7b.com\/page\/2\/wp-json\/wp\/v2\/media?parent=12172"}],"wp:term":[{"taxonomy":"category","embeddable":true,"href":"https:\/\/xn--tuvozdiasporaespaola-k7b.com\/page\/2\/wp-json\/wp\/v2\/categories?post=12172"},{"taxonomy":"post_tag","embeddable":true,"href":"https:\/\/xn--tuvozdiasporaespaola-k7b.com\/page\/2\/wp-json\/wp\/v2\/tags?post=12172"}],"curies":[{"name":"wp","href":"https:\/\/api.w.org\/{rel}","templated":true}]}}