{"id":1216,"date":"2023-02-17T20:39:20","date_gmt":"2023-02-17T23:39:20","guid":{"rendered":"https:\/\/xn--tuvozdiasporaespaola-k7b.com\/?p=1216"},"modified":"2023-02-18T23:38:06","modified_gmt":"2023-02-19T02:38:06","slug":"v-foro-podemos-exteriorla-fuerza-que-transforma-desde-exterior-elecciones-2023","status":"publish","type":"post","link":"https:\/\/xn--tuvozdiasporaespaola-k7b.com\/page\/2\/v-foro-podemos-exteriorla-fuerza-que-transforma-desde-exterior-elecciones-2023\/","title":{"rendered":"V FORO PODEMOS EXTERIOR\u201cLa Fuerza que Transforma, desde Exterior: Elecciones 2023\u201d"},"content":{"rendered":"\n<p>Los d\u00edas 24, 25 y 26 de febrero, Podemos Exterior celebrar\u00e1 su V Foro en la sede de Podemos de Madrid (C\/ Fco. de Villaespesa 18). Este evento tiene como objetivo el inicio de la precampa\u00f1a por nuestra parte de cara a las pr\u00f3ximas elecciones auton\u00f3micas y generales. <br \/><br \/>En estas elecciones, un margen estrecho de votos puede significar un esca\u00f1o m\u00e1s o un esca\u00f1o menos. Por ello, desde hace un tiempo, Podemos Exterior ha estado haciendo propuestas a las organizaciones auton\u00f3micas del partido para contribuir a aportarles un porcentaje significativo de los votos de Exterior. Nuestro V Foro es el evento perfecto para el encuentro e intercambio de candidat@s y propuestas para afrontar la hoja de ruta del 2023. <br \/><br \/>Hasta la fecha, han confirmado su participaci\u00f3n representantes del partido de Andaluc\u00eda, Baleares, Castilla-La Mancha, Catalunya, Extremadura, Madrid, Murcia, Navarra y La Rioja. Adem\u00e1s, Podemos Andaluc\u00eda ya ha avanzado en la petici\u00f3n de designaci\u00f3n de un\/a militante de Podemos Exterior de esta Comunidad para que se integre en el Consejo Ciudadano de Andaluc\u00eda como observador\/a. Esta buena sinton\u00eda entre las Redes de C\u00edrculos de Am\u00e9rica y Europa de Podemos Exterior con los partidos territoriales de Podemos es un gran paso adelante para afrontar con el mayor \u00e9xito las citas electorales que se acercan.<br \/><br \/>Y para ello hemos preparado el siguiente programa:<\/p>\n\n\n\n<p><strong>VIERNES 24 <\/strong><\/p>\n\n\n\n<p>16:00 &#8211; 17:15 &#8211; Inauguraci\u00f3n del Foro: <strong>Voto Exterior, un nuevo agente transformador<\/strong><\/p>\n\n\n\n<ul class=\"wp-block-list\">\n<li><strong>Patricia Fesser,<\/strong> representante de Podemos Exterior.<\/li>\n\n\n\n<li><strong>Martina Velarde,<\/strong> diputada por C\u00f3rdoba.<\/li>\n\n\n\n<li><strong>Juan Carlos Monedero,<\/strong> presidente del Instituto Rep\u00fablica y Democracia.<\/li>\n\n\n\n<li>Moderaci\u00f3n: <strong>Francisco L\u00f3pez,<\/strong> coordinador Red de C\u00edrculos de Am\u00e9rica.<\/li>\n<\/ul>\n\n\n\n<figure class=\"wp-block-image size-large\"><img fetchpriority=\"high\" decoding=\"async\" width=\"2400\" height=\"3000\" src=\"http:\/\/xn--tuvozdiasporaespaola-k7b.com\/wp-content\/uploads\/2023\/02\/img_20230217_134356_9848019809863832364093.jpg?w=819\" alt=\"\" class=\"wp-image-1219\" srcset=\"https:\/\/xn--tuvozdiasporaespaola-k7b.com\/wp-content\/uploads\/2023\/02\/img_20230217_134356_9848019809863832364093.jpg 2400w, https:\/\/xn--tuvozdiasporaespaola-k7b.com\/wp-content\/uploads\/2023\/02\/img_20230217_134356_9848019809863832364093-240x300.jpg 240w, https:\/\/xn--tuvozdiasporaespaola-k7b.com\/wp-content\/uploads\/2023\/02\/img_20230217_134356_9848019809863832364093-819x1024.jpg 819w, https:\/\/xn--tuvozdiasporaespaola-k7b.com\/wp-content\/uploads\/2023\/02\/img_20230217_134356_9848019809863832364093-768x960.jpg 768w, https:\/\/xn--tuvozdiasporaespaola-k7b.com\/wp-content\/uploads\/2023\/02\/img_20230217_134356_9848019809863832364093-1568x1960.jpg 1568w\" sizes=\"(max-width: 2400px) 100vw, 2400px\" \/><\/figure>\n\n\n\n<p>17:30 &#8211; 19:00 &#8211; <strong>Las Comunidades Aut\u00f3nomas ante la activaci\u00f3n del voto Exterior<\/strong><\/p>\n\n\n\n<ul class=\"wp-block-list\">\n<li><strong>Ant\u00f2nia Jover, <\/strong>candidata de Podem Illes Balears.<\/li>\n\n\n\n<li><strong>Jos\u00e9 Luis Garc\u00eda Gasc\u00f3n,<\/strong> candidato de Podemos Castilla la Mancha.<\/li>\n\n\n\n<li><strong>Nerea Fern\u00e1ndez,<\/strong> portavoz y coordinadora de IU Exterior.<\/li>\n\n\n\n<li><strong>Hector Illueca,<\/strong>  Candidato de Podemos Comunidad Valenciana <\/li>\n\n\n\n<li> Presenta :<strong>Roberto San Mart\u00edn,<\/strong> C\u00edrculo Argentina Provincias de Asturias <\/li>\n\n\n\n<li>Modera: <strong>Francisco Estraviz,<\/strong> C\u00edrculo Argentina Provincias.<\/li>\n<\/ul>\n\n\n\n<figure class=\"wp-block-image size-large\"><img decoding=\"async\" width=\"2400\" height=\"3000\" src=\"http:\/\/xn--tuvozdiasporaespaola-k7b.com\/wp-content\/uploads\/2023\/02\/img_20230217_211340_5083284795178081191891.jpg?w=819\" alt=\"\" class=\"wp-image-1227\" srcset=\"https:\/\/xn--tuvozdiasporaespaola-k7b.com\/wp-content\/uploads\/2023\/02\/img_20230217_211340_5083284795178081191891.jpg 2400w, https:\/\/xn--tuvozdiasporaespaola-k7b.com\/wp-content\/uploads\/2023\/02\/img_20230217_211340_5083284795178081191891-240x300.jpg 240w, https:\/\/xn--tuvozdiasporaespaola-k7b.com\/wp-content\/uploads\/2023\/02\/img_20230217_211340_5083284795178081191891-819x1024.jpg 819w, https:\/\/xn--tuvozdiasporaespaola-k7b.com\/wp-content\/uploads\/2023\/02\/img_20230217_211340_5083284795178081191891-768x960.jpg 768w, https:\/\/xn--tuvozdiasporaespaola-k7b.com\/wp-content\/uploads\/2023\/02\/img_20230217_211340_5083284795178081191891-1568x1960.jpg 1568w\" sizes=\"(max-width: 2400px) 100vw, 2400px\" \/><\/figure>\n\n\n\n<p>19:30 &#8211; 21:00 &#8211; <strong>Feminismo e la igualdad: Retos en territorios y el Exterior<\/strong><\/p>\n\n\n\n<ul class=\"wp-block-list\">\n<li><strong>Asunci\u00f3n Mateos G\u00e1mez<\/strong>, secretaria de Pol\u00edticas de Igualdad y Mundo Rural de Podemos Castilla la Mancha.&nbsp;<\/li>\n\n\n\n<li><strong>Nahia Lizaso P\u00e9rez,<\/strong> secretaria de Feminismo y Pol\u00edticas de Igualdad de Podemos Navarra y coordinadora organizaci\u00f3n juvenil Rebeld\u00eda de Podemos.\u00a0<\/li>\n\n\n\n<li><strong>Ximena Donamar\u00eda<\/strong>, secretaria de Cultura de Podem Catalunya y integrante candidatura  Podem Sitges.<\/li>\n\n\n\n<li><strong>Salvador Espada<\/strong>, C\u00edrculo Austria. Nuevas Masculinidades en Exterior.<\/li>\n\n\n\n<li>Moderaci\u00f3n: <strong>M\u00f3nica Cortizas,<\/strong> dinamizadora de feminismo C\u00edrculo Argentina Provincias.<\/li>\n<\/ul>\n\n\n\n<p>21:30 &#8211; Cena en restaurante Perla del Pac\u00edfico (al lado de la Sede).<\/p>\n\n\n\n<ul class=\"wp-block-list\">\n<li>Recital de poemas y canciones del exilio y la emigraci\u00f3n espa\u00f1ola.<\/li>\n<\/ul>\n\n\n\n<figure class=\"wp-block-image size-large\"><img decoding=\"async\" width=\"2400\" height=\"3000\" src=\"http:\/\/xn--tuvozdiasporaespaola-k7b.com\/wp-content\/uploads\/2023\/02\/img_20230217_221733_8965860486259058679545.jpg?w=819\" alt=\"\" class=\"wp-image-1228\" srcset=\"https:\/\/xn--tuvozdiasporaespaola-k7b.com\/wp-content\/uploads\/2023\/02\/img_20230217_221733_8965860486259058679545.jpg 2400w, https:\/\/xn--tuvozdiasporaespaola-k7b.com\/wp-content\/uploads\/2023\/02\/img_20230217_221733_8965860486259058679545-240x300.jpg 240w, https:\/\/xn--tuvozdiasporaespaola-k7b.com\/wp-content\/uploads\/2023\/02\/img_20230217_221733_8965860486259058679545-819x1024.jpg 819w, https:\/\/xn--tuvozdiasporaespaola-k7b.com\/wp-content\/uploads\/2023\/02\/img_20230217_221733_8965860486259058679545-768x960.jpg 768w, https:\/\/xn--tuvozdiasporaespaola-k7b.com\/wp-content\/uploads\/2023\/02\/img_20230217_221733_8965860486259058679545-1568x1960.jpg 1568w\" sizes=\"(max-width: 2400px) 100vw, 2400px\" \/><\/figure>\n\n\n\n<p>SABADO<\/p>\n\n\n\n<p>12:00 -13:15 &#8211; <strong>Ley de Memoria Democr\u00e1tica<\/strong><\/p>\n\n\n\n<ul class=\"wp-block-list\">\n<li><strong>M\u00f3nica Puertas,<\/strong> Memoria y Derechos Humanos ex ESMA y ruta Guerra Civil en Buenos Aires.<\/li>\n\n\n\n<li><strong>Arturo Peinado,<\/strong> presidente de Foro por la Memoria Espa\u00f1a.<\/li>\n\n\n\n<li><strong>M\u00f3nica Rodero,<\/strong> candidata de Podemos Cantabria.&nbsp;<\/li>\n\n\n\n<li><strong>Juan Manuel de Hoz,<\/strong> l\u00edder de CeDEU Confederaci\u00f3n de Espa\u00f1oles en el Exterior.&nbsp;<\/li>\n\n\n\n<li>Moderaci\u00f3n: <strong>Federico Funes,<\/strong> \u00c1rea de Memoria Hist\u00f3rica.<\/li>\n<\/ul>\n\n\n\n<figure class=\"wp-block-image size-large\"><img loading=\"lazy\" decoding=\"async\" width=\"2400\" height=\"3000\" src=\"http:\/\/xn--tuvozdiasporaespaola-k7b.com\/wp-content\/uploads\/2023\/02\/img_20230218_005707_8194541175271247168896.jpg?w=819\" alt=\"\" class=\"wp-image-1230\" srcset=\"https:\/\/xn--tuvozdiasporaespaola-k7b.com\/wp-content\/uploads\/2023\/02\/img_20230218_005707_8194541175271247168896.jpg 2400w, https:\/\/xn--tuvozdiasporaespaola-k7b.com\/wp-content\/uploads\/2023\/02\/img_20230218_005707_8194541175271247168896-240x300.jpg 240w, https:\/\/xn--tuvozdiasporaespaola-k7b.com\/wp-content\/uploads\/2023\/02\/img_20230218_005707_8194541175271247168896-819x1024.jpg 819w, https:\/\/xn--tuvozdiasporaespaola-k7b.com\/wp-content\/uploads\/2023\/02\/img_20230218_005707_8194541175271247168896-768x960.jpg 768w, https:\/\/xn--tuvozdiasporaespaola-k7b.com\/wp-content\/uploads\/2023\/02\/img_20230218_005707_8194541175271247168896-1568x1960.jpg 1568w\" sizes=\"(max-width: 2400px) 100vw, 2400px\" \/><\/figure>\n\n\n\n<p>13:15 &#8211; 14:30 &#8211; <strong>Crisis ecosocial, impacto en las migraciones y propuestas para evitar el colapso<\/strong><\/p>\n\n\n\n<ul class=\"wp-block-list\">\n<li><strong>Irene de Miguel,<\/strong> secretaria de Horizonte Verde y candidata de Podemos Extremadura.&nbsp;<\/li>\n\n\n\n<li><strong>Mar\u00eda Mar\u00edn,<\/strong> candidata de Podemos Murcia.<\/li>\n\n\n\n<li><strong>Ra\u00fal P\u00e9rez<\/strong>, candidato de Podemos La Rioja.&nbsp;<\/li>\n\n\n\n<li>Moderaci\u00f3n: <strong>Juan Jos\u00e9 de Blas,<\/strong> \u00c1rea Ecolog\u00eda Podemos Exterior, y <strong>Noelia Morinigo, <\/strong>C\u00edrculo Argentina Provincias.<\/li>\n<\/ul>\n\n\n\n<figure class=\"wp-block-image size-large\"><img loading=\"lazy\" decoding=\"async\" width=\"2400\" height=\"3000\" src=\"http:\/\/xn--tuvozdiasporaespaola-k7b.com\/wp-content\/uploads\/2023\/02\/img_20230218_005712_3868931922818446523832.jpg?w=819\" alt=\"\" class=\"wp-image-1231\" srcset=\"https:\/\/xn--tuvozdiasporaespaola-k7b.com\/wp-content\/uploads\/2023\/02\/img_20230218_005712_3868931922818446523832.jpg 2400w, https:\/\/xn--tuvozdiasporaespaola-k7b.com\/wp-content\/uploads\/2023\/02\/img_20230218_005712_3868931922818446523832-240x300.jpg 240w, https:\/\/xn--tuvozdiasporaespaola-k7b.com\/wp-content\/uploads\/2023\/02\/img_20230218_005712_3868931922818446523832-819x1024.jpg 819w, https:\/\/xn--tuvozdiasporaespaola-k7b.com\/wp-content\/uploads\/2023\/02\/img_20230218_005712_3868931922818446523832-768x960.jpg 768w, https:\/\/xn--tuvozdiasporaespaola-k7b.com\/wp-content\/uploads\/2023\/02\/img_20230218_005712_3868931922818446523832-1568x1960.jpg 1568w\" sizes=\"(max-width: 2400px) 100vw, 2400px\" \/><\/figure>\n\n\n\n<p>16:00 a 18:00 &#8211; Estrategia medi\u00e1tica en el Exterior y repercusi\u00f3n en las elecciones auton\u00f3micas&nbsp;<\/p>\n\n\n\n<ul class=\"wp-block-list\">\n<li><strong>Joaqu\u00edn Polo<\/strong>, integrante del equipo de campa\u00f1a del Frente de Todos en Argentina y coordinador del equipo de comunicaci\u00f3n del Ministerio de Desarrollo Social de Argentina.<\/li>\n\n\n\n<li><strong>Rub\u00e9n Aguilar,<\/strong> director de campa\u00f1a, Madrid.<\/li>\n\n\n\n<li><strong>Dale Zaccaria<\/strong>.<br \/>Periodista italiana  Associada Siae y GNS Press. Autora y  Escritora.<\/li>\n\n\n\n<li><strong>Juli\u00e1n Mac\u00edas<\/strong>, Pandemia Digital y ex responsable de redes de Podemos.<\/li>\n\n\n\n<li>Moderaci\u00f3n: <strong>Miguel \u00c1ngel Ferris y Celeste Delgado Librero,<\/strong> \u00c1rea de Comunicaci\u00f3n Exterior.<\/li>\n<\/ul>\n\n\n\n<figure class=\"wp-block-image size-large\"><img loading=\"lazy\" decoding=\"async\" width=\"1025\" height=\"1280\" src=\"http:\/\/xn--tuvozdiasporaespaola-k7b.com\/wp-content\/uploads\/2023\/02\/img_20230218_233417_5336553377716132784632.jpg?w=820\" alt=\"\" class=\"wp-image-1236\" srcset=\"https:\/\/xn--tuvozdiasporaespaola-k7b.com\/wp-content\/uploads\/2023\/02\/img_20230218_233417_5336553377716132784632.jpg 1025w, https:\/\/xn--tuvozdiasporaespaola-k7b.com\/wp-content\/uploads\/2023\/02\/img_20230218_233417_5336553377716132784632-240x300.jpg 240w, https:\/\/xn--tuvozdiasporaespaola-k7b.com\/wp-content\/uploads\/2023\/02\/img_20230218_233417_5336553377716132784632-820x1024.jpg 820w, https:\/\/xn--tuvozdiasporaespaola-k7b.com\/wp-content\/uploads\/2023\/02\/img_20230218_233417_5336553377716132784632-768x959.jpg 768w\" sizes=\"(max-width: 1025px) 100vw, 1025px\" \/><\/figure>\n\n\n\n<p>18:30 &#8211; 19:30 &#8211; Presentaci\u00f3n del Canal Twitch Podemos Exterior<\/p>\n\n\n\n<ul class=\"wp-block-list\">\n<li><strong>Juli\u00e1n Mac\u00edas, <\/strong>Pandemia Digital y ex-responsable de redes de Podemos.&nbsp;<\/li>\n\n\n\n<li><strong>Roberto San Mart\u00edn<\/strong>, conductor del programa de radio Cenizas de Babilonia, C\u00edrculo Argentina Provincias.<\/li>\n\n\n\n<li>Entrevistas en directo.<\/li>\n\n\n\n<li>Moderaci\u00f3n: <strong>Miguel \u00c1ngel Ferris y Celeste Delgado Librero<\/strong>, \u00c1rea de Comunicaci\u00f3n Exterior.<\/li>\n<\/ul>\n\n\n\n<p>19:30 &#8211; 20:30 &#8211; Cervezas. Experiencias vividas por las personas retornadas a Espa\u00f1a (open micro)<\/p>\n\n\n\n<p>21:00 &#8211; Cena en restaurante Perla del Pac\u00edfico (al lado de la Sede).<\/p>\n\n\n\n<p>22:00 &#8211; 23:00 &#8211; <strong>Silvia Gers, cantante de rock&nbsp;<\/strong><\/p>\n\n\n\n<figure class=\"wp-block-image size-large\"><img loading=\"lazy\" decoding=\"async\" width=\"600\" height=\"400\" src=\"http:\/\/xn--tuvozdiasporaespaola-k7b.com\/wp-content\/uploads\/2023\/02\/img_20230216_205708_0158809314837991079592.jpg?w=600\" alt=\"\" class=\"wp-image-1222\" srcset=\"https:\/\/xn--tuvozdiasporaespaola-k7b.com\/wp-content\/uploads\/2023\/02\/img_20230216_205708_0158809314837991079592.jpg 600w, https:\/\/xn--tuvozdiasporaespaola-k7b.com\/wp-content\/uploads\/2023\/02\/img_20230216_205708_0158809314837991079592-300x200.jpg 300w\" sizes=\"(max-width: 600px) 100vw, 600px\" \/><figcaption class=\"wp-element-caption\">Silvia Gers <\/figcaption><\/figure>\n\n\n\n<p><strong>DOMINGO 26<\/strong><br \/><br \/>9:00 &#8211; 10:30 &#8211; <strong>Trabajando el territorio en busca del voto de izquierdas<\/strong><br \/><strong>Roberto San Mart\u00edn<\/strong>, C\u00edrculo Argentina Provincias.<br \/><strong>M\u00f3nica Cortizas<\/strong>, C\u00edrculo Argentina Provincias e integrante equipo de CRE de Buenos Aires.<br \/><strong>Carlos Ruiz<\/strong>, C\u00edrculo Puerto Real.<br \/>Moderaci\u00f3n: Celeste Delgado Librero, C\u00edrculo EEUU\/Canad\u00e1, y Francisco L\u00f3pez, Podemos Argentina Provincias. <br \/><br \/>10:30 &#8211; 12:00 &#8211; <strong>Entrelazando Podemos: c\u00f3mo mejorar las sinergias organizativas para aumentar el voto Exterior<\/strong><br \/><strong>Patricia Fesser,<\/strong> representante de Podemos Exterior.<br \/><strong>Francisco L\u00f3pez,<\/strong> coordinador Red de C\u00edrculos de Am\u00e9rica.<br \/><strong>Pau Vivas,<\/strong> secretario de C\u00edrculos de Podemos.<br \/><strong>Raquel Mart\u00ednez,<\/strong> secretaria de Organizaci\u00f3n y C\u00edrculos Andaluc\u00eda.<br \/>Moderaci\u00f3n: <strong>Diego Samiguel<\/strong>, C\u00edrculo Argentina Provincias.<\/p>\n\n\n\n<figure class=\"wp-block-image size-large\"><img loading=\"lazy\" decoding=\"async\" width=\"2400\" height=\"3000\" src=\"http:\/\/xn--tuvozdiasporaespaola-k7b.com\/wp-content\/uploads\/2023\/02\/img_20230218_005729_5751374205933022399201.jpg?w=819\" alt=\"\" class=\"wp-image-1233\" srcset=\"https:\/\/xn--tuvozdiasporaespaola-k7b.com\/wp-content\/uploads\/2023\/02\/img_20230218_005729_5751374205933022399201.jpg 2400w, https:\/\/xn--tuvozdiasporaespaola-k7b.com\/wp-content\/uploads\/2023\/02\/img_20230218_005729_5751374205933022399201-240x300.jpg 240w, https:\/\/xn--tuvozdiasporaespaola-k7b.com\/wp-content\/uploads\/2023\/02\/img_20230218_005729_5751374205933022399201-819x1024.jpg 819w, https:\/\/xn--tuvozdiasporaespaola-k7b.com\/wp-content\/uploads\/2023\/02\/img_20230218_005729_5751374205933022399201-768x960.jpg 768w, https:\/\/xn--tuvozdiasporaespaola-k7b.com\/wp-content\/uploads\/2023\/02\/img_20230218_005729_5751374205933022399201-1568x1960.jpg 1568w\" sizes=\"(max-width: 2400px) 100vw, 2400px\" \/><\/figure>\n\n\n\n<p><br \/> <br \/>12:30 &#8211; 13:00 &#8211; <strong>Mujeres de la Rep\u00fablica. Trayectorias en y desde el exilio<\/strong><br \/><strong> Federico Funes,<\/strong> \u00c1rea de Memoria Hist\u00f3rica.<br \/><br \/>13:00 Foto de despedida. <br \/>13:00 &#8211; 14:00 &#8211; Acto de cierre del Foro<br \/><strong>Ione Belarra,<\/strong> ministra de Derechos Sociales y Agenda 2030 del Gobierno de Espa\u00f1a (v\u00eddeo).<br \/><strong>Conclusiones y lectura del Manifiesto por parte de representantes de las Redes de C\u00edrculos de Am\u00e9rica <\/strong>(Noelia Morinigo)<strong> y Europa <\/strong>(Juan Jos\u00e9 de Blas).<br \/>Representante de Secretar\u00eda Internacional Podemos.<br \/><strong>Alejandra Jacinto, candidata de Podemos Comunidad de Madrid<\/strong>.<br \/>Moderaci\u00f3n: <strong>M\u00f3nica Puertas<\/strong>, C\u00edrculo Argentina Provincias.<br \/><br \/><br \/>Puedes <strong>inscribirte en:<\/strong> ?? https:\/\/participa.podemos.info\/foro_exterior_2023<br \/>Y <strong>colaborar econ\u00f3micamente<\/strong> en: ??https:\/\/gofund.me\/0ecc3060 <br \/><br \/><strong>\u00a1Ap\u00fantate y \u00fanete! <\/strong><br \/><br \/>? Un encuentro de la militancia de todas partes del mundo para preparar la hoja de ruta de cara a las #Elecciones2023.<\/p>\n\n\n\n<figure class=\"wp-block-image size-large\"><img loading=\"lazy\" decoding=\"async\" width=\"1080\" height=\"1331\" src=\"http:\/\/xn--tuvozdiasporaespaola-k7b.com\/wp-content\/uploads\/2023\/02\/screenshot_20230213_154944_twitter1973268229933385928.jpg?w=831\" alt=\"\" class=\"wp-image-1215\" srcset=\"https:\/\/xn--tuvozdiasporaespaola-k7b.com\/wp-content\/uploads\/2023\/02\/screenshot_20230213_154944_twitter1973268229933385928.jpg 1080w, https:\/\/xn--tuvozdiasporaespaola-k7b.com\/wp-content\/uploads\/2023\/02\/screenshot_20230213_154944_twitter1973268229933385928-243x300.jpg 243w, https:\/\/xn--tuvozdiasporaespaola-k7b.com\/wp-content\/uploads\/2023\/02\/screenshot_20230213_154944_twitter1973268229933385928-831x1024.jpg 831w, https:\/\/xn--tuvozdiasporaespaola-k7b.com\/wp-content\/uploads\/2023\/02\/screenshot_20230213_154944_twitter1973268229933385928-768x946.jpg 768w\" sizes=\"(max-width: 1080px) 100vw, 1080px\" \/><\/figure>\n","protected":false},"excerpt":{"rendered":"<p>Los d\u00edas 24, 25 y 26 de febrero, Podemos Exterior celebrar\u00e1 su V Foro en la sede de Podemos de Madrid (C\/ Fco. de &#8230; <\/p>\n<p class=\"read-more-container\"><a title=\"V FORO PODEMOS EXTERIOR\u201cLa Fuerza que Transforma, desde Exterior: Elecciones 2023\u201d\" class=\"read-more button\" href=\"https:\/\/xn--tuvozdiasporaespaola-k7b.com\/page\/2\/v-foro-podemos-exteriorla-fuerza-que-transforma-desde-exterior-elecciones-2023\/#more-1216\" aria-label=\"M\u00e1s en V FORO PODEMOS EXTERIOR\u201cLa Fuerza que Transforma, desde Exterior: Elecciones 2023\u201d\">Leer m\u00e1s<\/a><\/p>\n","protected":false},"author":222560522,"featured_media":0,"comment_status":"open","ping_status":"open","sticky":false,"template":"","format":"standard","meta":{"footnotes":""},"categories":[1771],"tags":[],"class_list":["post-1216","post","type-post","status-publish","format-standard","hentry","category-sociales"],"_links":{"self":[{"href":"https:\/\/xn--tuvozdiasporaespaola-k7b.com\/page\/2\/wp-json\/wp\/v2\/posts\/1216","targetHints":{"allow":["GET"]}}],"collection":[{"href":"https:\/\/xn--tuvozdiasporaespaola-k7b.com\/page\/2\/wp-json\/wp\/v2\/posts"}],"about":[{"href":"https:\/\/xn--tuvozdiasporaespaola-k7b.com\/page\/2\/wp-json\/wp\/v2\/types\/post"}],"author":[{"embeddable":true,"href":"https:\/\/xn--tuvozdiasporaespaola-k7b.com\/page\/2\/wp-json\/wp\/v2\/users\/222560522"}],"replies":[{"embeddable":true,"href":"https:\/\/xn--tuvozdiasporaespaola-k7b.com\/page\/2\/wp-json\/wp\/v2\/comments?post=1216"}],"version-history":[{"count":0,"href":"https:\/\/xn--tuvozdiasporaespaola-k7b.com\/page\/2\/wp-json\/wp\/v2\/posts\/1216\/revisions"}],"wp:attachment":[{"href":"https:\/\/xn--tuvozdiasporaespaola-k7b.com\/page\/2\/wp-json\/wp\/v2\/media?parent=1216"}],"wp:term":[{"taxonomy":"category","embeddable":true,"href":"https:\/\/xn--tuvozdiasporaespaola-k7b.com\/page\/2\/wp-json\/wp\/v2\/categories?post=1216"},{"taxonomy":"post_tag","embeddable":true,"href":"https:\/\/xn--tuvozdiasporaespaola-k7b.com\/page\/2\/wp-json\/wp\/v2\/tags?post=1216"}],"curies":[{"name":"wp","href":"https:\/\/api.w.org\/{rel}","templated":true}]}}