{"id":12115,"date":"2026-01-25T09:41:53","date_gmt":"2026-01-25T12:41:53","guid":{"rendered":"https:\/\/xn--tuvozdiasporaespaola-k7b.com\/page\/2\/?p=12115"},"modified":"2026-01-25T09:44:46","modified_gmt":"2026-01-25T12:44:46","slug":"la-politica-municipal-se-tiene-que-trabajar-dia-a-diaespana","status":"publish","type":"post","link":"https:\/\/xn--tuvozdiasporaespaola-k7b.com\/page\/2\/la-politica-municipal-se-tiene-que-trabajar-dia-a-diaespana\/","title":{"rendered":"\u201cLa pol\u00edtica municipal se tiene que trabajar d\u00eda a d\u00eda\u201dEspa\u00f1a"},"content":{"rendered":"\n<p>Por Walter C. Medina<\/p>\n\n\n\n<p>ENTREVISTA A MAR\u00cdA POZUELO<\/p>\n\n\n\n<p>Entrevistada por Francisco L\u00f3pez para el programa radial \u201cCenizas de Babilonia. Di\u00e1spora Espa\u00f1ola\u201d (AM830 Radio del Pueblo), Mar\u00eda Pozuelo, representante de Podemos Catalunya, se refiri\u00f3 a la importancia de hacer pol\u00edtica en los municipios a partir del di\u00e1logo y el contacto no s\u00f3lo con otros partidos pol\u00edticos, sino tambi\u00e9n con las vecinas y vecinos, y con las organizaciones y movimientos sociales. <\/p>\n\n\n\n<p>Entre otros temas sobre los que gir\u00f3 la entrevista, Pozuelo expres\u00f3 su opini\u00f3n respecto del secuestro, por parte de la administraci\u00f3n Trump, del presidente venezolano Nicol\u00e1s Maduro. \u201cEsa misma amenaza ya la est\u00e1 trasladando a Groenlandia, a Dinamarca, a Ir\u00e1n y a muchos otros pa\u00edses, porque seg\u00fan \u00e9l, \u00e9l no obedece ninguna ley internacional, ni siquiera las leyes de su propio pa\u00eds. Es muy preocupante que la Uni\u00f3n Europea sea complaciente con estas amenazas de Donald Trump al resto del mundo\u201d<\/p>\n\n\n\n<p>\u00bf<strong>Qu\u00e9 opini\u00f3n te merece todo lo que est\u00e1 aconteciendo a nivel global desde que Donald Trump decidi\u00f3 invadir Venezuela y detener a Maduro?<\/strong><\/p>\n\n\n\n<p>Es verdad que la situaci\u00f3n es muy compleja y muy grave; y muy preocupante la deriva que est\u00e1 teniendo, de manera delirante y fascista el presidente de los Estados Unidos. Lo que ha ocurrido en Venezuela es una muestra m\u00e1s de lo que quiere hacer con todo lo que le plazca; que es invadir, saquear y colonizar de una manera tremenda a pa\u00edses soberanos. <\/p>\n\n\n\n<p>Con el secuestro del presidente de un pa\u00eds, declarando, adem\u00e1s, de manera clara y directa que lo que quiere es el petr\u00f3leo y extraer toda la riqueza de ese pa\u00eds, cueste lo que cueste y aunque sea en contra de la soberan\u00eda de Venezuela y de los venezolanos y venezolanas. Y esa misma amenaza ya la est\u00e1 trasladando a Groenlandia, a Dinamarca, a Ir\u00e1n y a muchos otros pa\u00edses, porque seg\u00fan \u00e9l, \u00e9l no obedece ninguna ley internacional, ni siquiera las leyes de su propio pa\u00eds. Es muy preocupante que la Uni\u00f3n Europea sea complaciente con estas amenaza de Donald Trump al resto del mundo.<\/p>\n\n\n\n<p><strong>\u00bfCrees que el problema de la vivienda en Espa\u00f1a tiene soluci\u00f3n, o es s\u00f3lo la soluci\u00f3n que propone el PP, que consta en construir m\u00e1s viviendas sin especificar para qui\u00e9n es esa vivienda, fomentando el boom inmobiliario? \u00bfCrees que la izquierda est\u00e1 a la altura de las circunstancias?<\/strong><\/p>\n\n\n\n<p>La vivienda es el problema m\u00e1s importante ahora mismo que tienen los espa\u00f1oles y las espa\u00f1olas; es una crisis de vivienda inmensa donde la gente destina ya el cincuenta o sesenta por ciento de su sueldo a pagar el alquiler, un alquiler que es imposible ya de pagar en la mayor\u00eda de las ciudades de este pa\u00eds. <\/p>\n\n\n\n<p>Ya no es solamente en las grandes capitales sino que en cualquier municipio es muy dif\u00edcil encontrar una vivienda asequible. Y lo que ha hecho el Partido Socialista en esta legislatura ha sido nada; las medidas que ha ido proponiendo en esta legislatura que terminan con la \u00faltima ocurrencia de Pedro S\u00e1nchez, es siempre para favorecer a los rentistas, para favorecer a los caseros o a los grandes tenedores. <\/p>\n\n\n\n<p>La extensi\u00f3n del cien por cien del IRPF significa que a los caseros se les va a unificar, y que ese impuesto lo vamos a pagar los ciudadanos y las ciudadanas. Los que pagan el alquiler, m\u00e1s all\u00e1 de pagar el alquiler, van a estar pagando ese dinero que vamos a dejar de recaudar. No va a ir destinado a sanidad, a educaci\u00f3n, a dependencia o muchos otros servicios p\u00fablicos que son esenciales en este pa\u00eds, y que tambi\u00e9n est\u00e1n absolutamente desfinanciados y eso lo estamos viendo en todas las comunidades aut\u00f3nomas.  <\/p>\n\n\n\n<p>El problema de la vivienda no se resolver\u00e1 nunca facilitando a los caseros este tipo de medidas, sino que se va a resolver cuando el Partido Socialista y Sumar, que est\u00e1n como socios del gobierno, y la izquierda que gobierne, que se ponga las pilas y baje los alquileres por ley, y de una vez por todas se proh\u00edba la compra de viviendas para quien no va a residir, para que una vez por todas se legisle como toca, que son los alquileres temporales, la vivienda tur\u00edstica; as\u00ed es como se tiene que resolver la vivienda. Mientras esto no suceda los ciudadanos van a seguir teniendo much\u00edsimos problemas para pagar su alquiler, para llegar a fin de mes, porque los alquileres est\u00e1n absolutamente imposibles.<\/p>\n\n\n\n<p><strong>A nivel municipal, \u00bfc\u00f3mo ves los pactos, las coaliciones? \u00bfCrees que en un futuro se puedan coordinar pol\u00edticas a nivel municipal en la izquierda? \u00bfCoinciden en la mayor\u00eda de los municipios, o tambi\u00e9n hay diversificaci\u00f3n?, \u00bfcrees que se puede avanzar en algo?<\/strong><\/p>\n\n\n\n<p>Bueno, el encuentro municipalista de Podemos, que se va a celebrar este s\u00e1bado, lo que pondremos sobre la mesa es la realidad de todos los municipios, donde estamos y donde queremos gobernar. Estamos haciendo pol\u00edtica, con nuestras propuestas y nuestra manera de hacer. <\/p>\n\n\n\n<p>Es verdad que la realidad municipal es muy distinta -muchas veces- de lo que es la realidad auton\u00f3mica o de la pol\u00edtica en general. Es el municipio en donde se hace la pol\u00edtica m\u00e1s cercana y muchas veces hay m\u00e1s coincidencias a la hora de practicar esa pol\u00edtica y de beneficiar y cambiar la vida de la gente, que a nivel estatal o auton\u00f3mico. <\/p>\n\n\n\n<p>Nosotras aqu\u00ed en Catalunya ya hemos arrancado con una estrategia pol\u00edtica a nivel municipal, de cara a las municipales del 2027. Lo que estamos haciendo es reforzar y haciendo estrategias en nuestros municipios como Podemos, y tambi\u00e9n hablaremos con otros partidos pol\u00edticos para poder hacer posibles coaliciones, pero tambi\u00e9n con organizaciones municipalistas y con muchos movimientos sociales, porque en los municipios no solamente est\u00e1n los partidos pol\u00edticos, hay tambi\u00e9n asociaciones y muchas plataformas en donde convergen muchas vecinas y vecinos con los que tambi\u00e9n estamos hablando desde hace much\u00edsimo tiempo, porque la pol\u00edtica municipal se tiene que trabajar d\u00eda a d\u00eda.     <\/p>\n\n\n\n<p> MIR\u00c1 LA ENTREVISTA COMPLETA EN EL SIGUIENTE ENLACEhttps:         <\/p>\n\n\n\n<figure class=\"wp-block-embed is-type-video is-provider-youtube wp-block-embed-youtube wp-embed-aspect-16-9 wp-has-aspect-ratio\"><div class=\"wp-block-embed__wrapper\">\n<iframe title=\"Entrevista a #MariaPozuelo #Podem #catalunya #IoneBelarra #vivienda #sanidad en #catalu\u00f1a\" width=\"1110\" height=\"624\" src=\"https:\/\/www.youtube.com\/embed\/hsabB_pMr6c?feature=oembed\" frameborder=\"0\" allow=\"accelerometer; autoplay; clipboard-write; encrypted-media; gyroscope; picture-in-picture; web-share\" referrerpolicy=\"strict-origin-when-cross-origin\" allowfullscreen><\/iframe>\n<\/div><\/figure>\n","protected":false},"excerpt":{"rendered":"<p>Por Walter C. Medina ENTREVISTA A MAR\u00cdA POZUELO Entrevistada por Francisco L\u00f3pez para el programa radial \u201cCenizas de Babilonia. Di\u00e1spora Espa\u00f1ola\u201d (AM830 Radio del &#8230; <\/p>\n<p class=\"read-more-container\"><a title=\"\u201cLa pol\u00edtica municipal se tiene que trabajar d\u00eda a d\u00eda\u201dEspa\u00f1a\" class=\"read-more button\" href=\"https:\/\/xn--tuvozdiasporaespaola-k7b.com\/page\/2\/la-politica-municipal-se-tiene-que-trabajar-dia-a-diaespana\/#more-12115\" aria-label=\"M\u00e1s en \u201cLa pol\u00edtica municipal se tiene que trabajar d\u00eda a d\u00eda\u201dEspa\u00f1a\">Leer m\u00e1s<\/a><\/p>\n","protected":false},"author":222560522,"featured_media":12119,"comment_status":"closed","ping_status":"open","sticky":false,"template":"","format":"standard","meta":{"footnotes":""},"categories":[121854,121901],"tags":[],"class_list":["post-12115","post","type-post","status-publish","format-standard","has-post-thumbnail","hentry","category-consejo-de-residentes-espanoles","category-espana","resize-featured-image"],"_links":{"self":[{"href":"https:\/\/xn--tuvozdiasporaespaola-k7b.com\/page\/2\/wp-json\/wp\/v2\/posts\/12115","targetHints":{"allow":["GET"]}}],"collection":[{"href":"https:\/\/xn--tuvozdiasporaespaola-k7b.com\/page\/2\/wp-json\/wp\/v2\/posts"}],"about":[{"href":"https:\/\/xn--tuvozdiasporaespaola-k7b.com\/page\/2\/wp-json\/wp\/v2\/types\/post"}],"author":[{"embeddable":true,"href":"https:\/\/xn--tuvozdiasporaespaola-k7b.com\/page\/2\/wp-json\/wp\/v2\/users\/222560522"}],"replies":[{"embeddable":true,"href":"https:\/\/xn--tuvozdiasporaespaola-k7b.com\/page\/2\/wp-json\/wp\/v2\/comments?post=12115"}],"version-history":[{"count":1,"href":"https:\/\/xn--tuvozdiasporaespaola-k7b.com\/page\/2\/wp-json\/wp\/v2\/posts\/12115\/revisions"}],"predecessor-version":[{"id":12117,"href":"https:\/\/xn--tuvozdiasporaespaola-k7b.com\/page\/2\/wp-json\/wp\/v2\/posts\/12115\/revisions\/12117"}],"wp:featuredmedia":[{"embeddable":true,"href":"https:\/\/xn--tuvozdiasporaespaola-k7b.com\/page\/2\/wp-json\/wp\/v2\/media\/12119"}],"wp:attachment":[{"href":"https:\/\/xn--tuvozdiasporaespaola-k7b.com\/page\/2\/wp-json\/wp\/v2\/media?parent=12115"}],"wp:term":[{"taxonomy":"category","embeddable":true,"href":"https:\/\/xn--tuvozdiasporaespaola-k7b.com\/page\/2\/wp-json\/wp\/v2\/categories?post=12115"},{"taxonomy":"post_tag","embeddable":true,"href":"https:\/\/xn--tuvozdiasporaespaola-k7b.com\/page\/2\/wp-json\/wp\/v2\/tags?post=12115"}],"curies":[{"name":"wp","href":"https:\/\/api.w.org\/{rel}","templated":true}]}}