{"id":1206,"date":"2023-02-16T14:43:06","date_gmt":"2023-02-16T17:43:06","guid":{"rendered":"https:\/\/xn--tuvozdiasporaespaola-k7b.com\/?p=1206"},"modified":"2023-02-16T16:56:10","modified_gmt":"2023-02-16T19:56:10","slug":"entrevista-con-seymour-hershjoe-biden-hizo-estallar-nord-stream-porque-no-confiaba-en-alemania","status":"publish","type":"post","link":"https:\/\/xn--tuvozdiasporaespaola-k7b.com\/page\/2\/entrevista-con-seymour-hershjoe-biden-hizo-estallar-nord-stream-porque-no-confiaba-en-alemania\/","title":{"rendered":"Entrevista con Seymour Hersh: \u00abJoe Biden hizo estallar Nord Stream porque no confiaba en Alemania\u00bb"},"content":{"rendered":"\n<p>P: Sr. Hersh, por favor detalle sus hallazgos Seg\u00fan su fuente, \u00bfqu\u00e9 sucedi\u00f3 exactamente, qui\u00e9n estuvo involucrado en el ataque de Nord Stream y cu\u00e1les fueron los motivos?<\/p>\n\n\n\n<p>R: Era una historia que ped\u00eda a gritos ser contada. A fines de septiembre de 2022, ocho bombas iban a ser detonadas cerca de la isla de Bornholm en el Mar B\u00e1ltico , seis de las cuales estallaron en un \u00e1rea bastante plana. Destruyeron tres de los cuatro principales oleoductos Nord Stream 1 y 2 . El gasoducto Nord Stream 1 ha abastecido a Alemania y otras partes de Europa con gas natural muy barato durante muchos a\u00f1os. Y luego explot\u00f3, al igual que Nord Stream. 2, y la pregunta era qui\u00e9n lo hizo y por qu\u00e9. El 7 de febrero de 2022, dos buenas semanas antes de que Rusia invadiera Ucrania. El presidente de los Estados Unidos, Joe Biden, dijo en una conferencia de prensa en la Casa Blanca que sostuvo con el canciller alem\u00e1n Olaf Scholz que Estados Unidos detendr\u00eda el Nord Stream. Biden dijo literalmente:<strong> \u00abSi Rusia invade, no habr\u00e1 ,m\u00e1s Nord Stream 2, pondremos fin al proyecto\u00bb<\/strong>. Y cuando un reportero le pregunt\u00f3 c\u00f3mo planeaba hacerlo exactamente, ya que el proyecto estaba principalmente bajo control alem\u00e1n, Biden simplemente dijo:<strong> \u00abTe prometo que podremos hacerlo\u00bb.<\/strong><\/p>\n\n\n\n<figure class=\"wp-block-image size-large\"><img fetchpriority=\"high\" decoding=\"async\" width=\"1920\" height=\"1080\" src=\"http:\/\/xn--tuvozdiasporaespaola-k7b.com\/wp-content\/uploads\/2023\/02\/seymour-hersh-getty2555641250205396280.jpg?w=1024\" alt=\"\" class=\"wp-image-1209\" srcset=\"https:\/\/xn--tuvozdiasporaespaola-k7b.com\/wp-content\/uploads\/2023\/02\/seymour-hersh-getty2555641250205396280.jpg 1920w, https:\/\/xn--tuvozdiasporaespaola-k7b.com\/wp-content\/uploads\/2023\/02\/seymour-hersh-getty2555641250205396280-300x169.jpg 300w, https:\/\/xn--tuvozdiasporaespaola-k7b.com\/wp-content\/uploads\/2023\/02\/seymour-hersh-getty2555641250205396280-1024x576.jpg 1024w, https:\/\/xn--tuvozdiasporaespaola-k7b.com\/wp-content\/uploads\/2023\/02\/seymour-hersh-getty2555641250205396280-768x432.jpg 768w, https:\/\/xn--tuvozdiasporaespaola-k7b.com\/wp-content\/uploads\/2023\/02\/seymour-hersh-getty2555641250205396280-1568x882.jpg 1568w\" sizes=\"(max-width: 1920px) 100vw, 1920px\" \/><figcaption class=\"wp-element-caption\">Seymour Hersh<\/figcaption><\/figure>\n\n\n\n<p><br>P: Su Secretaria de Estado Adjunta, Victoria Nuland, que estuvo profundamente implicada en los acontecimientos de la revoluci\u00f3n de Maidan en 2014, hab\u00eda hecho una declaraci\u00f3n similar unas semanas antes. Dicen que la decisi\u00f3n de cerrar el oleoducto fue tomada incluso antes por el presidente Biden. Usted escribe en su informe que en diciembre de 2021, el asesor de seguridad nacional, Jake Sullivan, convoc\u00f3 una reuni\u00f3n del grupo de trabajo reci\u00e9n formado del Estado Mayor Conjunto, la CIA, el Departamento de Estado y el Departamento del Tesoro.<\/p>\n\n\n\n<figure class=\"wp-block-image size-large\"><img decoding=\"async\" width=\"1200\" height=\"1200\" src=\"http:\/\/xn--tuvozdiasporaespaola-k7b.com\/wp-content\/uploads\/2023\/02\/63335ba193df2_12004573005382019212448.jpg?w=1024\" alt=\"\" class=\"wp-image-1208\" srcset=\"https:\/\/xn--tuvozdiasporaespaola-k7b.com\/wp-content\/uploads\/2023\/02\/63335ba193df2_12004573005382019212448.jpg 1200w, https:\/\/xn--tuvozdiasporaespaola-k7b.com\/wp-content\/uploads\/2023\/02\/63335ba193df2_12004573005382019212448-300x300.jpg 300w, https:\/\/xn--tuvozdiasporaespaola-k7b.com\/wp-content\/uploads\/2023\/02\/63335ba193df2_12004573005382019212448-1024x1024.jpg 1024w, https:\/\/xn--tuvozdiasporaespaola-k7b.com\/wp-content\/uploads\/2023\/02\/63335ba193df2_12004573005382019212448-150x150.jpg 150w, https:\/\/xn--tuvozdiasporaespaola-k7b.com\/wp-content\/uploads\/2023\/02\/63335ba193df2_12004573005382019212448-768x768.jpg 768w\" sizes=\"(max-width: 1200px) 100vw, 1200px\" \/><\/figure>\n\n\n\n<p><br>Escriben: \u00ab<strong>Sullivan quer\u00eda que el grupo ideara un plan para la destrucci\u00f3n de los dos oleoductos Nord Stream<\/strong>\u00ab.<br>Este grupo fue originalmente convocado para estudiar el problema. Se conocieron en una oficina muy secreta. Justo al lado de la Casa Blanca hay un edificio de oficinas, el Edificio de Oficinas Ejecutivas, que est\u00e1 conectado a la Casa Blanca por un t\u00fanel subterr\u00e1neo. Y en la parte superior hay una oficina para un grupo externo secreto de asesores llamado Junta Asesora de Inteligencia del Presidente. Mencion\u00e9 esto para se\u00f1alar a la gente de la Casa Blanca que tengo informaci\u00f3n. Entonces se convoc\u00f3 la reuni\u00f3n para examinar qu\u00e9 har\u00edamos si Rusia fuera a la guerra.<br>Eso fue tres meses antes de la guerra, antes de la Navidad de 2021. Era un .grupo de alto nivel que probablemente ten\u00eda un nombre diferente, solo lo llam\u00e9 Grupo Interagencial, no s\u00e9 el nombre oficial si lo hab\u00eda. Eran la CIA y la Agencia de Seguridad Nacional , que monitorea e intercepta las . comunicaciones, el Departamento de Estado y el Departamento del Tesoro, que proporciona dinero. <\/p>\n\n\n\n<p>Y probablemente algunas otras organizaciones que estuvieron involucradas. Tambi\u00e9n estuvo representado el Estado Mayor Conjunto. El objetivo era hacer recomendaciones sobre c\u00f3mo detener a Rusia, ya sea con medidas reversibles, como m\u00e1s sanciones y presi\u00f3n econ\u00f3mica, o con medidas \u00ab<strong>cin\u00e9ticas\u00bb irreversibles, p. e. Explosiones.<\/strong><br><strong><em>No quiero entrar en m\u00e1s detalles aqu\u00ed ni hablar de una reuni\u00f3n espec\u00edfica porque necesito proteger mi fuente. No s\u00e9 cu\u00e1ntas personas participaron, \u00bfsabes a lo que me refiero?<\/em><\/strong><\/p>\n\n\n\n<p><a href=\"https:\/\/www.berliner-zeitung.de\/politik-gesellschaft\/seymour-hersh-im-interview-joe-biden-spr  engte-nord-stream-weil-er-deutschland-nicht-traut-li.317700\">https:\/\/www.berliner-zeitung.de\/politik-gesellschaft\/seymour-hersh-im-interview-joe-biden-spr&nbsp; engte-nord-stream-weil-er-deutschland-nicht-traut-li.317700<\/a><\/p>\n\n\n\n<p>Juan L\u00f3pez,&nbsp; Redacci\u00f3n de Revista TU VOZ.<\/p>\n","protected":false},"excerpt":{"rendered":"<p>P: Sr. Hersh, por favor detalle sus hallazgos Seg\u00fan su fuente, \u00bfqu\u00e9 sucedi\u00f3 exactamente, qui\u00e9n estuvo involucrado en el ataque de Nord Stream y &#8230; <\/p>\n<p class=\"read-more-container\"><a title=\"Entrevista con Seymour Hersh: \u00abJoe Biden hizo estallar Nord Stream porque no confiaba en Alemania\u00bb\" class=\"read-more button\" href=\"https:\/\/xn--tuvozdiasporaespaola-k7b.com\/page\/2\/entrevista-con-seymour-hershjoe-biden-hizo-estallar-nord-stream-porque-no-confiaba-en-alemania\/#more-1206\" aria-label=\"M\u00e1s en Entrevista con Seymour Hersh: \u00abJoe Biden hizo estallar Nord Stream porque no confiaba en Alemania\u00bb\">Leer m\u00e1s<\/a><\/p>\n","protected":false},"author":222560522,"featured_media":0,"comment_status":"open","ping_status":"open","sticky":false,"template":"","format":"standard","meta":{"footnotes":""},"categories":[1771],"tags":[],"class_list":["post-1206","post","type-post","status-publish","format-standard","hentry","category-sociales"],"_links":{"self":[{"href":"https:\/\/xn--tuvozdiasporaespaola-k7b.com\/page\/2\/wp-json\/wp\/v2\/posts\/1206","targetHints":{"allow":["GET"]}}],"collection":[{"href":"https:\/\/xn--tuvozdiasporaespaola-k7b.com\/page\/2\/wp-json\/wp\/v2\/posts"}],"about":[{"href":"https:\/\/xn--tuvozdiasporaespaola-k7b.com\/page\/2\/wp-json\/wp\/v2\/types\/post"}],"author":[{"embeddable":true,"href":"https:\/\/xn--tuvozdiasporaespaola-k7b.com\/page\/2\/wp-json\/wp\/v2\/users\/222560522"}],"replies":[{"embeddable":true,"href":"https:\/\/xn--tuvozdiasporaespaola-k7b.com\/page\/2\/wp-json\/wp\/v2\/comments?post=1206"}],"version-history":[{"count":0,"href":"https:\/\/xn--tuvozdiasporaespaola-k7b.com\/page\/2\/wp-json\/wp\/v2\/posts\/1206\/revisions"}],"wp:attachment":[{"href":"https:\/\/xn--tuvozdiasporaespaola-k7b.com\/page\/2\/wp-json\/wp\/v2\/media?parent=1206"}],"wp:term":[{"taxonomy":"category","embeddable":true,"href":"https:\/\/xn--tuvozdiasporaespaola-k7b.com\/page\/2\/wp-json\/wp\/v2\/categories?post=1206"},{"taxonomy":"post_tag","embeddable":true,"href":"https:\/\/xn--tuvozdiasporaespaola-k7b.com\/page\/2\/wp-json\/wp\/v2\/tags?post=1206"}],"curies":[{"name":"wp","href":"https:\/\/api.w.org\/{rel}","templated":true}]}}