{"id":12012,"date":"2026-01-20T12:31:45","date_gmt":"2026-01-20T15:31:45","guid":{"rendered":"https:\/\/xn--tuvozdiasporaespaola-k7b.com\/page\/2\/?p=12012"},"modified":"2026-01-20T16:03:57","modified_gmt":"2026-01-20T19:03:57","slug":"europa-anuncia-en-davos-no-nos-detendremos-en-america-latina","status":"publish","type":"post","link":"https:\/\/xn--tuvozdiasporaespaola-k7b.com\/page\/2\/europa-anuncia-en-davos-no-nos-detendremos-en-america-latina\/","title":{"rendered":"Europa anuncia en DAVOS, \u00abNo nos detendremos en Am\u00e9rica Latina\u00bb"},"content":{"rendered":"\n<p>Redacci\u00f3n Argentina.<\/p>\n\n\n\n<p>El discurso e intervenci\u00f3n de Von der Leyen, la presidenta de la Comisi\u00f3n Europea en Davos redefine el papel y sit\u00faa al sector tecnol\u00f3gico como pieza central de la independencia econ\u00f3mica, regulatoria y estrat\u00e9gica de Europa delimitando el marco pol\u00edtico, econ\u00f3mico y regulatorio en el que va a desenvolverse el sector tecnol\u00f3gico europeo en los pr\u00f3ximos a\u00f1os anunciando el \u201cEU Inc.\u201d y la promesa de un mercado digital realmente europe, el EU Inc.  es el elemento m\u00e1s relevante para startups, scaleups y empresas tecnol\u00f3gicas en fase de expansi\u00f3n.<\/p>\n\n\n\n<p>De igual  manera destaca la profundizaci\u00f3n de los v\u00ednculos con los pa\u00edses latinoamericanos y la apertura a mas acuerdos de libre comercio  con otros paises de asia y el Pac\u00edfico,  toda una declaraci\u00f3n  de guerra comercial a EEUU.<\/p>\n\n\n\n<p>Von der Leyen hizo tambi\u00e9n hincapi\u00e9 en que el a\u00f1o pasado se alcanzaron nuevos acuerdos con M\u00e9xico, lo que destac\u00f3 como ejemplo de la ampliaci\u00f3n del nivel de relacionamiento del bloque europeo con Am\u00e9rica Latina y otras regiones del mundo.<\/p>\n\n\n\n<p>En esa l\u00ednea, destac\u00f3 el establecimiento de pactos con Indonesia y Suiza, al tiempo que asegur\u00f3 que se avanza en un tratado de libre comercio con Australia.  En esa misma materia, tambi\u00e9n han abierto negociaciones con Filipinas, Tailandia, Malasia, Emiratos \u00c1rabes Unidos y otros pa\u00edses.<\/p>\n\n\n\n<p>Sus declaraciones se producen solo unos d\u00edas despu\u00e9s de que el presidente de EE.UU., Donald Trump, amenazara con aumentar los aranceles hasta el 25 % a ochos pa\u00edses europeos pertenecientes a la OTAN, que han mostrado su oposici\u00f3n a que Washington se anexione Groenlandia<\/p>\n\n\n\n<p> Ursula von der Leyen, tambien declaro \u00abHa  llegado el momento de aprovechar la oportunidad y construir una nueva Europa independiente\u00bb<\/p>\n\n\n\n<p>Ministra de Econom\u00eda danesa en relaccion a Groenlandia plsnteo que \u00abLa  Uni\u00f3n Europea debe plantear todas las opciones en relaci\u00f3n con la respuesta a la amenaza de Trump de imponer nuevos aranceles.<\/p>\n\n\n\n<p>Lo que el mundo nos dice, es que hoy EE.UU  esta en decadencia y europa mira otros horizontes, desde un acercamiento a China, buscando mas consensos con Rusia (ante las nuevas declaraciones del primer ministro de Finlandia hoy sumida en una crisis econ\u00f3mica y social sin predentes) o las nuevas visiones de Hungr\u00eda, Bulgaria o Eslovaquia,  donde las dependencias energ\u00e9ticas la hacen cada dia mas vulnerables y d\u00e9biles. <\/p>\n\n\n\n<p>Nuevas partidas de ajedrez y nuevo tablero para jugar a la Geopol\u00edtica mundial donde el bienestar de los  pueblos y las faltas de suluciones  pueden desencadenar crisis que dif\u00edcilmente encuentren un final feliz .<\/p>\n\n\n\n<p>Con un Donald Trump que lleva a Estados Unidos a un confrontaci\u00f3n interna para justificar medidas autoritarias y quien dice no sea  el prolegomeno de anulaci\u00f3n de elecciones y la perpetuidad de un r\u00e9gimen aut\u00f3crata decla ultraderecha.<\/p>\n\n\n\n<p>Europa acaba reproduciendo un discurso m\u00e1s cercano a la l\u00f3gica de las \u00e9lites econ\u00f3micas que a una posici\u00f3n de izquierda s\u00f3lida, adem\u00e1s, da por supuestas intenciones estrat\u00e9gicas de Ursula von der Leyen y de la Uni\u00f3n Europea frente a Donald Trump que, a d\u00eda de hoy, no est\u00e1n demostradas y parecen, como m\u00ednimo, tibias.<\/p>\n\n\n\n<p>Leer el acuerdo UE\u2013Mercosur como un movimiento estrat\u00e9gico en un mundo en disputa, esa lectura, (en abstracto), no es ileg\u00edtima. <\/p>\n\n\n\n<p>Reflexionar que en  el contexto europeo actual, ese tipo de relato de acuerdos de.libre comercio  no refuerza a Europa y sus agricultura  y no combate la desigualdad estructutal si no que  la debilita. <\/p>\n\n\n\n<p>No se puede defender estos acuerdos en s\u00ed,   porque lo hace desplazando el conflicto social existente, que hoy en  Europa produce un malestar del sector agrario, la cr\u00edtica a los tratados comerciales y la desconfianza hacia decisiones tomadas desde espacios como Davos no son fen\u00f3menos marginales, son el terreno material sobre el que se juega la credibilidad pol\u00edtica dd Eurooa paea con su ciudadania.<\/p>\n\n\n\n<p>Al presentar el acuerdo del Mercosur  y posteriores acuedos como una jugada geopol\u00edtica audaz (casi emancipadora) se corre el riesgo de confundir intereses econ\u00f3micos con proyecto pol\u00edtico, y de invisibilizar a quienes perciben estos  tratados como una amenaza directa a sus condiciones de vida. <\/p>\n\n\n\n<p>Para una parte importante de la base social de izquierdas, ese discurso no suena a internacionalismo, sino a justificaci\u00f3n tecnocr\u00e1tica de un sacrificio impuesto.<\/p>\n\n\n\n<p>El resultado es parad\u00f3jico un texto escrito desde una sensibilidad cr\u00edtica termina funcionando como argumento favorable al statu quo, porque neutraliza el conflicto en lugar de asumirlo. <\/p>\n\n\n\n<p>No interpela a los perdedores del acuerdo; les pide comprensi\u00f3n. Y cuando los gobernantes  piden comprensi\u00f3n sin ofrecer protecci\u00f3n, pierde legitimidad.<\/p>\n\n\n\n<p>Es cierto que en Am\u00e9rica Latina el acuerdo puede percibirse desde otros marcos, incluso como una oportunidad relativa frente a alternativas peores. <\/p>\n\n\n\n<p>Pero trasladar sin matices esa lectura al contexto europeo ignora una asimetr\u00eda clave de que el problema no es la falta de inserci\u00f3n global, sino qui\u00e9n paga el coste de esa inserci\u00f3n y qui\u00e9n decide las reglas.<\/p>\n\n\n\n<p>Advertir es  se\u00f1alar un riesgo de confundir noticias  con an\u00e1lisis geopol\u00edtico de relato pol\u00edtico.<\/p>\n\n\n\n<p>Fuentes : Agencias de comunicaci\u00f3n  y discurso de Von der Leyen en YouTube. <\/p>\n\n\n\n<p><\/p>\n","protected":false},"excerpt":{"rendered":"<p>Redacci\u00f3n Argentina. El discurso e intervenci\u00f3n de Von der Leyen, la presidenta de la Comisi\u00f3n Europea en Davos redefine el papel y sit\u00faa al &#8230; <\/p>\n<p class=\"read-more-container\"><a title=\"Europa anuncia en DAVOS, \u00abNo nos detendremos en Am\u00e9rica Latina\u00bb\" class=\"read-more button\" href=\"https:\/\/xn--tuvozdiasporaespaola-k7b.com\/page\/2\/europa-anuncia-en-davos-no-nos-detendremos-en-america-latina\/#more-12012\" aria-label=\"M\u00e1s en Europa anuncia en DAVOS, \u00abNo nos detendremos en Am\u00e9rica Latina\u00bb\">Leer m\u00e1s<\/a><\/p>\n","protected":false},"author":222560522,"featured_media":12013,"comment_status":"closed","ping_status":"open","sticky":false,"template":"","format":"standard","meta":{"footnotes":""},"categories":[121896],"tags":[],"class_list":["post-12012","post","type-post","status-publish","format-standard","has-post-thumbnail","hentry","category-europa","resize-featured-image"],"_links":{"self":[{"href":"https:\/\/xn--tuvozdiasporaespaola-k7b.com\/page\/2\/wp-json\/wp\/v2\/posts\/12012","targetHints":{"allow":["GET"]}}],"collection":[{"href":"https:\/\/xn--tuvozdiasporaespaola-k7b.com\/page\/2\/wp-json\/wp\/v2\/posts"}],"about":[{"href":"https:\/\/xn--tuvozdiasporaespaola-k7b.com\/page\/2\/wp-json\/wp\/v2\/types\/post"}],"author":[{"embeddable":true,"href":"https:\/\/xn--tuvozdiasporaespaola-k7b.com\/page\/2\/wp-json\/wp\/v2\/users\/222560522"}],"replies":[{"embeddable":true,"href":"https:\/\/xn--tuvozdiasporaespaola-k7b.com\/page\/2\/wp-json\/wp\/v2\/comments?post=12012"}],"version-history":[{"count":2,"href":"https:\/\/xn--tuvozdiasporaespaola-k7b.com\/page\/2\/wp-json\/wp\/v2\/posts\/12012\/revisions"}],"predecessor-version":[{"id":12021,"href":"https:\/\/xn--tuvozdiasporaespaola-k7b.com\/page\/2\/wp-json\/wp\/v2\/posts\/12012\/revisions\/12021"}],"wp:featuredmedia":[{"embeddable":true,"href":"https:\/\/xn--tuvozdiasporaespaola-k7b.com\/page\/2\/wp-json\/wp\/v2\/media\/12013"}],"wp:attachment":[{"href":"https:\/\/xn--tuvozdiasporaespaola-k7b.com\/page\/2\/wp-json\/wp\/v2\/media?parent=12012"}],"wp:term":[{"taxonomy":"category","embeddable":true,"href":"https:\/\/xn--tuvozdiasporaespaola-k7b.com\/page\/2\/wp-json\/wp\/v2\/categories?post=12012"},{"taxonomy":"post_tag","embeddable":true,"href":"https:\/\/xn--tuvozdiasporaespaola-k7b.com\/page\/2\/wp-json\/wp\/v2\/tags?post=12012"}],"curies":[{"name":"wp","href":"https:\/\/api.w.org\/{rel}","templated":true}]}}