{"id":11995,"date":"2026-01-18T21:20:15","date_gmt":"2026-01-19T00:20:15","guid":{"rendered":"https:\/\/xn--tuvozdiasporaespaola-k7b.com\/page\/2\/?p=11995"},"modified":"2026-01-18T21:20:16","modified_gmt":"2026-01-19T00:20:16","slug":"elecciones-en-portugal-el-candidato-socialista-y-el-ultraderechista-a-la-segunda-vuelta-presidencial","status":"publish","type":"post","link":"https:\/\/xn--tuvozdiasporaespaola-k7b.com\/page\/2\/elecciones-en-portugal-el-candidato-socialista-y-el-ultraderechista-a-la-segunda-vuelta-presidencial\/","title":{"rendered":"Elecciones en Portugal: el candidato socialista y el ultraderechista a la segunda vuelta presidencial."},"content":{"rendered":"\n<p>Lisboa (EFE).- <\/p>\n\n\n\n<p>El exministro y exl\u00edder socialista Ant\u00f3nio Jos\u00e9 Seguro y el dirigente ultraderechista Andr\u00e9 Ventura se disputar\u00e1n la Presidencia de Portugal en la segunda vuelta, el pr\u00f3ximo 8 de febrero, con el 98,75 % de los votos escrutados en la primera ronda electoral disputada este domingo.<\/p>\n\n\n\n<p>Seg\u00fan el escrutinio, Seguro obtiene el 31 % de los sufragios, seguido de Ventura, con el 23,65 %.<\/p>\n\n\n\n<p>Por detr\u00e1s de ellos queda en tercer lugar, con el 15,82 % de los sufragios, el eurodiputado liberal Jo\u00e3o Cotrim de Figueiredo, con el almirante en la reserva Henrique Gouveia e Melo y el comentarista conservador y exministro Lu\u00eds Marques Mendes m\u00e1s atr\u00e1s.<\/p>\n\n\n\n<p>La participaci\u00f3n en las elecciones en Portugal.<\/p>\n\n\n\n<p>M\u00e1s de 11 millones de portugueses estaban convocados a las urnas durante esta jornada, de los cuales m\u00e1s de 1,7 millones residen en el extranjero, para elegir al sucesor de Marcelo Rebelo de Sousa, tras 10 a\u00f1os en la Jefatura del Estado.<\/p>\n\n\n\n<p>La afluencia hasta las 16.00 hora local (misma hora GMT) de este domingo fue del 45,51 %, una cifra que supera la participaci\u00f3n total en los \u00faltimos comicios celebrados de este tipo, en 2021, que fue del 39,24 %.<\/p>\n\n\n\n<p>El presidente en Portugal tiene la funci\u00f3n de \u00e1rbitro y fiscalizador de la vida pol\u00edtica, y no tiene prerrogativas ejecutivas. Entre otros poderes puede vetar leyes, disolver el Parlamento y convocar elecciones.<\/p>\n\n\n\n<figure class=\"wp-block-image size-full\"><img fetchpriority=\"high\" decoding=\"async\" width=\"900\" height=\"600\" src=\"https:\/\/xn--tuvozdiasporaespaola-k7b.com\/wp-content\/uploads\/2026\/01\/1000653510.jpg\" alt=\"\" class=\"wp-image-11996\" srcset=\"https:\/\/xn--tuvozdiasporaespaola-k7b.com\/wp-content\/uploads\/2026\/01\/1000653510.jpg 900w, https:\/\/xn--tuvozdiasporaespaola-k7b.com\/wp-content\/uploads\/2026\/01\/1000653510-300x200.jpg 300w, https:\/\/xn--tuvozdiasporaespaola-k7b.com\/wp-content\/uploads\/2026\/01\/1000653510-768x512.jpg 768w\" sizes=\"(max-width: 900px) 100vw, 900px\" \/><figcaption class=\"wp-element-caption\">El candidato presidencial Antonio Jos\u00e9 Seguro vota en Caldas da Rainha, Portugal. EFE\/EPA\/JOSE COELHO.<\/figcaption><\/figure>\n\n\n\n<p>Nunca desde la Revoluci\u00f3n de los Claveles, en 1974, unas elecciones presidenciales en Portugal hab\u00edan presentado tal grado de incertidumbre. Las encuestas previas coincid\u00edan en que ning\u00fan candidato parec\u00eda en disposici\u00f3n de superar el umbral del 50% de los votos en la primera vuelta. <\/p>\n\n\n\n<p>Ahora es ya cierta la celebraci\u00f3n de una segunda ronda, que se perfilaba como una posibilidad casi segura, algo que solo se ha producido una vez desde la restauraci\u00f3n de la democracia lusitana, en 1986.<\/p>\n\n\n\n<p>Esta convocatoria se da en un escenario de profunda fragmentaci\u00f3n pol\u00edtica: el Parlamento es hoy mucho m\u00e1s polarizado que hace una d\u00e9cada, con la derecha dominando cerca del 70% de los esca\u00f1os y una extrema derecha consolidada como la segunda fuerza.<\/p>\n\n\n\n<figure class=\"wp-block-image size-full\"><img decoding=\"async\" width=\"828\" height=\"552\" src=\"https:\/\/xn--tuvozdiasporaespaola-k7b.com\/wp-content\/uploads\/2026\/01\/1000653518.webp\" alt=\"\" class=\"wp-image-11997\" srcset=\"https:\/\/xn--tuvozdiasporaespaola-k7b.com\/wp-content\/uploads\/2026\/01\/1000653518.webp 828w, https:\/\/xn--tuvozdiasporaespaola-k7b.com\/wp-content\/uploads\/2026\/01\/1000653518-300x200.webp 300w, https:\/\/xn--tuvozdiasporaespaola-k7b.com\/wp-content\/uploads\/2026\/01\/1000653518-768x512.webp 768w\" sizes=\"(max-width: 828px) 100vw, 828px\" \/><figcaption class=\"wp-element-caption\">Candidato de Chega, Andr\u00e9 Ventura , emite su voto en Lisboa este domingo. TIAGO PETINGA<\/figcaption><\/figure>\n\n\n\n<figure class=\"wp-block-image size-large\"><img decoding=\"async\" width=\"1024\" height=\"551\" src=\"https:\/\/xn--tuvozdiasporaespaola-k7b.com\/wp-content\/uploads\/2026\/01\/1000653551-1024x551.jpg\" alt=\"\" class=\"wp-image-11998\" srcset=\"https:\/\/xn--tuvozdiasporaespaola-k7b.com\/wp-content\/uploads\/2026\/01\/1000653551-1024x551.jpg 1024w, https:\/\/xn--tuvozdiasporaespaola-k7b.com\/wp-content\/uploads\/2026\/01\/1000653551-300x162.jpg 300w, https:\/\/xn--tuvozdiasporaespaola-k7b.com\/wp-content\/uploads\/2026\/01\/1000653551-768x414.jpg 768w, https:\/\/xn--tuvozdiasporaespaola-k7b.com\/wp-content\/uploads\/2026\/01\/1000653551-1536x827.jpg 1536w, https:\/\/xn--tuvozdiasporaespaola-k7b.com\/wp-content\/uploads\/2026\/01\/1000653551.jpg 2000w\" sizes=\"(max-width: 1024px) 100vw, 1024px\" \/><\/figure>\n","protected":false},"excerpt":{"rendered":"<p>Lisboa (EFE).- El exministro y exl\u00edder socialista Ant\u00f3nio Jos\u00e9 Seguro y el dirigente ultraderechista Andr\u00e9 Ventura se disputar\u00e1n la Presidencia de Portugal en la &#8230; <\/p>\n<p class=\"read-more-container\"><a title=\"Elecciones en Portugal: el candidato socialista y el ultraderechista a la segunda vuelta presidencial.\" class=\"read-more button\" href=\"https:\/\/xn--tuvozdiasporaespaola-k7b.com\/page\/2\/elecciones-en-portugal-el-candidato-socialista-y-el-ultraderechista-a-la-segunda-vuelta-presidencial\/#more-11995\" aria-label=\"M\u00e1s en Elecciones en Portugal: el candidato socialista y el ultraderechista a la segunda vuelta presidencial.\">Leer m\u00e1s<\/a><\/p>\n","protected":false},"author":222560522,"featured_media":11999,"comment_status":"closed","ping_status":"open","sticky":false,"template":"","format":"standard","meta":{"footnotes":""},"categories":[121853],"tags":[],"class_list":["post-11995","post","type-post","status-publish","format-standard","has-post-thumbnail","hentry","category-elecciones","resize-featured-image"],"_links":{"self":[{"href":"https:\/\/xn--tuvozdiasporaespaola-k7b.com\/page\/2\/wp-json\/wp\/v2\/posts\/11995","targetHints":{"allow":["GET"]}}],"collection":[{"href":"https:\/\/xn--tuvozdiasporaespaola-k7b.com\/page\/2\/wp-json\/wp\/v2\/posts"}],"about":[{"href":"https:\/\/xn--tuvozdiasporaespaola-k7b.com\/page\/2\/wp-json\/wp\/v2\/types\/post"}],"author":[{"embeddable":true,"href":"https:\/\/xn--tuvozdiasporaespaola-k7b.com\/page\/2\/wp-json\/wp\/v2\/users\/222560522"}],"replies":[{"embeddable":true,"href":"https:\/\/xn--tuvozdiasporaespaola-k7b.com\/page\/2\/wp-json\/wp\/v2\/comments?post=11995"}],"version-history":[{"count":1,"href":"https:\/\/xn--tuvozdiasporaespaola-k7b.com\/page\/2\/wp-json\/wp\/v2\/posts\/11995\/revisions"}],"predecessor-version":[{"id":12000,"href":"https:\/\/xn--tuvozdiasporaespaola-k7b.com\/page\/2\/wp-json\/wp\/v2\/posts\/11995\/revisions\/12000"}],"wp:featuredmedia":[{"embeddable":true,"href":"https:\/\/xn--tuvozdiasporaespaola-k7b.com\/page\/2\/wp-json\/wp\/v2\/media\/11999"}],"wp:attachment":[{"href":"https:\/\/xn--tuvozdiasporaespaola-k7b.com\/page\/2\/wp-json\/wp\/v2\/media?parent=11995"}],"wp:term":[{"taxonomy":"category","embeddable":true,"href":"https:\/\/xn--tuvozdiasporaespaola-k7b.com\/page\/2\/wp-json\/wp\/v2\/categories?post=11995"},{"taxonomy":"post_tag","embeddable":true,"href":"https:\/\/xn--tuvozdiasporaespaola-k7b.com\/page\/2\/wp-json\/wp\/v2\/tags?post=11995"}],"curies":[{"name":"wp","href":"https:\/\/api.w.org\/{rel}","templated":true}]}}