{"id":11986,"date":"2026-01-18T20:18:31","date_gmt":"2026-01-18T23:18:31","guid":{"rendered":"https:\/\/xn--tuvozdiasporaespaola-k7b.com\/page\/2\/?p=11986"},"modified":"2026-01-18T20:18:32","modified_gmt":"2026-01-18T23:18:32","slug":"hitler-anda-por-la-patagonia-y-se-resiste-a-morir-los-mitos-judeofobicos-reciclados-o-plan-andinia-2-0","status":"publish","type":"post","link":"https:\/\/xn--tuvozdiasporaespaola-k7b.com\/page\/2\/hitler-anda-por-la-patagonia-y-se-resiste-a-morir-los-mitos-judeofobicos-reciclados-o-plan-andinia-2-0\/","title":{"rendered":"HITLER ANDA POR LA PATAGONIA Y SE RESISTE A MORIR. LOS MITOS JUDEOFOBICOS RECICLADOS O \u201cPLAN ANDINIA\u201d 2.0"},"content":{"rendered":"\n<p>Patricio A. BRODSKY.<\/p>\n\n\n\n<p>Sabemos que la judeofobia es la forma de racismo m\u00e1s antigua y perdurable, cada sociedad a lo largo de la historia, especialmente a partir del surgimiento de los nacionalismos racistas europeos del siglo XIX los cuales dar\u00e1n el contexto de surgimiento y coincidir\u00e1n ideol\u00f3gica y program\u00e1ticamente con el sionismo.<\/p>\n\n\n\n<p>A principios del siglo XX, espec\u00edficamente en 1903, se publica por primera vez, elaborado por la Ojrana (la Polic\u00eda Secreta del Zar de Rusia) y firmado por Sergei Nilus, un conspiranoico \u201clibelo de sangre\u201d antisemita(1) llamado \u201cLos Protocolos de los Sabios de Sion\u201d (en algunas ediciones publicado bajo el t\u00edtulo de \u201cLos Protocolos de los Ancianos de Sion\u201d) donde se \u201cdenuncia\u201d un supuesto plan jud\u00edo para la dominaci\u00f3n mundial perge\u00f1ado por el \u201cKahal\u201d (el supuesto Consejo Jud\u00edo Mundial) a partir del \u201cdescubrimiento\u201d de unas actas \u201csecretas\u201d de una reuni\u00f3n de este consejo (recordemos que el Primer Congreso Sionista sesion\u00f3 en Basilea, Suiza en 1897, el Segundo Congreso tambi\u00e9n sesion\u00f3 en Basilea en 1898, el Tercero lo hizo en 1899 tambi\u00e9n en Basilea, el Cuarto se realiz\u00f3 en 1900 y sesion\u00f3 en Londres, en 1901, el Quinto Congreso en 1901 vuelve a realizarse en Basilea, mientras que el Sexto Congreso, realizado en 1903 tambi\u00e9n realizado en Basilea, es de crucial importancia porque all\u00ed se define taxativa y definidamente que el objetivo central y \u00fanico del movimiento sionista ser\u00e1 \u201cel retorno\u201d a la \u201ctierra prometida\u201d y la colonizaci\u00f3n de Palestina con el objetivo de construir all\u00ed una naci\u00f3n jud\u00eda.(2)<\/p>\n\n\n\n<p>Viniendo a Argentina, nuestro pa\u00eds tiene una larga tradici\u00f3n de antisemitismo, tan temprano como en Enero de 1919, en el contexto de la represi\u00f3n desatada contra una huelga general declarada por la Federaci\u00f3n Obrera Regional Argentina, en la conocida como \u201cSemana Tr\u00e1gica de 1919\u201d, se organiz\u00f3 el primer pogromo fuera de Europa. En efecto, bandas armadas parapoliciales organizadas en la \u201cLiga Patri\u00f3tica\u201d asaltaron residencias y comercios de propiedad de ciudadanos de origen jud\u00edo en Buenos Aires y Rosario principalmente.<\/p>\n\n\n\n<figure class=\"wp-block-image size-full\"><img fetchpriority=\"high\" decoding=\"async\" width=\"960\" height=\"625\" src=\"https:\/\/xn--tuvozdiasporaespaola-k7b.com\/wp-content\/uploads\/2026\/01\/1000653402.jpg\" alt=\"\" class=\"wp-image-11988\" srcset=\"https:\/\/xn--tuvozdiasporaespaola-k7b.com\/wp-content\/uploads\/2026\/01\/1000653402.jpg 960w, https:\/\/xn--tuvozdiasporaespaola-k7b.com\/wp-content\/uploads\/2026\/01\/1000653402-300x195.jpg 300w, https:\/\/xn--tuvozdiasporaespaola-k7b.com\/wp-content\/uploads\/2026\/01\/1000653402-768x500.jpg 768w\" sizes=\"(max-width: 960px) 100vw, 960px\" \/><figcaption class=\"wp-element-caption\">Escuela Alemana de Bariloche a\u00f1o 1936<\/figcaption><\/figure>\n\n\n\n<p>(<em>1) Si bien el concepto de antisemitismo hoy est\u00e1 en disputa, no lo estuvo durante todo el siglo XX. Como todo concepto, tiene una historia y su significado original nace en un contexto y con una intencionalidad que es indispensable aclarar: Este concepto es construido en Europa en el contexto de desarrollo de los nacionalismos racistas del siglo XIX, espec\u00edficamente nace en Alemania de la pluma de Wilhem Marr en la d\u00e9cada de 1870, su contenido espec\u00edfico fue pensado para, por un lado, expresar la repulsi\u00f3n y el rechazo que el propio autor sent\u00eda hacia los jud\u00edos y por otro lado construir a los jud\u00edos europeos como una alteridad que no pertenec\u00eda a Europa y que deb\u00eda ser erradicada de all\u00ed (en eso coinciden con el programa del movimiento sionista que plantea el desarraigo de los jud\u00edos y su migraci\u00f3n fuera de Europa \u2013a Palestina- durante gran parte del siglo XIX y XX los jud\u00edos aquejados por las persecusiones y las crisis migraron pero s\u00f3lo el 3% lo hac\u00eda hacia Palestina, la mayor\u00eda eleg\u00eda otros destinos como EEUU, Europa Occidental o Sudam\u00e9rica.La disputa, pol\u00edtica, contra la definici\u00f3n original de ese concepto en un contexto en el cual han cambiado las coordenadas, por un lado ayuda a esconder el car\u00e1cter racista de los nacionalismos europeos \u2013y su coincidencia con el proyecto sionista- pero por otro disputa al sionismo una poderosa arma pol\u00edtica de amedrentamiento a sus cr\u00edticos \u2013el sionismo \u201cacusa\u201d de \u201cantisemita\u201d a quienes denuncian los cr\u00edmenes que, en nombre del pueblo jud\u00edo, est\u00e1n perpetrando los sionistas en Palestina-.<\/em><\/p>\n\n\n\n<p>(<em>2) El movimiento sionista concebir\u00e1 la pertenencia nacional en los mismos t\u00e9rminos de los nacionalismos raciales europeos del siglo XIX, asumir\u00e1 un formato en donde la pertenencia a la naci\u00f3n se concibe en t\u00e9rminos \u201craciales\u201d (pertenencia de sangre, comunidad de parentesco, etc.), mientras que el coraz\u00f3n ideol\u00f3gico se asume como euroc\u00e9ntrico, colonialista, supremacista, occidentalista, etc.<\/em><\/p>\n\n\n\n<p>Este desarrollo continu\u00f3 luego, en el contexto de la crisis de 1930 con la aparici\u00f3n de dos novelas: \u201cEl Oro\u201d y \u201cEl Kahal\u201d escritas por Gustavo Mart\u00ednez Zuvir\u00eda (3) bajo el seud\u00f3nimo de Hugo Wast) donde el autor intenta culpabilizar a los jud\u00edos por las crisis econ\u00f3micas de 1890 y 1930.<\/p>\n\n\n\n<p>No me voy a detener en los muchos ejemplos de antisemitismo en nuestra Patria (Revista Clarinada, Alianza Libertadora Nacionalista, Tacuara, etc.) ni en los muchos ataques contra sinagogas (al frente de la Sinagoga de la Calle Libertad a\u00fan pueden observarse rastros de la bomba de alquitr\u00e1n que alguna vez explot\u00f3 en su frente), recordar tambi\u00e9n el descubrimiento de Daniel Lvovich de un art\u00edculo en el peri\u00f3dico Mundo Israelita que detalla un pogromo el 17 de octubre de 1945.<\/p>\n\n\n\n<p>Si voy a detenerme particularmente en la \u201cadaptaci\u00f3n\u201d de \u201cLos Protocolos de los Sabios de Si\u00f3n\u201d a nuestra geograf\u00eda y que asume el nombre particular de \u201cPlan Andinia\u201d el cual fue perge\u00f1ado por un nazi argentino llamado Walter Beveraggi Allende, \u00fanico ciudadano argentino al que por una ley del Congreso en 1951 se le quit\u00f3 la ciudadan\u00eda argentina estando exiliado en EEUU por pedirle al gobierno estadounidense la intervenci\u00f3n militar en Argentina \u2013como lo hace hoy con relaci\u00f3n a Venezuela la fascista y ganadora del \u201cpremio nobel de la paz\u201d(4) Mar\u00eda Corina Machado.<\/p>\n\n\n\n<p>El \u201cPlan Andina\u201d al igual que \u201cLos Protocolos de los Sabios de Si\u00f3n\u201d pretenden ser las actas de una supuesta reuni\u00f3n de jud\u00edos, en el caso argentino de una supuesta reuni\u00f3n en 1969 entre un rabino estadounidense de apellido Gordon y dirigentes de la colectividad jud\u00eda con el supuesto objetivo de fundar un estado jud\u00edo en la Patagonia Austral Argentino-Chilena.<\/p>\n\n\n\n<figure class=\"wp-block-image size-large\"><img decoding=\"async\" width=\"1024\" height=\"547\" src=\"https:\/\/xn--tuvozdiasporaespaola-k7b.com\/wp-content\/uploads\/2026\/01\/1000653407-1024x547.jpg\" alt=\"\" class=\"wp-image-11990\" srcset=\"https:\/\/xn--tuvozdiasporaespaola-k7b.com\/wp-content\/uploads\/2026\/01\/1000653407-1024x547.jpg 1024w, https:\/\/xn--tuvozdiasporaespaola-k7b.com\/wp-content\/uploads\/2026\/01\/1000653407-300x160.jpg 300w, https:\/\/xn--tuvozdiasporaespaola-k7b.com\/wp-content\/uploads\/2026\/01\/1000653407-768x410.jpg 768w, https:\/\/xn--tuvozdiasporaespaola-k7b.com\/wp-content\/uploads\/2026\/01\/1000653407-1536x821.jpg 1536w, https:\/\/xn--tuvozdiasporaespaola-k7b.com\/wp-content\/uploads\/2026\/01\/1000653407-2048x1094.jpg 2048w\" sizes=\"(max-width: 1024px) 100vw, 1024px\" \/><\/figure>\n\n\n\n<p>Si uno conoce en profundidad el programa sionista se dar\u00e1 cuenta que esta fantas\u00eda conspiranoica no tiene pies ni cabeza, sin embargo se asienta en prejuicios y, por lo tanto, se \u201cdesconecta\u201d y es refractario tanto a la evidencia emp\u00edrica como a la raz\u00f3n.<\/p>\n\n\n\n<p>El programa del sionismo es la migraci\u00f3n de todos los jud\u00edos del mundo para la colonizaci\u00f3n total de Palestina, plan que se opone por completo a la colonizaci\u00f3n de cualquier otro lugar del mundo \u2013sobre todo teniendo en cuenta que la poblaci\u00f3n total de jud\u00edos del mundo es de poco menos de 15 millones de personas de los cuales 7 millones viven en Israel y 7 millones en EEUU)<\/p>\n\n\n\n<p>(<em>3) Gustavo Martinez Zuvir\u00eda fue director de la Bilioteca Nacional la cual tuvo una sala que llev\u00f3 su nombre durante d\u00e9cadas.<\/em><\/p>\n\n\n\n<p>(<em>4) Lo pongo en min\u00fasculas adrede debido a lo devaluado que es ese premio en el cual se premia a los imperialismos y sus lacayos (salvo honrosas \u2013y escasas- excepciones como Adolfo P\u00e9rez Esquivel o Rigoberta Mench\u00fa)<\/em><\/p>\n\n\n\n<p>La colectividad jud\u00eda en Argentina para 1960 era de aproximadamente 350.000 personas(el 1,5% de la poblaci\u00f3n), hoy los jud\u00edos en Argentina son alrededor de 185.000 (el 0,38% de la poblaci\u00f3n).<\/p>\n\n\n\n<p>Con motivo de la depredaci\u00f3n capitalista, que desde hace d\u00e9cadas incendia tierras fiscales protegidas, por todo el pa\u00eds, sobre todo bosques y montes nativos, con el objetivo de desforestarlos y forzar su venta se ha desatado nuevamente la conspiranoide teor\u00eda acerca de la supuesta codicia (jud\u00eda-israelita-sionista-israel\u00ed el adjetivo no importa el fundamento \u2013y la forma- del mito es id\u00e9ntico) sobre las tierras patag\u00f3nicas para all\u00ed, supuestamente, construir un segundo estado de Israel.<\/p>\n\n\n\n<p>Como todo mito, este se fundamenta en \u201cevidencia emp\u00edrica\u201d pero tamizada por los prejuicios, a saber:<\/p>\n\n\n\n<p>A) El Plan Andinia tiene su anclaje en el libro de Theodor Herzl \u201cDer Judeenstadt\u201d (el Estado Jud\u00edo): En efecto, Herzl en su libro (publicado en 1896), en un contexto en Europa Oriental signado por pogromos y en Europa Occidental por L\u2019Affaire Dreyfuss (el Caso Dreyfuss) en un corto pasaje escribe lo siguiente:<\/p>\n\n\n\n<p>\u00bb <em>\u00bfCu\u00e1l elegir: Palestina o Argentina? La Society tomar\u00e1 lo que se le d\u00e9 y hacia lo que se incline la opini\u00f3n general del pueblo jud\u00edo. La Society reglamentar\u00e1 ambas cosas. La Argentina es, por naturaleza, uno de los pa\u00edses m\u00e1s ricos de la tierra, de superficieinmensa, poblaci\u00f3n escasa y clima moderado. <\/em><\/p>\n\n\n\n<p><em>La Rep\u00fablica Argentina tendr\u00eda el mayor inter\u00e9s en cedernos una parte de su territorio. La actual infiltraci\u00f3n de los jud\u00edos los ha disgustado, naturalmente; habr\u00eda que explicar a la Argentina la diferencia radical de lanueva emigraci\u00f3n jud\u00eda.<\/em><\/p>\n\n\n\n<p><em>Palestina es nuestra inolvidable patria hist\u00f3rica. Su solo nombre ser\u00eda, para nuestro pueblo, un llamado poderosamente conmovedor.<\/em><\/p>\n\n\n\n<p><em>Si S.M. el Sult\u00e1n nos diera Palestina, podr\u00edamos comprometernos a regularizar las finanzas de Turqu\u00eda. Para Europa formar\u00edamos all\u00ed un baluarte contra el Asia; estar\u00edamos al servicio de los puestos de avanzada de la cultura contra la barbarie. <\/em><\/p>\n\n\n\n<p><em>En tanto que Estado neutral, mantendr\u00edamos relaci\u00f3n con toda Europa, que tendr\u00eda que garantizar nuestra existencia. Respecto a los Santos Lugares de la cristiandad, se podr\u00eda encontrar una forma de autonom\u00eda, aislarlos del territorio, de acuerdo al derecho internacional. Formar\u00edamos la guardia de honor alrededor de los Santos Lugares, asegurando con nuestra existencia el cumplimiento de este deber.<\/em><\/p>\n\n\n\n<p><em> Esta guardia de honor ser\u00eda el gran s\u00edmbolo para la soluci\u00f3n del problema jud\u00edo, despu\u00e9s dedieciocho siglos, llenos de sufrimiento para nosotros.(5<\/em>)\u00bb<\/p>\n\n\n\n<p>(5) HERZL, Theodor (1896\/2004 ): El Estado Jud\u00edo. <em>Ciudad de Buenos Aires: Organizaci\u00f3n Sionista Argentina &#8211; Departamento de Hagsham\u00e1 y Departamento de Actividades Sionistas de la Organizaci\u00f3n Sionista Mundial. Auspicia Fundaci\u00f3n Alianza Cultural Hebrea. P\u00e1gs.45\/6<\/em><\/p>\n\n\n\n<p>Si bien en ese entonces el sionismo, aclaremos que era marginal respecto al mundo jud\u00edo, se planteaba como \u201csoluci\u00f3n al antisemitismo\u201d la salida de los jud\u00edos de Europa (coincidiendo en este punto con sus perseguidores: los antisemitas quer\u00edan expulsar a los jud\u00edos, los sionistas quer\u00edan irse), lo cierto es que, por lo menos hasta concluida la Nakba, la inmensa mayor\u00eda de los jud\u00edos no migraban a Palestina ni a Argentina sino a Estados Unidos, de hecho hoy casi la mitad de la poblaci\u00f3n mundial de jud\u00edos (la misma proporci\u00f3n que en Israel) vive en EEUU (sin que nadie plantee el delirio paranoico que pretenden hacer un estado all\u00ed )aunque desde fuera se habla de un \u201cLobby Jud\u00edo\u201d sin considerar el poder que all\u00ed tienen los WASP neoconservadores que son el principal sost\u00e9n pol\u00edtico de Israel y el sionismo.<\/p>\n\n\n\n<p>Lo cierto es que durante los primeros seis congresos del Movimiento Sionista (1897,1898, 1899, 1900, 1901 y 1903) se debati\u00f3 en profundidad donde se construir\u00eda el futuro estado jud\u00edo; finalmente en el 6\u00b0 Congreso, realizado en 1903, se tom\u00f3 la decisi\u00f3n de hacerlo exclusivamente en Palestina (decisi\u00f3n no revocada hasta el d\u00eda de hoy).<\/p>\n\n\n\n<p>B) Tanto en Israel como en Argentina \u2013no en la Patagonia sino, fundamentalmente en la Mesopotamia y parte de la Pampa H\u00fameda- durante las primeras d\u00e9cadas del siglo XX, el Movimiento Sionista a trav\u00e9s de uno de sus organismos, la Jewish Colonization Association compr\u00f3 tierras a propietarios terratenientes en ambos territorios con el objetivo de crear colonias agr\u00edcolas a d\u00f3nde migrasen los jud\u00edos perseguidos en Europa (especialmente los que viv\u00edan bajo el dominio del Imperio Ruso que sufr\u00edan pogromos permanentes). <\/p>\n\n\n\n<p>S\u00f3lo que el comportamiento en uno y otro lugar fue radicalmente diferente: mientras en Palestina las tierras adquiridas eran desalojadas expulsando a sus habitantes originarios, los fellahin (campesinos) en Argentina las colonias se integraban a la poblaci\u00f3n (tal y como ocurr\u00eda con otros colonos europeos en estas tierras). <\/p>\n\n\n\n<p>La diferencia en esta manera de colonizar era clara: mientras en Argentina los jud\u00edos se integraban a la naci\u00f3n en Palestina est\u00e1 claro que el objetivo era la futura creaci\u00f3n de un estado \u201c\u00e9tnicamente puro\u201d \u2013m\u00e1s all\u00e1 de los discursos la pr\u00e1ctica desde, al menos, desde el 6\u00b0 Congreso Sionista realizado en 1903 en Basila, Suiza; donde se tom\u00f3 la decisi\u00f3n definitiva de elegir Palestina, la \u201cpatria ancestral\u201d como territorio donde fundar el futuro \u201cestado jud\u00edo\u201d (actual Israel) la colonizaci\u00f3n asumi\u00f3 esta forma de segregaci\u00f3n de la poblaci\u00f3n nativa mediante la expulsi\u00f3n (tendencia que se ampli\u00f3 y profundiz\u00f3 desde la creaci\u00f3n de Israel y la Nakba).<\/p>\n\n\n\n<p>C) Israel y su representatividad: Al [auto]definirse como estado de todos los jud\u00edos del mundo se arroga una representaci\u00f3n que, en los hechos no es tal pero, a la vez, los cr\u00edmenes que perpetran involucran aun a aquellos jud\u00edos sobre los que no tienen representatividad alguna (pues los perpetran en su nombre). <\/p>\n\n\n\n<p>Israel, como todo estado, debe ser considerado como la instituci\u00f3n administrativo-pol\u00edtica colectiva de sus ciudadanos. Esta confusi\u00f3n (estimulada adrede por acci\u00f3n de los sionistas termina por asimilar sionismo y juda\u00edsmo pudiendo fundamentar acciones antijud\u00edas en nombre del repudio a acciones criminales perpetradas por el estado de Israel).<\/p>\n\n\n\n<p>D) Presencia de mochileros israel\u00edes en la Patagonia: El Servicio Militar Obligatorio en Israel es de tres a\u00f1os para los varones y dos a\u00f1os para las mujeres, durante ese per\u00edodo tienen una asignaci\u00f3n econ\u00f3mica que se les entrega toda junta al acabar su conscripci\u00f3n.<\/p>\n\n\n\n<p>Durante toda su vida los israel\u00edes viven en un constante delirio paranoico \u2013la fantas\u00eda que \u201ctodo el mundo\u201d los odia y que deben \u201cdefenderse\u201d de la \u201camenaza existencial\u201d de los \u201cenemigos\u201d que los rodean y quieren \u201cexterminarlos\u201d \u2013los \u201c\u00e1rabes en general y los palestinos en particular- con ese dinero, ese delirio a cuestas y con el s\u00edndrome postraum\u00e1tico de, en muchos casos, haber perpetrado cr\u00edmenes brutales, salen por el mundo a pasear durante dos, tres y hasta cuatro a\u00f1os; es as\u00ed como pueden verse mochileros israel\u00edes por todo el mundo (Centroam\u00e9rica y el Norte de Sudam\u00e9rica, el Sudeste Asi\u00e1tico, \u00c1frica y particularmente nuestra Patagonia, tanto del lado de Chile como del lado de Argentina). <\/p>\n\n\n\n<p>Estos j\u00f3venes \u2013todos menores de 25 a\u00f1os- tienen la soberbia de pertenecer a un estado Supremacista y haber integrado un Ej\u00e9rcito Colonialista de Ocupaci\u00f3n (para el cual durante toda su vida fueron educados en el supremacismo racista-, es por ello que en muchas ocasiones, como se vivi\u00f3 en reiteradas oportunidades ) como los motines de hinchas del Macabi Tel-Aviv en Amsterdam en 2024 o hace unos d\u00edas en la Feria del Bols\u00f3n (donde agredieron a una artesana por exhibir una bandera Palestina) tienen comportamientos violentos \u2013adicionalmente cuando se los enfrenta, como ocurri\u00f3 en ambas oportunidades, se victimizan y denuncian \u201cantisemitismo\u201d cuando, en realidad es una reacci\u00f3n a su propia violencia (exactamente lo aprendido con las acciones de su estado que ejerce la violencia cotidianamente pero se victimiza cuando sus victimas reaccionan).<\/p>\n\n\n\n<p>Incluso hay denuncias irracionales, malintencionadas y racistas cuando se acusa a estos j\u00f3venes de estar \u201chaciendo inteligencia\u201d y \u201cdibujando mapas topogr\u00e1ficos\u201d cuando se sabe, que ya desde hace d\u00e9cadas la \u201cinteligencia\u201d y los \u201cmapas topogr\u00e1ficos\u201d ya no se realizan sobre territorio sino mediante modernas tecnolog\u00edas en las que Israel no solo es especialista, sino desarrollador exportador (recordar el sistema Pegasus de vigilancia online que Bullrich, cuando era ministra de Macri quiso importar (o las denuncias contra Israel de espionaje sobre funcionarios de varios gobiernos).<\/p>\n\n\n\n<p>Ahora, en el contexto de los incendios en Argentina, incendios agravados por una serie de factores concurrentes:<\/p>\n\n\n\n<p>1.-Abandono del Estado por parte de un gobierno al cual poco le importa su pueblo, que niega el cambio clim\u00e1tico y que pretende hacer negocio con lo p\u00fablicob)<\/p>\n\n\n\n<p>2.- La existencia de un bien valioso \u2013y escaso- como es la tierra protegida de las \u00e1reasboscosas, ricas en recursos naturales que son devastadas adrede por pura especulaci\u00f3n y avidez capitalista \u2013Marx dec\u00eda que el capitalismo destruye sus dos fuentes de riqueza: el hombre y la naturaleza-c) .<\/p>\n\n\n\n<p>3.-La prolongada sequia y altas temperaturas producto del cambio clim\u00e1tico5) La prolongada y permanente entrega de recursos naturales y de tierras a manos de grandes corporaciones multinacionales, acci\u00f3n real que no es denunciada por los conspiranoicos. M\u00e1s aun, la existencia de estas teor\u00edas conspirativas act\u00faa de perfecta<\/p>\n\n\n\n<p>E) La prolongada y permanente entrega de recursos naturales y de tierras a manos de<br>grandes corporaciones multinacionales, acci\u00f3n real que no es denunciada por los<br>conspiranoicos. M\u00e1s aun, la existencia de estas teor\u00edas conspirativas act\u00faa de perfecta cobertura para ocultar que el problema no son ni los mochileros israel\u00edes, ni el estado de Israel y mucho menos \u201clos jud\u00edos\u201d. <\/p>\n\n\n\n<figure class=\"wp-block-image size-full\"><img decoding=\"async\" width=\"1024\" height=\"684\" src=\"https:\/\/xn--tuvozdiasporaespaola-k7b.com\/wp-content\/uploads\/2026\/01\/1000653417.jpg\" alt=\"\" class=\"wp-image-11989\" srcset=\"https:\/\/xn--tuvozdiasporaespaola-k7b.com\/wp-content\/uploads\/2026\/01\/1000653417.jpg 1024w, https:\/\/xn--tuvozdiasporaespaola-k7b.com\/wp-content\/uploads\/2026\/01\/1000653417-300x200.jpg 300w, https:\/\/xn--tuvozdiasporaespaola-k7b.com\/wp-content\/uploads\/2026\/01\/1000653417-768x513.jpg 768w\" sizes=\"(max-width: 1024px) 100vw, 1024px\" \/><figcaption class=\"wp-element-caption\">Incendio en el Bols\u00f3n en la Patagonia Argentina. <\/figcaption><\/figure>\n\n\n\n<p>El problema es la concentraci\u00f3n de la tierra, la mercantilizaci\u00f3n de los recursos naturales y la depredaci\u00f3n de las grandes capitales multinacionales los cuales (con la interesada complicidad de los pol\u00edticos burgueses a los cuales \u201csoborna\u201d para que le saquen leyes \u201cllave en mano\u201d), el problema no es una conspiraci\u00f3n para \u201cestablecer un segundo estado de Israel\u201d en tierras patag\u00f3nicas, el problema, como la enorme mayor\u00eda de los problemas \u201cnaturales\u201d contempor\u00e1neos que nos aquejan (calentamiento global, hambrunas, sequias, inundaciones, incendios forestales, pandemias, etc.) tienen un solo nombre: Modo de Producci\u00f3n Capitalista y un solo responsable: la Gran Burgues\u00eda y sus c\u00f3mplices y lacayos.<\/p>\n\n\n\n<figure class=\"wp-block-image size-full\"><img loading=\"lazy\" decoding=\"async\" width=\"972\" height=\"613\" src=\"https:\/\/xn--tuvozdiasporaespaola-k7b.com\/wp-content\/uploads\/2026\/01\/1000653422.jpg\" alt=\"\" class=\"wp-image-11992\" srcset=\"https:\/\/xn--tuvozdiasporaespaola-k7b.com\/wp-content\/uploads\/2026\/01\/1000653422.jpg 972w, https:\/\/xn--tuvozdiasporaespaola-k7b.com\/wp-content\/uploads\/2026\/01\/1000653422-300x189.jpg 300w, https:\/\/xn--tuvozdiasporaespaola-k7b.com\/wp-content\/uploads\/2026\/01\/1000653422-768x484.jpg 768w\" sizes=\"(max-width: 972px) 100vw, 972px\" \/><figcaption class=\"wp-element-caption\">Patricio BrodskyEl licenciado Patricio Adri\u00e1n Brodsky (Buenos Aires, Argentina, 9 de marzo de 1962) es un soci\u00f3logo, ensayista, periodista y conferencista argentino.<br>Brodsky es autor de tres libros sobre el conflicto en Oriente Medio, uno sobre la judeofobia contempor\u00e1nea y otro sobre el Holocausto.<br>Disertante en m\u00e1s de 200 conferencias, es autor de m\u00e1s de 100 art\u00edculos publicados en diversos medios y colaborador de La Voz y La Opini\u00f3n, Aurora Israel, Generaci\u00f3n J y Nuestra Memoria (publicaci\u00f3n del Museo del Holocausto de Buenos Aires), Diario Tiempo Argentino, Revista La Barraca, P\u00e1gina Popular (Facepopular), Revista Di\u00e1spora Progresista TU VOZ , entre otros medios.<br>Especialista en estudio de los genocidios \u2014particularmente de la Shoah\u2014, en estudio de la judeofobia, estudio de la discriminaci\u00f3n, estudio del conflicto \u00e1rabe-israel\u00ed, entre otras tem\u00e1ticas.<\/figcaption><\/figure>\n","protected":false},"excerpt":{"rendered":"<p>Patricio A. BRODSKY. Sabemos que la judeofobia es la forma de racismo m\u00e1s antigua y perdurable, cada sociedad a lo largo de la historia, &#8230; <\/p>\n<p class=\"read-more-container\"><a title=\"HITLER ANDA POR LA PATAGONIA Y SE RESISTE A MORIR. LOS MITOS JUDEOFOBICOS RECICLADOS O \u201cPLAN ANDINIA\u201d 2.0\" class=\"read-more button\" href=\"https:\/\/xn--tuvozdiasporaespaola-k7b.com\/page\/2\/hitler-anda-por-la-patagonia-y-se-resiste-a-morir-los-mitos-judeofobicos-reciclados-o-plan-andinia-2-0\/#more-11986\" aria-label=\"M\u00e1s en HITLER ANDA POR LA PATAGONIA Y SE RESISTE A MORIR. LOS MITOS JUDEOFOBICOS RECICLADOS O \u201cPLAN ANDINIA\u201d 2.0\">Leer m\u00e1s<\/a><\/p>\n","protected":false},"author":222560522,"featured_media":11993,"comment_status":"closed","ping_status":"open","sticky":false,"template":"","format":"standard","meta":{"footnotes":""},"categories":[121890],"tags":[],"class_list":["post-11986","post","type-post","status-publish","format-standard","has-post-thumbnail","hentry","category-argentina","resize-featured-image"],"_links":{"self":[{"href":"https:\/\/xn--tuvozdiasporaespaola-k7b.com\/page\/2\/wp-json\/wp\/v2\/posts\/11986","targetHints":{"allow":["GET"]}}],"collection":[{"href":"https:\/\/xn--tuvozdiasporaespaola-k7b.com\/page\/2\/wp-json\/wp\/v2\/posts"}],"about":[{"href":"https:\/\/xn--tuvozdiasporaespaola-k7b.com\/page\/2\/wp-json\/wp\/v2\/types\/post"}],"author":[{"embeddable":true,"href":"https:\/\/xn--tuvozdiasporaespaola-k7b.com\/page\/2\/wp-json\/wp\/v2\/users\/222560522"}],"replies":[{"embeddable":true,"href":"https:\/\/xn--tuvozdiasporaespaola-k7b.com\/page\/2\/wp-json\/wp\/v2\/comments?post=11986"}],"version-history":[{"count":3,"href":"https:\/\/xn--tuvozdiasporaespaola-k7b.com\/page\/2\/wp-json\/wp\/v2\/posts\/11986\/revisions"}],"predecessor-version":[{"id":11994,"href":"https:\/\/xn--tuvozdiasporaespaola-k7b.com\/page\/2\/wp-json\/wp\/v2\/posts\/11986\/revisions\/11994"}],"wp:featuredmedia":[{"embeddable":true,"href":"https:\/\/xn--tuvozdiasporaespaola-k7b.com\/page\/2\/wp-json\/wp\/v2\/media\/11993"}],"wp:attachment":[{"href":"https:\/\/xn--tuvozdiasporaespaola-k7b.com\/page\/2\/wp-json\/wp\/v2\/media?parent=11986"}],"wp:term":[{"taxonomy":"category","embeddable":true,"href":"https:\/\/xn--tuvozdiasporaespaola-k7b.com\/page\/2\/wp-json\/wp\/v2\/categories?post=11986"},{"taxonomy":"post_tag","embeddable":true,"href":"https:\/\/xn--tuvozdiasporaespaola-k7b.com\/page\/2\/wp-json\/wp\/v2\/tags?post=11986"}],"curies":[{"name":"wp","href":"https:\/\/api.w.org\/{rel}","templated":true}]}}