{"id":11979,"date":"2026-01-18T16:09:51","date_gmt":"2026-01-18T19:09:51","guid":{"rendered":"https:\/\/xn--tuvozdiasporaespaola-k7b.com\/page\/2\/?p=11979"},"modified":"2026-01-18T19:39:28","modified_gmt":"2026-01-18T22:39:28","slug":"cuando-el-pastor-muestra-los-colmillos-eeuu","status":"publish","type":"post","link":"https:\/\/xn--tuvozdiasporaespaola-k7b.com\/page\/2\/cuando-el-pastor-muestra-los-colmillos-eeuu\/","title":{"rendered":"CUANDO EL PASTOR MUESTRA LOS COLMILLOS. EEUU"},"content":{"rendered":"\n<p>Por Fernando Ortega de El Bergued\u00e1,  Catalunya <\/p>\n\n\n\n<p>La amenaza de aranceles de Trump por Groenlandia revela hasta qu\u00e9 punto la seguridad occidental se ha convertido en un instrumento de dominaci\u00f3n.<\/p>\n\n\n\n<p>La amenaza de Donald Trump de imponer aranceles a varios pa\u00edses europeos si no aceptan la \u201ccompra\u201d de Groenlandia por parte de Estados Unidos no es una excentricidad m\u00e1s del presidente.<\/p>\n\n\n\n<p>Es una advertencia seria sobre el estado real de las relaciones internacionales y sobre qui\u00e9n ejerce, de verdad, el poder dentro del bloque occidental.<\/p>\n\n\n\n<p>Un resumen necesario de los hechos.<\/p>\n\n\n\n<p>Estados Unidos ha anunciado su intenci\u00f3n de aplicar aranceles del 10% \u2014con una posible subida al 25%\u2014 a ocho pa\u00edses europeos aliados si estos contin\u00faan oponi\u00e9ndose a la adquisici\u00f3n de Groenlandia por parte de Washington. <\/p>\n\n\n\n<p>La medida afecta, entre otros, a Dinamarca, Francia, Alemania y Reino Unido, todos ellos miembros de la OTAN.Trump justifica esta presi\u00f3n afirmando que el control de Groenlandia es clave para la seguridad global, ante la supuesta amenaza que representan Rusia y China en el \u00c1rtico. Seg\u00fan su argumentaci\u00f3n, solo Estados Unidos puede garantizar la estabilidad de la zona y la eficacia de sus sistemas de defensa.Mientras tanto, en Groenlandia y en ciudades danesas se han producido protestas ciudadanas recordando algo elemental: que el territorio no es una mercanc\u00eda y que su futuro corresponde decidirlo a quienes lo habitan.<\/p>\n\n\n\n<p>Lo que realmente est\u00e1 ocurriendo.<\/p>\n\n\n\n<p>M\u00e1s all\u00e1 del ruido medi\u00e1tico, el episodio encierra una l\u00f3gica preocupante pero coherente, no estamos ante un conflicto entre aliados, sino ante una relaci\u00f3n de subordinaci\u00f3n que se hace visible cuando los intereses estrat\u00e9gicos del poder dominante entran en juego.<\/p>\n\n\n\n<p>Durante d\u00e9cadas, Europa ha aceptado un relato c\u00f3modo:la OTAN como escudo protector, Estados Unidos como garante \u00faltimo de la seguridad y Rusia y China como amenazas externas permanentes. Un esquema simple, eficaz y tranquilizador.<\/p>\n\n\n\n<p>Pero la amenaza de aranceles introduce una grieta inc\u00f3moda en ese relato:\u00bfqu\u00e9 tipo de alianza es aquella en la que uno de sus miembros puede castigar econ\u00f3micamente a los dem\u00e1s por no ceder soberan\u00eda? el problema no es Rusia ni ChinaEs f\u00e1cil se\u00f1alar a Putin. <\/p>\n\n\n\n<p>Es sencillo invocar a China como peligro lejano.<\/p>\n\n\n\n<p> Son enemigos \u00fatiles, casi necesarios, para justificar presupuestos militares, alineamientos autom\u00e1ticos y renuncias pol\u00edticas, sin embargo, los hechos son obstinados: ninguno de esos actores ha amenazado con sancionar a Europa por negarse a vender un territorio.<\/p>\n\n\n\n<p>Ninguno ha exigido obediencia econ\u00f3mica a cambio de protecci\u00f3n.<\/p>\n\n\n\n<p>La presi\u00f3n llega desde dentro del bloque, desde quien se presenta como aliado y protector, seguridad convertida en negocioLa l\u00f3gica que subyace es clara:la seguridad ya no es un bien com\u00fan, es un servicio condicionado.<\/p>\n\n\n\n<p>Protecci\u00f3n a cambio de obediencia. <\/p>\n\n\n\n<p>Defensa a cambio de sumisi\u00f3n econ\u00f3mica.Cuando la seguridad se privatiza pol\u00edticamente, deja de ser seguridad y pasa a ser control. Europa se enfrenta aqu\u00ed a una disyuntiva fundamental: seguir actuando como un mercado tutelado o empezar a comportarse como un sujeto pol\u00edtico con dignidad propia. Europa no puede seguir reaccionando solo con comunicados diplom\u00e1ticos y reuniones de emergencia, si quiere ser algo m\u00e1s que un espacio econ\u00f3mico tutelado, necesita responder pol\u00edticamente a este tipo de chantajes: defendiendo el derecho de los pueblos a decidir, rechazando la coerci\u00f3n econ\u00f3mica entre aliados y marcando l\u00edmites claros incluso a quien se presenta como garante de la seguridad.<\/p>\n\n\n\n<p>Y si esa reacci\u00f3n no llega desde las instituciones, deber\u00e1 llegar desde la ciudadan\u00eda. Porque cuando las decisiones estrat\u00e9gicas se toman al margen de los pueblos, son los pueblos quienes acaban pagando las consecuencias. Ayer fue Venezuela, hoy es Groenlandia, ma\u00f1ana ser\u00e1 otro territorio, otro pa\u00eds, otra excusa en nombre de la estabilidad o la defensa.<\/p>\n\n\n\n<p>La historia demuestra que los abusos rara vez empiezan de golpe. <\/p>\n\n\n\n<p>Se normalizan poco a poco, envueltos en discursos de protecci\u00f3n, seguridad y responsabilidad, hasta que un d\u00eda ya no queda margen para reaccionar.<\/p>\n\n\n\n<p>El refr\u00e1n que lo explica todo.<\/p>\n\n\n\n<p>Hay un refr\u00e1n popular que ilumina este momento con crudeza: \u00abLas ovejas viven toda la vida temiendo al lobo, pero al final quien las mata es el pastor\u00bb, durante a\u00f1os se ha educado a la ciudadan\u00eda europea en el miedo al enemigo externo, mientras tanto, las decisiones que erosionan la soberan\u00eda, vac\u00edan la democracia y convierten la pol\u00edtica en una transacci\u00f3n se toman desde dentro, en nombre de la protecci\u00f3n.<\/p>\n\n\n\n<p>El problema no es el lobo que amenaza desde lejos.<\/p>\n\n\n\n<p>El problema es el pastor cuando deja de cuidar y empieza a exigir obediencia absoluta. Groenlandia no es el fondo del asunto, es el espejo,  que refleja hasta qu\u00e9 punto el orden internacional actual tolera que la fuerza econ\u00f3mica sustituya al derecho, incluso entre aliados. <\/p>\n\n\n\n<p>Y tambi\u00e9n una pregunta que Europa ya no puede seguir esquivando: \u00bfseguir\u00e1 aceptando que la seguridad sea el pretexto para la dominaci\u00f3n?<\/p>\n\n\n\n<figure class=\"wp-block-image size-full is-resized\"><img fetchpriority=\"high\" decoding=\"async\" width=\"640\" height=\"640\" src=\"https:\/\/xn--tuvozdiasporaespaola-k7b.com\/wp-content\/uploads\/2026\/01\/1000434546-6.jpg\" alt=\"\" class=\"wp-image-11980\" style=\"width:840px;height:auto\" srcset=\"https:\/\/xn--tuvozdiasporaespaola-k7b.com\/wp-content\/uploads\/2026\/01\/1000434546-6.jpg 640w, https:\/\/xn--tuvozdiasporaespaola-k7b.com\/wp-content\/uploads\/2026\/01\/1000434546-6-300x300.jpg 300w, https:\/\/xn--tuvozdiasporaespaola-k7b.com\/wp-content\/uploads\/2026\/01\/1000434546-6-150x150.jpg 150w\" sizes=\"(max-width: 640px) 100vw, 640px\" \/><figcaption class=\"wp-element-caption\">Fernando Ortega <\/figcaption><\/figure>\n\n\n\n<p><\/p>\n","protected":false},"excerpt":{"rendered":"<p>Por Fernando Ortega de El Bergued\u00e1, Catalunya La amenaza de aranceles de Trump por Groenlandia revela hasta qu\u00e9 punto la seguridad occidental se ha &#8230; <\/p>\n<p class=\"read-more-container\"><a title=\"CUANDO EL PASTOR MUESTRA LOS COLMILLOS. EEUU\" class=\"read-more button\" href=\"https:\/\/xn--tuvozdiasporaespaola-k7b.com\/page\/2\/cuando-el-pastor-muestra-los-colmillos-eeuu\/#more-11979\" aria-label=\"M\u00e1s en CUANDO EL PASTOR MUESTRA LOS COLMILLOS. EEUU\">Leer m\u00e1s<\/a><\/p>\n","protected":false},"author":222560522,"featured_media":11981,"comment_status":"closed","ping_status":"open","sticky":false,"template":"","format":"standard","meta":{"footnotes":""},"categories":[121896,121850],"tags":[],"class_list":["post-11979","post","type-post","status-publish","format-standard","has-post-thumbnail","hentry","category-europa","category-politica","resize-featured-image"],"_links":{"self":[{"href":"https:\/\/xn--tuvozdiasporaespaola-k7b.com\/page\/2\/wp-json\/wp\/v2\/posts\/11979","targetHints":{"allow":["GET"]}}],"collection":[{"href":"https:\/\/xn--tuvozdiasporaespaola-k7b.com\/page\/2\/wp-json\/wp\/v2\/posts"}],"about":[{"href":"https:\/\/xn--tuvozdiasporaespaola-k7b.com\/page\/2\/wp-json\/wp\/v2\/types\/post"}],"author":[{"embeddable":true,"href":"https:\/\/xn--tuvozdiasporaespaola-k7b.com\/page\/2\/wp-json\/wp\/v2\/users\/222560522"}],"replies":[{"embeddable":true,"href":"https:\/\/xn--tuvozdiasporaespaola-k7b.com\/page\/2\/wp-json\/wp\/v2\/comments?post=11979"}],"version-history":[{"count":2,"href":"https:\/\/xn--tuvozdiasporaespaola-k7b.com\/page\/2\/wp-json\/wp\/v2\/posts\/11979\/revisions"}],"predecessor-version":[{"id":11983,"href":"https:\/\/xn--tuvozdiasporaespaola-k7b.com\/page\/2\/wp-json\/wp\/v2\/posts\/11979\/revisions\/11983"}],"wp:featuredmedia":[{"embeddable":true,"href":"https:\/\/xn--tuvozdiasporaespaola-k7b.com\/page\/2\/wp-json\/wp\/v2\/media\/11981"}],"wp:attachment":[{"href":"https:\/\/xn--tuvozdiasporaespaola-k7b.com\/page\/2\/wp-json\/wp\/v2\/media?parent=11979"}],"wp:term":[{"taxonomy":"category","embeddable":true,"href":"https:\/\/xn--tuvozdiasporaespaola-k7b.com\/page\/2\/wp-json\/wp\/v2\/categories?post=11979"},{"taxonomy":"post_tag","embeddable":true,"href":"https:\/\/xn--tuvozdiasporaespaola-k7b.com\/page\/2\/wp-json\/wp\/v2\/tags?post=11979"}],"curies":[{"name":"wp","href":"https:\/\/api.w.org\/{rel}","templated":true}]}}