{"id":11973,"date":"2026-01-18T14:15:08","date_gmt":"2026-01-18T17:15:08","guid":{"rendered":"https:\/\/xn--tuvozdiasporaespaola-k7b.com\/page\/2\/?p=11973"},"modified":"2026-01-18T19:40:04","modified_gmt":"2026-01-18T22:40:04","slug":"trump-desafia-a-europa-y-al-mundo-con-groenlandia-venezuela-e-iran","status":"publish","type":"post","link":"https:\/\/xn--tuvozdiasporaespaola-k7b.com\/page\/2\/trump-desafia-a-europa-y-al-mundo-con-groenlandia-venezuela-e-iran\/","title":{"rendered":"TRUMP desafia a Europa y al mundo con Groenlandia,  Venezuela e Ir\u00e1n."},"content":{"rendered":"\n<p><strong>Trump se ha empe\u00f1ado en conseguir \u00abde una u otra forma\u00bb que Groenlandia llegue a formar parte de EE.UU., argumentando que lo necesita para su defensa<\/strong> ante barcos de naciones, como China y Rusia, que navegan cerca de la costa norte estadounidense.<\/p>\n\n\n\n<p>La Administraci\u00f3n Trump ha dejado claro que no descarta la v\u00eda militar para apoderarse del territorio aut\u00f3nomo de Dinamarca .<strong>Ni las autoridades de Groenlandia ni las de Dinamarca transigen con las ambiciones de Trump e insisten en que se respete su soberan\u00eda.<\/strong><\/p>\n\n\n\n<p>Este mi\u00e9rcoles pasado se produjo una reuni\u00f3n para intentar suavizar estos reclamos y fijar posturas, donde representantes de Groenlandia, Dinamarca y Estados Unidos discutieron las pretensiones territoriales de Trump. Tras la reuni\u00f3n, <strong>el canciller dan\u00e9s, Lars Lokke Rasmussen, se\u00f1al\u00f3 que persiste un \u00abdesacuerdo fundamental\u00bb<\/strong> con Washington y recalc\u00f3 que \u00ab<strong>cualquier idea que no respete la integridad territorial del Reino de Dinamarca y la autodeterminaci\u00f3n del pueblo groenland\u00e9s es \u00abtotalmente inaceptable\u00bb.<\/strong><\/p>\n\n\n\n<p>Despues de esta reuni\u00f3n <strong>varios pa\u00edses europeos lanzan maniobras militares de urgencia en Groenlandia para apoyar a Dinamarca ante la presi\u00f3n de EE.UU. descrita como \u2018Operation Arctic Endurance&#8217; en el que participan pa\u00edses miembros de la OTAN<\/strong>, luego de que fracasaran las tratativas con Washington sobre el futuro de la isla.<\/p>\n\n\n\n<p>Esto provoco que  <strong>Donald Trump anunciara en su plataforma Truth Social que varios pa\u00edses europeos, entre ellos Dinamarca, Noruega, Suecia, Francia, Alemania, Reino Unido, Pa\u00edses Bajos y Finlandia, deber\u00e1n pagar un arancel del 10 % sobre todos los suministros al pa\u00eds norteamericano a partir del pr\u00f3ximo 1 de febrero. <\/strong>Tambi\u00e9n advirti\u00f3 que las tarifas se incrementar\u00e1n al 25 % desde el 1 de junio de 2026.<\/p>\n\n\n\n<p>Mientras, Mosc\u00fa sigue de cerca la situaci\u00f3n en torno a la isla danesa, resaltando su car\u00e1cter contradictorio y extraordinario. <strong>\u00abPartimos de la base de que Groenlandia es territorio del Reino de Dinamarca\u00bb, <\/strong>sostuvo el portavoz presidencial ruso, Dmitri Peskov. <strong>Adem\u00e1s, record\u00f3 que Trump \u00abha dicho que el derecho internacional no representa para \u00e9l una prioridad\u00bb. \u00abPor lo tanto, la situaci\u00f3n se est\u00e1 desarrollando por otra v\u00eda y, junto con el resto del mundo, veremos por cu\u00e1l\u00bb<\/strong>, a\u00f1adi\u00f3.<\/p>\n\n\n\n<p>Esta escalda a provocado una  reacci\u00f3n a las sanciones arancelarias de Donald Trump: Marchas y movilizaciones simult\u00e1neas en las principales ciudades de Groenlandia y Dinamarca. Bajo la consigna \u00abKalaallit Nunaat, Kalaallit pigaat\u00bb (\u00abGroenlandia, pertenece a los groenlandeses\u00bb).<\/p>\n\n\n\n<figure class=\"wp-block-image size-full is-resized\"><img fetchpriority=\"high\" decoding=\"async\" width=\"375\" height=\"211\" src=\"https:\/\/xn--tuvozdiasporaespaola-k7b.com\/wp-content\/uploads\/2026\/01\/1000652813.jpg\" alt=\"\" class=\"wp-image-11975\" style=\"width:840px;height:auto\" srcset=\"https:\/\/xn--tuvozdiasporaespaola-k7b.com\/wp-content\/uploads\/2026\/01\/1000652813.jpg 375w, https:\/\/xn--tuvozdiasporaespaola-k7b.com\/wp-content\/uploads\/2026\/01\/1000652813-300x169.jpg 300w\" sizes=\"(max-width: 375px) 100vw, 375px\" \/><figcaption class=\"wp-element-caption\">Marchas en Nuuk, la capital de Groenlandia, contra las amenazas de Donald Trump.<br>EFE\/ Julio Cesar Rivas<\/figcaption><\/figure>\n\n\n\n<p>Las capitales de ambas naciones, <strong>Nuuk y Copenhague respectivamente, tuvieron en sus calles masivas movilizaciones pidiendo conservar la administraci\u00f3n de la isla<\/strong>, destacar que  primer ministro groenland\u00e9s, <strong>Jens Frederik Nielsen, particip\u00f3 de la marcha en su pa\u00eds y se sum\u00f3 a la protesta que anunciaba: \u00abGroenlandia no est\u00e1 en venta\u00bb.<\/strong><\/p>\n\n\n\n<p>A lo que tambien se unieron  la protesta y confrontaci\u00f3n de Gran Breta\u00f1a y Francia donde <strong>Emmanuel Macron&nbsp;<\/strong>se refiri\u00f3 directamente a la posibilidad de&nbsp;<strong>sanciones arancelarias desde EEUU:&nbsp;<\/strong>\u00ab<strong>Ninguna intimidaci\u00f3n ni amenaza podr\u00e1 influir sobre nosotros<\/strong>, ni en Ucrania, ni en Groenlandia, ni en ning\u00fan otro lugar del mundo\u00bb. \u00ab<strong>Las amenazas arancelarias son inaceptables y no tienen cabida en este contexto.<\/strong>&nbsp;Los europeos responder\u00e1n de forma unida y coordinada si se confirman. Garantizaremos el respeto de la soberan\u00eda europea. Es con este esp\u00edritu que me relacionar\u00e9 con nuestros socios europeos\u00bb, agreg\u00f3 en X. <\/p>\n\n\n\n<p>Mienyras que Reino Unido declaro en palabras de Keir Starmer (primer ministro brit\u00e1nico) cen un comunicado que <strong>\u00abnuestra postura sobre Groenlandia es muy clara: forma parte del Reino de Dinamarca y su futuro es asunto de los groenlandeses y los daneses\u00bb. \u00abImponer aranceles a los aliados por perseguir la seguridad colectiva de los aliados de la OTAN es completamente err\u00f3neo. Por supuesto, trataremos este asunto directamente con la Administraci\u00f3n estadounidense\u00bb<\/strong>, manifest\u00f3.<\/p>\n\n\n\n<p>En medio de las tensiones ,<\/p>\n\n\n\n<p>En medio de estas tensiones  ocho pa\u00edses europeos entre los que figuran Dinamarca, Finlandia, Francia, Alemania, Pa\u00edses Bajos, Noruega, Suecia y el Reino Unido. europeos (todos miembros de la OTAN) han divulgado una declaraci\u00f3n conjunta sobre la situaci\u00f3n.<\/p>\n\n\n\n<p>En el documento declaran  \u00abcomo miembros del bloque militar, est\u00e1n comprometidos con el fortalecimiento de la seguridad del \u00c1rtico como inter\u00e9s transatl\u00e1ntico compartido\u00bb, agregando \u00abEl ejercicio &#8216;Arctic Endurance&#8217;, desarrollado en Groenlandia con la participaci\u00f3n de un poco m\u00e1s de 30 militares de dichos pa\u00edses, \u00abresponde a esta necesidad\u00bb y \u00abno supone ninguna amenaza para nadie\u00bb.<\/p>\n\n\n\n<p><strong>Lo que est\u00e1 claro que parece ser que el  enemigo para Europa no viene de Rusia , si no dd Estados Unidos,  y si despues de Groelandia, reclaman los Territorios Franceses de Ultramar<\/strong> (TOM) que son regiones y colectividades dispersas globalmente,  como Guadalupe y la Guayana Francesa,  Polinesia Francesa y San Pedro y Miquel\u00f3n, y territorios especiales como Nueva Caledonia, que gozan de diferentes niveles de autonom\u00eda pero forman parte de la Rep\u00fablica Francesa, gestionando estrat\u00e9gicamente \u00e1reas en Am\u00e9rica, el Oc\u00e9ano \u00cdndico y el Pac\u00edfico de Asia  <\/p>\n\n\n\n<p><strong>Y otra joya  de las aspiraciones imperialista los territorios de ultramar neerlandeses son seis islas caribe\u00f1as<\/strong>: Aruba, Curazao y San Mart\u00edn (Sint Maarten), que son pa\u00edses aut\u00f3nomos dentro del Reino de los Pa\u00edses Bajos, y Bonaire, San Eustaquio (Sint Eustatius) y Saba, que son municipios especiales de los Pa\u00edses Bajos, administrados directamente por el gobierno central, formando el \u00abCaribe Neerland\u00e9s\u00bb.<\/p>\n\n\n\n<p><strong>Reino Unido tambien puede tener problemas con los  Territorios Brit\u00e1nicos de Ultramar: <\/strong>Am\u00e9rica: Anguila, Bermudas, Islas Caim\u00e1n, Islas Malvinas (Falklands), Islas V\u00edrgenes Brit\u00e1nicas, Montserrat, Islas Turcas y Caicos. <\/p>\n\n\n\n<p>Atl\u00e1ntico Sur: Santa Elena, Ascensi\u00f3n y Trist\u00e1n de Acu\u00f1a, Islas Georgias del Sur y Sandwich del Sur( Malvinas) , Territorio Ant\u00e1rtico Brit\u00e1nico (con reclamaci\u00f3n suspendida donde Estados Unidos tiene especial predilecci\u00f3n de ocupaci\u00f3n ante la perdida de soberan\u00eda de Argentina ). <\/p>\n\n\n\n<p>Mediterr\u00e1neo con Gibraltar o el Oc\u00e9ano \u00cdndico: Territorio Brit\u00e1nico del Oc\u00e9ano \u00cdndico (Chagos) y el  Pac\u00edfico con las  Islas Pitcairn o las  Bases Militares: Akrotiri y Dhekelia (Chipre).<\/p>\n\n\n\n<p><strong>Y  por que no Espa\u00f1a , con Ceuta y Melilla como punto estrat\u00e9gico del mediterr\u00e1neo<\/strong>. Fue el turno de Venezuela , lo intentan con Iran y Groenlandia dando razones que nadie se cree, el  efecto domino sera una realidad en un mundo subordinado ante un fascista americano llamado Trump y una europa perdida que no identifica a su enemigo.<\/p>\n\n\n\n<figure class=\"wp-block-image size-full is-resized\"><img decoding=\"async\" width=\"680\" height=\"453\" src=\"https:\/\/xn--tuvozdiasporaespaola-k7b.com\/wp-content\/uploads\/2026\/01\/1000652839.webp\" alt=\"\" class=\"wp-image-11976\" style=\"width:840px;height:auto\" srcset=\"https:\/\/xn--tuvozdiasporaespaola-k7b.com\/wp-content\/uploads\/2026\/01\/1000652839.webp 680w, https:\/\/xn--tuvozdiasporaespaola-k7b.com\/wp-content\/uploads\/2026\/01\/1000652839-300x200.webp 300w\" sizes=\"(max-width: 680px) 100vw, 680px\" \/><figcaption class=\"wp-element-caption\">Una mujer ondea una bandera groenlandesa mientras la gente asiste a una protesta en Nuuk contra la demanda del presidente de EE.UU., Donald Trump, de anexionar la isla \u00e1rtica, el 17 de enero de 2026. Marko Djurica\/Reuters<\/figcaption><\/figure>\n\n\n\n<p><\/p>\n","protected":false},"excerpt":{"rendered":"<p>Trump se ha empe\u00f1ado en conseguir \u00abde una u otra forma\u00bb que Groenlandia llegue a formar parte de EE.UU., argumentando que lo necesita para &#8230; <\/p>\n<p class=\"read-more-container\"><a title=\"TRUMP desafia a Europa y al mundo con Groenlandia,  Venezuela e Ir\u00e1n.\" class=\"read-more button\" href=\"https:\/\/xn--tuvozdiasporaespaola-k7b.com\/page\/2\/trump-desafia-a-europa-y-al-mundo-con-groenlandia-venezuela-e-iran\/#more-11973\" aria-label=\"M\u00e1s en TRUMP desafia a Europa y al mundo con Groenlandia,  Venezuela e Ir\u00e1n.\">Leer m\u00e1s<\/a><\/p>\n","protected":false},"author":222560522,"featured_media":11977,"comment_status":"closed","ping_status":"open","sticky":false,"template":"","format":"standard","meta":{"footnotes":""},"categories":[121896,121850],"tags":[],"class_list":["post-11973","post","type-post","status-publish","format-standard","has-post-thumbnail","hentry","category-europa","category-politica","resize-featured-image"],"_links":{"self":[{"href":"https:\/\/xn--tuvozdiasporaespaola-k7b.com\/page\/2\/wp-json\/wp\/v2\/posts\/11973","targetHints":{"allow":["GET"]}}],"collection":[{"href":"https:\/\/xn--tuvozdiasporaespaola-k7b.com\/page\/2\/wp-json\/wp\/v2\/posts"}],"about":[{"href":"https:\/\/xn--tuvozdiasporaespaola-k7b.com\/page\/2\/wp-json\/wp\/v2\/types\/post"}],"author":[{"embeddable":true,"href":"https:\/\/xn--tuvozdiasporaespaola-k7b.com\/page\/2\/wp-json\/wp\/v2\/users\/222560522"}],"replies":[{"embeddable":true,"href":"https:\/\/xn--tuvozdiasporaespaola-k7b.com\/page\/2\/wp-json\/wp\/v2\/comments?post=11973"}],"version-history":[{"count":3,"href":"https:\/\/xn--tuvozdiasporaespaola-k7b.com\/page\/2\/wp-json\/wp\/v2\/posts\/11973\/revisions"}],"predecessor-version":[{"id":11984,"href":"https:\/\/xn--tuvozdiasporaespaola-k7b.com\/page\/2\/wp-json\/wp\/v2\/posts\/11973\/revisions\/11984"}],"wp:featuredmedia":[{"embeddable":true,"href":"https:\/\/xn--tuvozdiasporaespaola-k7b.com\/page\/2\/wp-json\/wp\/v2\/media\/11977"}],"wp:attachment":[{"href":"https:\/\/xn--tuvozdiasporaespaola-k7b.com\/page\/2\/wp-json\/wp\/v2\/media?parent=11973"}],"wp:term":[{"taxonomy":"category","embeddable":true,"href":"https:\/\/xn--tuvozdiasporaespaola-k7b.com\/page\/2\/wp-json\/wp\/v2\/categories?post=11973"},{"taxonomy":"post_tag","embeddable":true,"href":"https:\/\/xn--tuvozdiasporaespaola-k7b.com\/page\/2\/wp-json\/wp\/v2\/tags?post=11973"}],"curies":[{"name":"wp","href":"https:\/\/api.w.org\/{rel}","templated":true}]}}