{"id":1197,"date":"2023-02-15T10:36:44","date_gmt":"2023-02-15T13:36:44","guid":{"rendered":"https:\/\/xn--tuvozdiasporaespaola-k7b.com\/2023\/02\/15\/vamos-a-transformar-la-region\/"},"modified":"2023-02-15T18:11:52","modified_gmt":"2023-02-15T21:11:52","slug":"vamos-a-transformar-la-region","status":"publish","type":"post","link":"https:\/\/xn--tuvozdiasporaespaola-k7b.com\/page\/2\/vamos-a-transformar-la-region\/","title":{"rendered":"\u201cVAMOS A TRANSFORMAR LA REGI\u00d3N\u201d"},"content":{"rendered":"\n<p>Entrevista a Mar\u00eda Mar\u00edn Mart\u00ednez, Candidata de Podemos por Murcia<\/p>\n\n\n\n<p>Mar\u00eda Mar\u00edn Mart\u00ednez es la candidata por Podemos a la Presidenta de la Regi\u00f3n de Murcia. Licenciada en Veterinaria y Secretaria de Derechos Sociales y Sociedad Civil, es adem\u00e1s Diputada Regional del grupo parlamentario mixto, y portavoz adjunta del mismo grupo parlamentario en la Junta de Portavoces desde el 31 de octubre de 2022.<\/p>\n\n\n\n<p>En referencia a las propuestas de su partido para las pr\u00f3ximas elecciones auton\u00f3micas, Mar\u00eda Mar\u00edn hizo hincapi\u00e9 en la importancia de una pol\u00edtica ambiental que contrarreste el derrotero y abandono que ha sufrido la regi\u00f3n en el aspecto ecol\u00f3gico. En di\u00e1logo con Roberto San Mart\u00edn del programa radiof\u00f3nico \u201cCenizas de Babilonia- Di\u00e1spora Espa\u00f1ola\u201d (programa emitido por AM 750 Radio Argentina), la candidata de Podemos Murcia sostuvo adem\u00e1s que trabajar\u00e1 en \u201cconstruir un proyecto pol\u00edtico que transforme la regi\u00f3n, que ponga todo su esfuerzo en consolidar y mejorar los servicios p\u00fablicos para la mayor\u00eda social de nuestra tierra\u201d.\u00a0\u00a0\u00a0<\/p>\n\n\n\n<figure class=\"wp-block-image size-large\"><img fetchpriority=\"high\" decoding=\"async\" width=\"1200\" height=\"785\" src=\"http:\/\/xn--tuvozdiasporaespaola-k7b.com\/wp-content\/uploads\/2023\/02\/maria-marin-podemos_forcrop1333094265751249583.jpg?w=1024\" alt=\"\" class=\"wp-image-1194\" srcset=\"https:\/\/xn--tuvozdiasporaespaola-k7b.com\/wp-content\/uploads\/2023\/02\/maria-marin-podemos_forcrop1333094265751249583.jpg 1200w, https:\/\/xn--tuvozdiasporaespaola-k7b.com\/wp-content\/uploads\/2023\/02\/maria-marin-podemos_forcrop1333094265751249583-300x196.jpg 300w, https:\/\/xn--tuvozdiasporaespaola-k7b.com\/wp-content\/uploads\/2023\/02\/maria-marin-podemos_forcrop1333094265751249583-1024x670.jpg 1024w, https:\/\/xn--tuvozdiasporaespaola-k7b.com\/wp-content\/uploads\/2023\/02\/maria-marin-podemos_forcrop1333094265751249583-768x502.jpg 768w\" sizes=\"(max-width: 1200px) 100vw, 1200px\" \/><\/figure>\n\n\n\n<p><strong>\u00bfQui\u00e9n es Mar\u00eda Mar\u00edn y desde cu\u00e1ndo te dedicas a la pol\u00edtica?<\/strong><\/p>\n\n\n\n<p>Mar\u00eda Mar\u00edn es una veterinaria de pueblo, especialista en Ciencias Sociosanitarias que siempre ha trabajado en los movimientos sociales, preferentemente con grupos ecologistas y con grupos feministas, y que tras el 15 M en nuestro pa\u00eds, durante la creaci\u00f3n de Podemos, que recog\u00eda toda esa indignaci\u00f3n que se hab\u00eda producido en las calles, cuando la derecha comenz\u00f3 a decir que si quer\u00edamos ayudar a la gente, pues que mont\u00e1ramos un partido pol\u00edtico; y eso hicimos, montamos Podemos y desde entonces llevo ya nueve a\u00f1os. Y en ese movimiento de indignaci\u00f3n de tantos sectores sociales que constituy\u00f3 el 15 M fue cuando me inici\u00e9 en la pol\u00edtica.<\/p>\n\n\n\n<p><strong>En el inicio de los gobiernos de las autonom\u00edas, Murcia fue progresista, empezando por Hern\u00e1ndez Ros, Mar\u00eda Antonia Mart\u00ednez y Carlos Collado. Luego, con la entrada del ultraconservador Valc\u00e1rcel y sus diecinueve a\u00f1os en el poder, las cosas cambiaron y hasta el 2019 no hubo una presencia progresista de forma adecuada en la Asamblea. \u00bfCu\u00e1les son los objetivos de Podemos en estas pr\u00f3ximas elecciones?<\/strong><\/p>\n\n\n\n<p>Los objetivos de Podemos los tenemos meridianamente claros. Acabamos de pasar una pandemia terrible y ahora tambi\u00e9n estamos sufriendo las consecuencias sociales y econ\u00f3micas que est\u00e1 produciendo esta crisis provocada por una guerra que tenemos en el coraz\u00f3n de Europa. Y hemos visto c\u00f3mo estas circunstancias han hecho saltar todas las costuras de los servicios p\u00fablicos. Hemos visto c\u00f3mo la sanidad p\u00fablica no daba abasto para atender a todas las personas enfermas, c\u00f3mo no ten\u00edamos medicamentos suficientes, herramientas suficientes. Hemos visto tambi\u00e9n a una educaci\u00f3n p\u00fablica que no llegaba y que no era capaz de afrontar la educaci\u00f3n de todos nuestros hijos y nuestras hijas a consecuencia de la pandemia. Hemos visto los servicios sociales absolutamente desbordados, un mal funcionamiento de las residencias que atienden a nuestros mayores y a las personas con discapacidad. No han dado el servicio que nuestras personas mayores se merecen. Y esos son nuestros principales objetivos: el refuerzo de todos los servicios p\u00fablicos que son los que nos salvan a todos y a todas en momentos realmente serios. Eso para nosotros es fundamental. Y por otro lado tambi\u00e9n, en nuestra tierra, el cuidado de todos los espacios naturales, de nuestra tierra tan maltratada, tan contaminada. Tenemos una regi\u00f3n preciosa, con mares, con sierras, con estepas, y lleva veintisiete a\u00f1os siendo tan maltratada por los gobiernos de derechas aqu\u00ed en la regi\u00f3n de Murcia. Como veterinaria y amante del medioambiente me preocupa much\u00edsimo, y es otro de nuestros caballos de batalla fundamentales. Devolver a nuestros espacios naturales todo el esplendor y todo lo que merece nuestra tierra.<\/p>\n\n\n\n<p><strong>En las \u00faltimas elecciones auton\u00f3micas de 2019, Podemos \u2013en coalici\u00f3n con EQUO- obtuvo un total de 36.163 votos, dos esca\u00f1os. Fuerzas pol\u00edticas similares consiguieron m\u00e1s de 40 mil votos\u00a0 sin conseguir representaci\u00f3n. Para el pr\u00f3ximo mes de mayo, \u00bfexiste alg\u00fan tipo de acuerdo con estos grupos para aunar esfuerzos y as\u00ed conseguir una mayor representaci\u00f3n y mayores esca\u00f1os?<\/strong><\/p>\n\n\n\n<p>Pues despu\u00e9s de mucho trabajo y de mucho esfuerzo, porque evidentemente no es sencillo llegar a acuerdos entre diferentes formaciones pol\u00edticas cuando sus formas de organizaci\u00f3n son tan diferentes, aunque los objetivos sean comunes, cuesta trabajo; es dif\u00edcil llegar a acuerdos pero felizmente en la regi\u00f3n de Murcia, hemos llegado el d\u00eda 17 de enero a un acuerdo de coalici\u00f3n entre las dos fuerzas de izquierda que son Podemos e Izquierda Unida. Y a partir de ahora vamos a trabajar en construir un proyecto pol\u00edtico que realmente transforme de arriba abajo nuestra regi\u00f3n, que ponga todo su esfuerzo en consolidar y mejorar los servicios p\u00fablicos para la mayor\u00eda social de nuestra tierra. Y es un acuerdo que al d\u00eda de hoy sigue abierto a otras fuerzas pol\u00edticas que quieran sumarse.<\/p>\n\n\n\n<figure class=\"wp-block-image size-large\"><img decoding=\"async\" width=\"768\" height=\"432\" src=\"http:\/\/xn--tuvozdiasporaespaola-k7b.com\/wp-content\/uploads\/2023\/02\/podemos_noticiaampliada487472095721536386.jpg?w=768\" alt=\"\" class=\"wp-image-1195\" srcset=\"https:\/\/xn--tuvozdiasporaespaola-k7b.com\/wp-content\/uploads\/2023\/02\/podemos_noticiaampliada487472095721536386.jpg 768w, https:\/\/xn--tuvozdiasporaespaola-k7b.com\/wp-content\/uploads\/2023\/02\/podemos_noticiaampliada487472095721536386-300x169.jpg 300w\" sizes=\"(max-width: 768px) 100vw, 768px\" \/><\/figure>\n\n\n\n<p><strong>Los problemas relacionados con la ecolog\u00eda en la regi\u00f3n de Murcia son varios; pero algunos son end\u00e9micos como el trasvase Tajo-Segura, como el del Mar Menor, La Manga y el puerto de Tom\u00e1s Maestre. \u00bfQu\u00e9 propone Podemos Murcia para afrontar estos problemas?<\/strong><\/p>\n\n\n\n<p>Para Podemos, todo lo que tiene que ver con la ecolog\u00eda y la protecci\u00f3n de los espacios naturales es algo absolutamente primordial. Tenemos una regi\u00f3n preciosa pero absolutamente abandonada, y nuestros espacios naturales est\u00e1n totalmente esquilmados por a\u00f1os de abandono y de abuso. Tenemos parques regionales como el de Cabo Cope, que tiene ya treinta a\u00f1os, pero para el que ni siquiera han desarrollado la ordenaci\u00f3n del territorio de ese parque, con lo cual es tierra donde se puede hacer cualquier cosa. No tiene una protecci\u00f3n real a pesar de ser un parque natural. Lo primero que har\u00eda Podemos estando en el gobierno ser\u00eda separar claramente las Consejer\u00edas de Ganader\u00eda, Agricultura y Medioambiente. Crear\u00edamos una Consejer\u00eda de Medioambiente que se ocupara se manera espec\u00edfica de los problemas ambientales de nuestra tierra y que no estuviera siempre supeditada a los intereses de las grandes multinacionales del agronegocio. Desde Podemos apoyamos a nuestros agricultores, a esa gente que tradicionalmente ha trabajado la tierra en la regi\u00f3n de Murcia, pero que lo ha hecho en equilibrio, y lo ha hecho de manera sostenible con el medioambiente y sobre todo con un espacio tan degradado como es el Mar Menor. Y pondr\u00edamos muy serias medidas a esas grandes multinacionales agroindustriales que han entrado a saco, sobre todo en el Campo de Cartagena, que han esquilmado completamente nuestra tierra, que han contaminado el Mar Menor, esa joya natural \u00fanica en el mundo entero, y desde luego tendr\u00edan que cumplir una reglamentaci\u00f3n mucho m\u00e1s seria, porque esquilman la tierra, contaminan los espacios naturales y luego se llevan la riqueza afuera. Por tanto, entrar\u00edamos y cambiar\u00edamos ese modelo agroindustrial, donde primara la protecci\u00f3n del Mar Menor y de todos los espacios naturales de nuestra tierra.<\/p>\n\n\n\n<figure class=\"wp-block-image size-large\"><img decoding=\"async\" width=\"1200\" height=\"900\" src=\"http:\/\/xn--tuvozdiasporaespaola-k7b.com\/wp-content\/uploads\/2023\/02\/yrjzcmwvgfgthbv6kiolywhm4i4096794872410377345.jpg?w=1024\" alt=\"\" class=\"wp-image-1196\" srcset=\"https:\/\/xn--tuvozdiasporaespaola-k7b.com\/wp-content\/uploads\/2023\/02\/yrjzcmwvgfgthbv6kiolywhm4i4096794872410377345.jpg 1200w, https:\/\/xn--tuvozdiasporaespaola-k7b.com\/wp-content\/uploads\/2023\/02\/yrjzcmwvgfgthbv6kiolywhm4i4096794872410377345-300x225.jpg 300w, https:\/\/xn--tuvozdiasporaespaola-k7b.com\/wp-content\/uploads\/2023\/02\/yrjzcmwvgfgthbv6kiolywhm4i4096794872410377345-1024x768.jpg 1024w, https:\/\/xn--tuvozdiasporaespaola-k7b.com\/wp-content\/uploads\/2023\/02\/yrjzcmwvgfgthbv6kiolywhm4i4096794872410377345-768x576.jpg 768w\" sizes=\"(max-width: 1200px) 100vw, 1200px\" \/><\/figure>\n\n\n\n<p><strong>36.907 son los murcianos censados y con derecho a voto en el exterior, al d\u00eda 30 de noviembre de 2022. \u00bfQu\u00e9 se propone desde Podemos Murcia para atender las necesidades de los mismos de forma cotidiana y tambi\u00e9n para el retorno?<\/strong><\/p>\n\n\n\n<p>Algo que ya hemos hecho es acabar con el Voto Rogado, que nosotros lo hemos llamado siempre el \u201cVoto Robado\u201d, porque creemos que en una democracia plena, el derecho al voto es absolutamente fundamental tanto para quienes est\u00e1n dentro del pa\u00eds como para los que est\u00e1n fuera. Para ello, hemos reformado la ley electoral para que todos los espa\u00f1oles que residen en el exterior reciban la documentaci\u00f3n electoral sin tener que solicitarla y con tiempo suficiente para que llegue a tiempo. Por otro lado hemos estado muy activos apoyando las huelgas del personal exterior de nuestras embajadas que durante todo el a\u00f1o pasado estuvieron reivindicando sus condiciones laborales. Y luego desde siempre, Podemos en su programa ha incluido un plan de retorno para todas aquellas personas que viven fuera de nuestro pa\u00eds y que quieran regresar. Nosotros creemos que hay que crear empleo verde de calidad, y tambi\u00e9n empleo en el sector de los cuidados. Y creemos que en estos dos sectores deber\u00edamos dar preferencia la gente de la regi\u00f3n de Murcia que quisiera volver a trabajar aqu\u00ed y desde luego valorar su experiencia adquirida durante su tiempo fuera de nuestro pa\u00eds.\u00a0\u00a0 <\/p>\n\n\n\n<p>Transcripci\u00f3n efectuada por Walter C. Medina. Redacci\u00f3n de la Revista TU VOZ.  Delegaci\u00f3n de Argentina.<br><\/p>\n","protected":false},"excerpt":{"rendered":"<p>Entrevista a Mar\u00eda Mar\u00edn Mart\u00ednez, Candidata de Podemos por Murcia Mar\u00eda Mar\u00edn Mart\u00ednez es la candidata por Podemos a la Presidenta de la Regi\u00f3n &#8230; <\/p>\n<p class=\"read-more-container\"><a title=\"\u201cVAMOS A TRANSFORMAR LA REGI\u00d3N\u201d\" class=\"read-more button\" href=\"https:\/\/xn--tuvozdiasporaespaola-k7b.com\/page\/2\/vamos-a-transformar-la-region\/#more-1197\" aria-label=\"M\u00e1s en \u201cVAMOS A TRANSFORMAR LA REGI\u00d3N\u201d\">Leer m\u00e1s<\/a><\/p>\n","protected":false},"author":222560522,"featured_media":0,"comment_status":"open","ping_status":"open","sticky":false,"template":"","format":"standard","meta":{"footnotes":""},"categories":[1771],"tags":[],"class_list":["post-1197","post","type-post","status-publish","format-standard","hentry","category-sociales"],"_links":{"self":[{"href":"https:\/\/xn--tuvozdiasporaespaola-k7b.com\/page\/2\/wp-json\/wp\/v2\/posts\/1197","targetHints":{"allow":["GET"]}}],"collection":[{"href":"https:\/\/xn--tuvozdiasporaespaola-k7b.com\/page\/2\/wp-json\/wp\/v2\/posts"}],"about":[{"href":"https:\/\/xn--tuvozdiasporaespaola-k7b.com\/page\/2\/wp-json\/wp\/v2\/types\/post"}],"author":[{"embeddable":true,"href":"https:\/\/xn--tuvozdiasporaespaola-k7b.com\/page\/2\/wp-json\/wp\/v2\/users\/222560522"}],"replies":[{"embeddable":true,"href":"https:\/\/xn--tuvozdiasporaespaola-k7b.com\/page\/2\/wp-json\/wp\/v2\/comments?post=1197"}],"version-history":[{"count":0,"href":"https:\/\/xn--tuvozdiasporaespaola-k7b.com\/page\/2\/wp-json\/wp\/v2\/posts\/1197\/revisions"}],"wp:attachment":[{"href":"https:\/\/xn--tuvozdiasporaespaola-k7b.com\/page\/2\/wp-json\/wp\/v2\/media?parent=1197"}],"wp:term":[{"taxonomy":"category","embeddable":true,"href":"https:\/\/xn--tuvozdiasporaespaola-k7b.com\/page\/2\/wp-json\/wp\/v2\/categories?post=1197"},{"taxonomy":"post_tag","embeddable":true,"href":"https:\/\/xn--tuvozdiasporaespaola-k7b.com\/page\/2\/wp-json\/wp\/v2\/tags?post=1197"}],"curies":[{"name":"wp","href":"https:\/\/api.w.org\/{rel}","templated":true}]}}