{"id":11960,"date":"2026-01-18T12:13:17","date_gmt":"2026-01-18T15:13:17","guid":{"rendered":"https:\/\/xn--tuvozdiasporaespaola-k7b.com\/page\/2\/?p=11960"},"modified":"2026-01-18T13:15:37","modified_gmt":"2026-01-18T16:15:37","slug":"trump-vuelve-a-amenazar-a-iran","status":"publish","type":"post","link":"https:\/\/xn--tuvozdiasporaespaola-k7b.com\/page\/2\/trump-vuelve-a-amenazar-a-iran\/","title":{"rendered":"Trump vuelve a amenazar a  Ir\u00e1n."},"content":{"rendered":"\n<p>En una nueva muestra de su dura postura hacia Teher\u00e1n, el presidente estadounidense, Donald Trump ha declarado que \u00abes hora de buscar un nuevo liderazgo en Ir\u00e1n\u00bb, reavivando el debate sobre el futuro pol\u00edtico del pa\u00eds y su papel en la regi\u00f3n.<\/p>\n\n\n\n<p>Este s\u00e1bado Donald Trump pidi\u00f3 el fin de los 37 a\u00f1os de mandato del ayatol\u00e1 Al\u00ed Jamenei.\u00bbEs hora de buscar un nuevo liderazgo en Ir\u00e1n\u00bb, dijo Trump a Politico, justo cuando las protestas masivas parecen haberse disipado.<\/p>\n\n\n\n<p>\u00bfC\u00f3mo se fabrica la falsa verdad sobre Ir\u00e1n? cuando en realidad todo  es por la toma del control del petroleo, todo vale,  provocar manifestaciones,  crear clima de preguerra , incentivar el descontento popular, etc&#8230; pero lo mas importante es controlar las noticias y crear titulares maliciosos como si fueran verdaderos.<\/p>\n\n\n\n<p>Como ejemplo el titular \u00abDos mil manifestantes muertos, dicen activistas\u00bb abunda en los grandes medios de comunicaci\u00f3n occidentales, pareciera que los activistas an\u00f3nimos est\u00e1n de moda en esos grandes consorcios occidentales, con este titular repiti\u00e9ndose como un loro (de m\u00faltiples formas, sin duda).<\/p>\n\n\n\n<p>Porque si sale en The Guardian, BBC y CNN, entre otros, tiene que ser \u00abcierto\u00bb, sobre todo cuando se trata de Ir\u00e1n. Despu\u00e9s de todo, no es sospechoso si se trata de la CIA o del gobierno federal de Estados Unidos.<\/p>\n\n\n\n<p>Mientras esto ocurre  el Ministerio de Inteligencia de Ir\u00e1n anunci\u00f3 la desarticulaci\u00f3n de una red integrada por 32 personas implicadas en disturbios y actos de sabotaje en Teher\u00e1n y en varias provincias del pa\u00eds.<\/p>\n\n\n\n<p>Seg\u00fan el comunicado oficial, 12 de los principales miembros de la red fueron detenidos, mientras que otros 13 fueron citados para ser interrogados.<\/p>\n\n\n\n<p>Las autoridades precisaron que el n\u00facleo operativo del grupo estaba asentado en la ciudad de Mashhad y que sus integrantes llevaron a cabo acciones de car\u00e1cter destructivo, entre ellas el incendio de lugares religiosos.<\/p>\n\n\n\n<figure class=\"wp-block-image size-full\"><img fetchpriority=\"high\" decoding=\"async\" width=\"1024\" height=\"624\" src=\"https:\/\/xn--tuvozdiasporaespaola-k7b.com\/wp-content\/uploads\/2026\/01\/1000652666.jpg\" alt=\"\" class=\"wp-image-11965\" srcset=\"https:\/\/xn--tuvozdiasporaespaola-k7b.com\/wp-content\/uploads\/2026\/01\/1000652666.jpg 1024w, https:\/\/xn--tuvozdiasporaespaola-k7b.com\/wp-content\/uploads\/2026\/01\/1000652666-300x183.jpg 300w, https:\/\/xn--tuvozdiasporaespaola-k7b.com\/wp-content\/uploads\/2026\/01\/1000652666-768x468.jpg 768w\" sizes=\"(max-width: 1024px) 100vw, 1024px\" \/><figcaption class=\"wp-element-caption\">Marchas en defensa de la Revoluci\u00f3n Isl\u00e1mica<\/figcaption><\/figure>\n\n\n\n<p>\u00bfc\u00f3mo evolucionaron la sitiacion?<\/p>\n\n\n\n<p>El martes, Trump inst\u00f3 a los iran\u00edes a seguir protestando y a \u00abtomar el control de las instituciones\u00bb, afirmando que \u00abla ayuda est\u00e1 en camino\u00bb. M\u00e1s tarde, el presidente cambi\u00f3 de rumbo abruptamente y dijo que le hab\u00edan informado de que la violencia hab\u00eda cesado.<\/p>\n\n\n\n<p>\u00abValoro profundamente que todos los ahorcamientos programados para ayer (m\u00e1s de 800) hayan sido cancelados por los l\u00edderes de Ir\u00e1n. \u00a1Gracias!\u00bb, escribi\u00f3 el mandatario estadounidense en su perfil de Truth Social.<\/p>\n\n\n\n<p>Por su parte, el l\u00edder supremo de Ir\u00e1n, el ayatol\u00e1 Al\u00ed Jamene\u00ed, ha responsabilizado hoy al presidente de Estados Unidos, Donald Trump, de las muertes y da\u00f1os causados en su pa\u00eds, y ha denunciado sus insultos vertidos contra la Rep\u00fablica Isl\u00e1mica.<\/p>\n\n\n\n<p>\u00abConsideramos culpable al presidente de Estados Unidos por las bajas, los da\u00f1os y las calumnias que infligi\u00f3 a la naci\u00f3n iran\u00ed\u00bb, declar\u00f3 Jamene\u00ed en un discurso ante miles de personas.<\/p>\n\n\n\n<p>En su discurso, Jamene\u00ed asegur\u00f3 que \u00abel objetivo del reciente complot estadounidense es engullir Ir\u00e1n\u00bb. \u00abLa naci\u00f3n iran\u00ed ha acabado con la sedici\u00f3n; ahora tambi\u00e9n debe acabar con los sediciosos\u00bb, agreg\u00f3.<\/p>\n\n\n\n<p>La reacci\u00f3n de Trump no se hizo esperar: \u00ab[El ayatol\u00e1 Al\u00ed Jamenei] es un hombre enfermo que deber\u00eda gobernar bien su pa\u00eds y dejar de matar gente\u00bb, declar\u00f3 Trump a Pol\u00edtico. \u00abSu pa\u00eds es el peor lugar para vivir en cualquier parte del mundo debido al mal liderazgo\u00bb.<\/p>\n\n\n\n<figure class=\"wp-block-image size-full\"><img decoding=\"async\" width=\"990\" height=\"557\" src=\"https:\/\/xn--tuvozdiasporaespaola-k7b.com\/wp-content\/uploads\/2026\/01\/1000652642.webp\" alt=\"\" class=\"wp-image-11963\" srcset=\"https:\/\/xn--tuvozdiasporaespaola-k7b.com\/wp-content\/uploads\/2026\/01\/1000652642.webp 990w, https:\/\/xn--tuvozdiasporaespaola-k7b.com\/wp-content\/uploads\/2026\/01\/1000652642-300x169.webp 300w, https:\/\/xn--tuvozdiasporaespaola-k7b.com\/wp-content\/uploads\/2026\/01\/1000652642-768x432.webp 768w\" sizes=\"(max-width: 990px) 100vw, 990px\" \/><figcaption class=\"wp-element-caption\"> Cartel de Reza Pahlavi el hombre elegido  por la CIA( Trump-EEUU) para dinamitar la revoluci\u00f3n irani,  durante una manifestaci\u00f3n contra el r\u00e9gimen iran\u00ed en Frankfurt, Alemania. Foto: Archivo<\/figcaption><\/figure>\n\n\n\n<figure class=\"wp-block-image size-full\"><img decoding=\"async\" width=\"990\" height=\"660\" src=\"https:\/\/xn--tuvozdiasporaespaola-k7b.com\/wp-content\/uploads\/2026\/01\/1000652649.webp\" alt=\"\" class=\"wp-image-11964\" srcset=\"https:\/\/xn--tuvozdiasporaespaola-k7b.com\/wp-content\/uploads\/2026\/01\/1000652649.webp 990w, https:\/\/xn--tuvozdiasporaespaola-k7b.com\/wp-content\/uploads\/2026\/01\/1000652649-300x200.webp 300w, https:\/\/xn--tuvozdiasporaespaola-k7b.com\/wp-content\/uploads\/2026\/01\/1000652649-768x512.webp 768w\" sizes=\"(max-width: 990px) 100vw, 990px\" \/><figcaption class=\"wp-element-caption\">Manifestantes contra el r\u00e9gimen iran\u00ed sostienen un retrato de Reza Pahlavi, mientras participan en una protesta frente a la embajada de Ir\u00e1n en Londres, el 10 de enero de 2026. Foto: Archivo<\/figcaption><\/figure>\n\n\n\n<p>Fuentes, RT, Redes Sociales y Agencias.<\/p>\n","protected":false},"excerpt":{"rendered":"<p>En una nueva muestra de su dura postura hacia Teher\u00e1n, el presidente estadounidense, Donald Trump ha declarado que \u00abes hora de buscar un nuevo &#8230; <\/p>\n<p class=\"read-more-container\"><a title=\"Trump vuelve a amenazar a  Ir\u00e1n.\" class=\"read-more button\" href=\"https:\/\/xn--tuvozdiasporaespaola-k7b.com\/page\/2\/trump-vuelve-a-amenazar-a-iran\/#more-11960\" aria-label=\"M\u00e1s en Trump vuelve a amenazar a  Ir\u00e1n.\">Leer m\u00e1s<\/a><\/p>\n","protected":false},"author":222560522,"featured_media":11966,"comment_status":"closed","ping_status":"open","sticky":false,"template":"","format":"standard","meta":{"footnotes":""},"categories":[121903,121850],"tags":[],"class_list":["post-11960","post","type-post","status-publish","format-standard","has-post-thumbnail","hentry","category-iran","category-politica","resize-featured-image"],"_links":{"self":[{"href":"https:\/\/xn--tuvozdiasporaespaola-k7b.com\/page\/2\/wp-json\/wp\/v2\/posts\/11960","targetHints":{"allow":["GET"]}}],"collection":[{"href":"https:\/\/xn--tuvozdiasporaespaola-k7b.com\/page\/2\/wp-json\/wp\/v2\/posts"}],"about":[{"href":"https:\/\/xn--tuvozdiasporaespaola-k7b.com\/page\/2\/wp-json\/wp\/v2\/types\/post"}],"author":[{"embeddable":true,"href":"https:\/\/xn--tuvozdiasporaespaola-k7b.com\/page\/2\/wp-json\/wp\/v2\/users\/222560522"}],"replies":[{"embeddable":true,"href":"https:\/\/xn--tuvozdiasporaespaola-k7b.com\/page\/2\/wp-json\/wp\/v2\/comments?post=11960"}],"version-history":[{"count":4,"href":"https:\/\/xn--tuvozdiasporaespaola-k7b.com\/page\/2\/wp-json\/wp\/v2\/posts\/11960\/revisions"}],"predecessor-version":[{"id":11970,"href":"https:\/\/xn--tuvozdiasporaespaola-k7b.com\/page\/2\/wp-json\/wp\/v2\/posts\/11960\/revisions\/11970"}],"wp:featuredmedia":[{"embeddable":true,"href":"https:\/\/xn--tuvozdiasporaespaola-k7b.com\/page\/2\/wp-json\/wp\/v2\/media\/11966"}],"wp:attachment":[{"href":"https:\/\/xn--tuvozdiasporaespaola-k7b.com\/page\/2\/wp-json\/wp\/v2\/media?parent=11960"}],"wp:term":[{"taxonomy":"category","embeddable":true,"href":"https:\/\/xn--tuvozdiasporaespaola-k7b.com\/page\/2\/wp-json\/wp\/v2\/categories?post=11960"},{"taxonomy":"post_tag","embeddable":true,"href":"https:\/\/xn--tuvozdiasporaespaola-k7b.com\/page\/2\/wp-json\/wp\/v2\/tags?post=11960"}],"curies":[{"name":"wp","href":"https:\/\/api.w.org\/{rel}","templated":true}]}}