{"id":11955,"date":"2026-01-17T11:50:31","date_gmt":"2026-01-17T14:50:31","guid":{"rendered":"https:\/\/xn--tuvozdiasporaespaola-k7b.com\/page\/2\/?p=11955"},"modified":"2026-01-18T19:41:26","modified_gmt":"2026-01-18T22:41:26","slug":"el-gasto-de-los-turistas-internacionales-en-2025-roza-los-135-000-millones-un-68-mas-que-en-2024-espana","status":"publish","type":"post","link":"https:\/\/xn--tuvozdiasporaespaola-k7b.com\/page\/2\/el-gasto-de-los-turistas-internacionales-en-2025-roza-los-135-000-millones-un-68-mas-que-en-2024-espana\/","title":{"rendered":"El gasto de los turistas internacionales en 2025 roza los 135.000 millones, un 6,8% m\u00e1s que en 2024. Espa\u00f1a."},"content":{"rendered":"\n<p>Comunicado Oficial ministerial.<\/p>\n\n\n\n<p>Los datos adelantados por el titular de Industria y Turismo, Jordi Hereu, revelan que Espa\u00f1a habr\u00eda alcanzado en 2025 los 97 millones de turistas internacionales, un 3,5% m\u00e1s que el a\u00f1o anterior.<\/p>\n\n\n\n<p>En el a\u00f1o 2025, Espa\u00f1a refuerza su posici\u00f3n de liderazgo internacional como destino tur\u00edstico. El ministro de Industria y Turismo, Jordi Hereu, ha adelantado un balance muy positivo para el sector en nuestro pa\u00eds y ha destacado la fortaleza y calidad del modelo tur\u00edstico espa\u00f1ol.<\/p>\n\n\n\n<p>En rueda de prensa -acompa\u00f1ado por la secretaria de Estado de Turismo, Rosario S\u00e1nchez Grau, el director general de Turespa\u00f1a, Miguel Sanz, y la directora general de Pol\u00edticas Tur\u00edsticas, Ana Mu\u00f1oz Llabr\u00e9s-, Hereu ha avanzado que Espa\u00f1a cerrar\u00e1 2025 con un gasto en destino de 134.710 millones de euros, un 6,8% m\u00e1s que en el mismo periodo del a\u00f1o anterior, y la visita de 97 millones de turistas internacionales, un 3,5% m\u00e1s con respecto a 2024.<\/p>\n\n\n\n<p>Para el ministro, estos datos consolidan la tendencia de crecimiento del gasto en destino por encima del incremento en el ritmo de las llegadas, algo m\u00e1s moderado en este 2025 que el pasado a\u00f1o, y afianzan la apuesta del Ministerio por un nuevo modelo tur\u00edstico, basado en priorizar la calidad frente a la cantidad, desconcentrar y desestacionalizar los destinos y diversificar la oferta.<\/p>\n\n\n\n<p>\u00abEstamos creciendo de la manera y al ritmo que creemos que son deseables para el modelo de la triple sostenibilidad econ\u00f3mica, social y ambiental. Se va perfilando el modelo de un crecimiento sereno donde los elementos cualitativos cada vez son m\u00e1s relevantes respecto a los aspectos cuantitativos. Estamos logrando sentar las bases de la sostenibilidad del turismo en Espa\u00f1a en los pr\u00f3ximos a\u00f1os\u00bb, ha afirmado Hereu.<\/p>\n\n\n\n<p>Desestacionalizaci\u00f3n, desconcentraci\u00f3n y mayor valor del turismo<\/p>\n\n\n\n<p>La evoluci\u00f3n del sector en los \u00faltimos a\u00f1os confirma que estas pol\u00edticas est\u00e1n dando sus frutos, como se observa en tendencias como la desestacionalizaci\u00f3n. En comparaci\u00f3n con 2019 (\u00faltimo a\u00f1o previo a la pandemia), el crecimiento de las llegadas en 2025 ha sido significativamente mayor fuera de la temporada alta. Meses como noviembre, febrero, octubre, enero y abril han registrado cifras de visitantes muy por encima de la media anual (16,8%), reduciendo la concentraci\u00f3n tur\u00edstica en los meses de verano.<\/p>\n\n\n\n<p>Algo similar ocurre con el fen\u00f3meno de la desconcentraci\u00f3n de destinos. Entre 2019 y 2025, el gasto tur\u00edstico en las comunidades aut\u00f3nomas no principales ha aumentado de forma muy superior al registrado en los destinos tradicionalmente l\u00edderes, contribuyendo a un reparto m\u00e1s equilibrado de los beneficios del turismo en todo el territorio.<\/p>\n\n\n\n<figure class=\"wp-block-image size-full is-resized\"><img fetchpriority=\"high\" decoding=\"async\" width=\"720\" height=\"480\" src=\"https:\/\/xn--tuvozdiasporaespaola-k7b.com\/wp-content\/uploads\/2026\/01\/1000650398.jpg\" alt=\"\" class=\"wp-image-11956\" style=\"width:840px;height:auto\" srcset=\"https:\/\/xn--tuvozdiasporaespaola-k7b.com\/wp-content\/uploads\/2026\/01\/1000650398.jpg 720w, https:\/\/xn--tuvozdiasporaespaola-k7b.com\/wp-content\/uploads\/2026\/01\/1000650398-300x200.jpg 300w\" sizes=\"(max-width: 720px) 100vw, 720px\" \/><figcaption class=\"wp-element-caption\">El ministro de Industria y Turismo, Jordi Hereu, durante la presentaci\u00f3n del balance 2025 en el sector tur\u00edstico.<\/figcaption><\/figure>\n\n\n\n<p>Por mercados de origen, Estados Unidos y el resto del continente americano se sit\u00faan muy por encima de la media tanto en llegadas como, especialmente, en gasto. Europa contin\u00faa aportando un volumen relevante de visitantes, aunque con un gasto medio inferior a la media. En todos los mercados emisores, el gasto crece a un ritmo muy superior al de las llegadas.<\/p>\n\n\n\n<p>El liderazgo tur\u00edstico de Espa\u00f1a se refleja tambi\u00e9n en la calidad de la experiencia ofrecida. Seg\u00fan los datos recogidos en la \u00faltima Encuesta de Satisfacci\u00f3n de Turistas Internacionales (ESTI) que realiza Turespa\u00f1a, el 97% se han mostrado satisfechos y muy satisfechos durante su estancia en nuestro pa\u00eds.<\/p>\n\n\n\n<p>De la encuesta tambi\u00e9n se desprende que el 69% de los viajeros tienen intenci\u00f3n de volver en los pr\u00f3ximos 12 meses, un porcentaje 4 puntos superior al del a\u00f1o 2024. \u00abSe trata de un porcentaje de satisfacci\u00f3n muy alto que indica que quien viene a Espa\u00f1a, repite\u00bb, ha asegurado el ministro.<\/p>\n\n\n\n<p>Hereu ha adelantado tambi\u00e9n los datos de afiliaci\u00f3n tur\u00edstica de diciembre, que se publicar\u00e1n oficialmente ma\u00f1ana viernes, 16 de enero. El empleo tur\u00edstico subi\u00f3 en el \u00faltimo mes del a\u00f1o pasado un 2,4% respecto al mismo mes de 2024, hasta alcanzar los 2,75 millones de trabajadores.<\/p>\n\n\n\n<p>Turespa\u00f1a en Fitur 2026.<\/p>\n\n\n\n<p>Por \u00faltimo, el ministro Hereu ha detallado la participaci\u00f3n de Espa\u00f1a en la 46\u00ba edici\u00f3n de la Feria Internacional de Turismo, Fitur, que dar\u00e1 comienzo en IFEMA el mi\u00e9rcoles 21 de enero para profesionales, y el s\u00e1bado 24 para el p\u00fablico en general. Este a\u00f1o, contar\u00e1 con m\u00e1s de 9.500 empresas participantes, 156 pa\u00edses y m\u00e1s de 150.000 profesionales y, como en pasadas ediciones, habr\u00e1 \u00e1reas especializadas como Fitur Woman, Fitur Tech o Fitur LGTB+.<\/p>\n\n\n\n<p>En esta edici\u00f3n, Turespa\u00f1a (organismo p\u00fablico dependiente del Ministerio de Industria y Turismo que promociona Espa\u00f1a en el exterior) contar\u00e1 con un stand de 600 m\u00b2 en el pabell\u00f3n 9. El dise\u00f1o del espacio girar\u00e1 en torno a dos ejes conceptuales fundamentales, en aplicaci\u00f3n de la Estrategia de Turismo Sostenible Espa\u00f1a 2030: Slow travel y turismo experiencial, y el eclipse solar del pr\u00f3ximo agosto, que representa una oportunidad para la promoci\u00f3n del turismo cient\u00edfico y de naturaleza.<\/p>\n\n\n\n<p>Durante la semana de FITUR, est\u00e1 previsto que se celebren m\u00e1s de 1.000 reuniones de trabajo. Estas agendas, lideradas por el ministro, la Secretar\u00eda de Estado y los directores generales de Pol\u00edticas Tur\u00edsticas y de Turespa\u00f1a, junto a la red de consejeros, ser\u00e1n fundamentales para coordinar la estrategia de captaci\u00f3n de este nuevo perfil de viajero que busca experiencias memorables y responsables.<\/p>\n\n\n\n<p>En 2025, Turespa\u00f1a ha llevado a cabo 2.500 acciones de marketing, entre las que destacan la campa\u00f1a internacional de publicidad \u00abThink you Know Spain? Think again\u00bb, el foro internacional \u00abSpain Talks: Caring for the Future\u00bb para consolidar a Espa\u00f1a como destino comprometido con un modelo tur\u00edstico m\u00e1s sostenible, inclusivo y responsable, y la iniciativa \u00abSpain is Much More 2025\u00bb para redescubrir la Espa\u00f1a menos conocida internacionalmente.<\/p>\n","protected":false},"excerpt":{"rendered":"<p>Comunicado Oficial ministerial. Los datos adelantados por el titular de Industria y Turismo, Jordi Hereu, revelan que Espa\u00f1a habr\u00eda alcanzado en 2025 los 97 &#8230; <\/p>\n<p class=\"read-more-container\"><a title=\"El gasto de los turistas internacionales en 2025 roza los 135.000 millones, un 6,8% m\u00e1s que en 2024. Espa\u00f1a.\" class=\"read-more button\" href=\"https:\/\/xn--tuvozdiasporaespaola-k7b.com\/page\/2\/el-gasto-de-los-turistas-internacionales-en-2025-roza-los-135-000-millones-un-68-mas-que-en-2024-espana\/#more-11955\" aria-label=\"M\u00e1s en El gasto de los turistas internacionales en 2025 roza los 135.000 millones, un 6,8% m\u00e1s que en 2024. Espa\u00f1a.\">Leer m\u00e1s<\/a><\/p>\n","protected":false},"author":222560522,"featured_media":11957,"comment_status":"closed","ping_status":"open","sticky":false,"template":"","format":"standard","meta":{"footnotes":""},"categories":[121854,121901],"tags":[],"class_list":["post-11955","post","type-post","status-publish","format-standard","has-post-thumbnail","hentry","category-consejo-de-residentes-espanoles","category-espana","resize-featured-image"],"_links":{"self":[{"href":"https:\/\/xn--tuvozdiasporaespaola-k7b.com\/page\/2\/wp-json\/wp\/v2\/posts\/11955","targetHints":{"allow":["GET"]}}],"collection":[{"href":"https:\/\/xn--tuvozdiasporaespaola-k7b.com\/page\/2\/wp-json\/wp\/v2\/posts"}],"about":[{"href":"https:\/\/xn--tuvozdiasporaespaola-k7b.com\/page\/2\/wp-json\/wp\/v2\/types\/post"}],"author":[{"embeddable":true,"href":"https:\/\/xn--tuvozdiasporaespaola-k7b.com\/page\/2\/wp-json\/wp\/v2\/users\/222560522"}],"replies":[{"embeddable":true,"href":"https:\/\/xn--tuvozdiasporaespaola-k7b.com\/page\/2\/wp-json\/wp\/v2\/comments?post=11955"}],"version-history":[{"count":2,"href":"https:\/\/xn--tuvozdiasporaespaola-k7b.com\/page\/2\/wp-json\/wp\/v2\/posts\/11955\/revisions"}],"predecessor-version":[{"id":11985,"href":"https:\/\/xn--tuvozdiasporaespaola-k7b.com\/page\/2\/wp-json\/wp\/v2\/posts\/11955\/revisions\/11985"}],"wp:featuredmedia":[{"embeddable":true,"href":"https:\/\/xn--tuvozdiasporaespaola-k7b.com\/page\/2\/wp-json\/wp\/v2\/media\/11957"}],"wp:attachment":[{"href":"https:\/\/xn--tuvozdiasporaespaola-k7b.com\/page\/2\/wp-json\/wp\/v2\/media?parent=11955"}],"wp:term":[{"taxonomy":"category","embeddable":true,"href":"https:\/\/xn--tuvozdiasporaespaola-k7b.com\/page\/2\/wp-json\/wp\/v2\/categories?post=11955"},{"taxonomy":"post_tag","embeddable":true,"href":"https:\/\/xn--tuvozdiasporaespaola-k7b.com\/page\/2\/wp-json\/wp\/v2\/tags?post=11955"}],"curies":[{"name":"wp","href":"https:\/\/api.w.org\/{rel}","templated":true}]}}