{"id":11951,"date":"2026-01-18T13:08:32","date_gmt":"2026-01-18T16:08:32","guid":{"rendered":"https:\/\/xn--tuvozdiasporaespaola-k7b.com\/page\/2\/?p=11951"},"modified":"2026-01-18T19:40:28","modified_gmt":"2026-01-18T22:40:28","slug":"el-frente-polisario-viaja-a-ee-uu-para-reuniones-sobre-el-sahara-occidental","status":"publish","type":"post","link":"https:\/\/xn--tuvozdiasporaespaola-k7b.com\/page\/2\/el-frente-polisario-viaja-a-ee-uu-para-reuniones-sobre-el-sahara-occidental\/","title":{"rendered":"El Frente Polisario viajo este s\u00e1bado a  EE. UU. para reuniones sobre el S\u00e1hara Occidental."},"content":{"rendered":"\n<p>Una delegaci\u00f3n del Frente Polisario viajo este s\u00e1bado a Estados Unidos para mantener conversaciones sobre garant\u00edas y un paquete de propuestas dirigidas a buscar una soluci\u00f3n al conflicto del S\u00e1hara Occidental, seg\u00fan inform\u00f3 a ECS una fuente diplom\u00e1tica saharaui de alto nivel.<\/p>\n\n\n\n<p>La delegaci\u00f3n fue  integrada por Mohamed Yeslem Beisat, Sidi Mohamed Omar y Mouloud Said y tiene previsto mantener encuentros con representantes de la Administraci\u00f3n estadounidense en el marco de los esfuerzos diplom\u00e1ticos impulsados por Trump.<\/p>\n\n\n\n<p>Seg\u00fan la misma fuente, Estados Unidos curs\u00f3 desde principios de diciembre invitaciones oficiales a Marruecos, Argelia y Mauritania y, a comienzos de enero, al Frente Polisario, con el objetivo de celebrar una reuni\u00f3n cuatripartita a finales de este mes. En esos encuentros participaron, entre otros, el secretario de Estado, Marco Rubio, as\u00ed como Massad Boulos y Steve Witkoff.<\/p>\n\n\n\n<p><\/p>\n\n\n\n<p>Las negociaciones formales podr\u00edan comenzar antes del pr\u00f3ximo mes de marzo y celebrarse en Florida, estado donde reside el presidente estadounidense Donald Trump, indicaron las fuentes consultadas.<\/p>\n\n\n\n<p>Durante las conversaciones, la delegaci\u00f3n saharaui espera obtener aclaraciones sobre la posici\u00f3n de Marruecos ante las iniciativas diplom\u00e1ticas promovidas por Washington para resolver el conflicto.<\/p>\n\n\n\n<p>Fuentes occidentales se\u00f1alaron que, hasta el pasado 8 de enero, Marruecos no hab\u00eda presentado un plan concreto, en un contexto en el que pa\u00edses como Francia y Estados Unidos instan a Rabat a presentar una versi\u00f3n ampliada de su propuesta de autonom\u00eda para el S\u00e1hara Occidental. La delegaci\u00f3n marroqu\u00ed estuvo  encabezada por el ministro de Asuntos Exteriores, Nasser Bourita.<\/p>\n\n\n\n<p>El diplom\u00e1tico saharaui, que solicit\u00f3 el anonimato, afirm\u00f3 que el Frente Polisario ya ha completado su trabajo en relaci\u00f3n con los documentos que conforman un \u201cpaquete de propuestas\u201d destinado a desbloquear el proceso negociador tras d\u00e9cadas de conflicto.<\/p>\n\n\n\n<p>Los dirigentes saharauis aseguran que el Frente Polisario est\u00e1 dispuesto a alcanzar un acuerdo pol\u00edtico y consideran que la falta de avances se debe a la postura de Marruecos.<\/p>\n\n\n\n<p>Estados Unidos, seg\u00fan otra fuentes, ha instado al Frente Polisario a aceptar un marco de soluci\u00f3n pol\u00edtica que posteriormente ser\u00eda presentado a Rabat, mientras que la parte saharaui insiste en que cualquier acuerdo debe garantizar el derecho del pueblo saharaui a decidir libremente su futuro.<\/p>\n\n\n\n<figure class=\"wp-block-image size-large\"><img fetchpriority=\"high\" decoding=\"async\" width=\"1024\" height=\"683\" src=\"https:\/\/xn--tuvozdiasporaespaola-k7b.com\/wp-content\/uploads\/2026\/01\/1000649929-1024x683.webp\" alt=\"\" class=\"wp-image-11953\" srcset=\"https:\/\/xn--tuvozdiasporaespaola-k7b.com\/wp-content\/uploads\/2026\/01\/1000649929-1024x683.webp 1024w, https:\/\/xn--tuvozdiasporaespaola-k7b.com\/wp-content\/uploads\/2026\/01\/1000649929-300x200.webp 300w, https:\/\/xn--tuvozdiasporaespaola-k7b.com\/wp-content\/uploads\/2026\/01\/1000649929-768x512.webp 768w, https:\/\/xn--tuvozdiasporaespaola-k7b.com\/wp-content\/uploads\/2026\/01\/1000649929.webp 1536w\" sizes=\"(max-width: 1024px) 100vw, 1024px\" \/><figcaption class=\"wp-element-caption\">Donald Trump; el vicepresidente estadounidense, J.D. Vance; y el secretario de Estado, Marco Rubio. \/ YURI GRIPAS-EPA-ABACAPRESS POOL-EFE<\/figcaption><\/figure>\n","protected":false},"excerpt":{"rendered":"<p>Una delegaci\u00f3n del Frente Polisario viajo este s\u00e1bado a Estados Unidos para mantener conversaciones sobre garant\u00edas y un paquete de propuestas dirigidas a buscar &#8230; <\/p>\n<p class=\"read-more-container\"><a title=\"El Frente Polisario viajo este s\u00e1bado a  EE. UU. para reuniones sobre el S\u00e1hara Occidental.\" class=\"read-more button\" href=\"https:\/\/xn--tuvozdiasporaespaola-k7b.com\/page\/2\/el-frente-polisario-viaja-a-ee-uu-para-reuniones-sobre-el-sahara-occidental\/#more-11951\" aria-label=\"M\u00e1s en El Frente Polisario viajo este s\u00e1bado a  EE. UU. para reuniones sobre el S\u00e1hara Occidental.\">Leer m\u00e1s<\/a><\/p>\n","protected":false},"author":222560522,"featured_media":11968,"comment_status":"closed","ping_status":"open","sticky":false,"template":"","format":"standard","meta":{"footnotes":""},"categories":[121885],"tags":[],"class_list":["post-11951","post","type-post","status-publish","format-standard","has-post-thumbnail","hentry","category-sahara-internaciones","resize-featured-image"],"_links":{"self":[{"href":"https:\/\/xn--tuvozdiasporaespaola-k7b.com\/page\/2\/wp-json\/wp\/v2\/posts\/11951","targetHints":{"allow":["GET"]}}],"collection":[{"href":"https:\/\/xn--tuvozdiasporaespaola-k7b.com\/page\/2\/wp-json\/wp\/v2\/posts"}],"about":[{"href":"https:\/\/xn--tuvozdiasporaespaola-k7b.com\/page\/2\/wp-json\/wp\/v2\/types\/post"}],"author":[{"embeddable":true,"href":"https:\/\/xn--tuvozdiasporaespaola-k7b.com\/page\/2\/wp-json\/wp\/v2\/users\/222560522"}],"replies":[{"embeddable":true,"href":"https:\/\/xn--tuvozdiasporaespaola-k7b.com\/page\/2\/wp-json\/wp\/v2\/comments?post=11951"}],"version-history":[{"count":4,"href":"https:\/\/xn--tuvozdiasporaespaola-k7b.com\/page\/2\/wp-json\/wp\/v2\/posts\/11951\/revisions"}],"predecessor-version":[{"id":11972,"href":"https:\/\/xn--tuvozdiasporaespaola-k7b.com\/page\/2\/wp-json\/wp\/v2\/posts\/11951\/revisions\/11972"}],"wp:featuredmedia":[{"embeddable":true,"href":"https:\/\/xn--tuvozdiasporaespaola-k7b.com\/page\/2\/wp-json\/wp\/v2\/media\/11968"}],"wp:attachment":[{"href":"https:\/\/xn--tuvozdiasporaespaola-k7b.com\/page\/2\/wp-json\/wp\/v2\/media?parent=11951"}],"wp:term":[{"taxonomy":"category","embeddable":true,"href":"https:\/\/xn--tuvozdiasporaespaola-k7b.com\/page\/2\/wp-json\/wp\/v2\/categories?post=11951"},{"taxonomy":"post_tag","embeddable":true,"href":"https:\/\/xn--tuvozdiasporaespaola-k7b.com\/page\/2\/wp-json\/wp\/v2\/tags?post=11951"}],"curies":[{"name":"wp","href":"https:\/\/api.w.org\/{rel}","templated":true}]}}