{"id":11942,"date":"2026-01-17T01:22:37","date_gmt":"2026-01-17T04:22:37","guid":{"rendered":"https:\/\/xn--tuvozdiasporaespaola-k7b.com\/page\/2\/?p=11942"},"modified":"2026-01-17T01:22:38","modified_gmt":"2026-01-17T04:22:38","slug":"convocado-el-proceso-selectivo-para-cubrir-plazas-para-trabajar-como-tecnico-de-la-administracion-de-la-seguridad-social","status":"publish","type":"post","link":"https:\/\/xn--tuvozdiasporaespaola-k7b.com\/page\/2\/convocado-el-proceso-selectivo-para-cubrir-plazas-para-trabajar-como-tecnico-de-la-administracion-de-la-seguridad-social\/","title":{"rendered":"Convocado el proceso selectivo para cubrir plazas para trabajar como T\u00e9cnico de la Administraci\u00f3n de la Seguridad Social"},"content":{"rendered":"\n<p>El Bolet\u00edn Oficial del Estado (BOE) ha publicado este martes 30 de diciembre de 2025 la convocatoria del proceso selectivo para el ingreso, por el sistema general de acceso libre y por promoci\u00f3n interna, en el Cuerpo Superior de T\u00e9cnicos de la Administraci\u00f3n de la Seguridad Social. <\/p>\n\n\n\n<p>Mediante este proceso se quieren cubrir 97 plazas por el sistema general de acceso libre y 112 plazas por el sistema de promoci\u00f3n interna.Del total de las plazas convocadas se reservar\u00e1n 8 en el turno libre y 9 en promoci\u00f3n interna para ser cubiertas por quienes tengan la condici\u00f3n legal de personas con discapacidad con un grado igual o superior al 33?%.<\/p>\n\n\n\n<p>Cuerpo Superior de T\u00e9cnicos de la Administraci\u00f3n de la Seguridad Social<\/p>\n\n\n\n<p>Los T\u00e9cnicos de la Administraci\u00f3n de la Seguridad Social desempe\u00f1an m\u00faltiples funciones de car\u00e1cter directivo y de asesoramiento t\u00e9cnico dentro de la Administraci\u00f3n de la Seguridad Social, en concreto de direcci\u00f3n, coordinaci\u00f3n, estudio y propuestas en materia de Seguridad Social.<\/p>\n\n\n\n<p>Entre sus tareas, se encuentra el dise\u00f1o e implantaci\u00f3n de los procedimientos para la gesti\u00f3n del reconocimiento, mantenimiento y control del derecho a las prestaciones y pensiones de los distintos Reg\u00edmenes del Sistema de la Seguridad Social, as\u00ed como el estudio y elaboraci\u00f3n de informes y criterios jur\u00eddicos en materia de afiliaci\u00f3n, cotizaci\u00f3n y gesti\u00f3n recaudatoria.<\/p>\n\n\n\n<p>Tambi\u00e9n les corresponde la direcci\u00f3n de los centros de atenci\u00f3n e informaci\u00f3n de la Seguridad Social, as\u00ed como los diferentes Servicios y \u00c1reas organizativas integradas tanto en las Direcciones Provinciales como en los Servicios Centrales de las Entidades de la Seguridad Social.<\/p>\n\n\n\n<p>\u00bfCu\u00e1ndo y c\u00f3mo puedo solicitarlo? El plazo de presentaci\u00f3n de solicitudes se extiende entre el mi\u00e9rcoles 31 de diciembre y durante los 20 d\u00edas h\u00e1biles posteriores a la convocatoria. La solicitud de participaci\u00f3n en las pruebas selectivas se deber\u00e1 cumplimentar electr\u00f3nicamente, utilizando el Modelo oficial 790, al que se accede a trav\u00e9s del Servicio de Inscripci\u00f3n en Pruebas Selectivas (IPS) del Punto de Acceso General. <\/p>\n\n\n\n<p>Requisitos:<\/p>\n\n\n\n<p>Para participar en el proceso, es necesario estar en posesi\u00f3n del t\u00edtulo de Licenciado, Ingeniero, Arquitecto o Grado o tener cumplidas las condiciones para obtenerlo en la fecha de finalizaci\u00f3n del plazo de presentaci\u00f3n de solicitudes. <\/p>\n\n\n\n<p>Adem\u00e1s, podr\u00e1n participar los candidatos de nacionalidad espa\u00f1ola, los nacionales de los Estados Miembros de la Uni\u00f3n Europea y el resto de las personas incluidas en el \u00e1mbito de aplicaci\u00f3n se\u00f1alado en el art\u00edculo 2 del Real Decreto 543\/2001, de 18 de mayo, sobre acceso al empleo p\u00fablico de la Administraci\u00f3n General del Estado y sus Organismos p\u00fablicos de nacionales de otros Estados a los que es de aplicaci\u00f3n el derecho a la libre circulaci\u00f3n de trabajadores.<\/p>\n\n\n\n<p>\u00bfC\u00f3mo ser\u00e1 el proceso?<\/p>\n\n\n\n<p>El proceso consta de cuatro ejercicios diferenciados que se desarrollar\u00e1n de la siguiente manera:  Primer ejercicio: plazo m\u00e1ximo de 4 horas. Se recoge la reserva de nota en este ejercicio si la persona aspirante el 50 por ciento de la puntuaci\u00f3n m\u00e1xima prevista.<\/p>\n\n\n\n<p> Constar\u00e1 de dos partes:<\/p>\n\n\n\n<p>Cuestionario de cinco preguntas que versar\u00e1n sobre la parte general del anexo II del programaDesarrollo escrito de un tema entre dos propuestos por el tribunal y que tengan relaci\u00f3n con el grupo de materias de la parte espec\u00edfica del anexo II del programa, que ser\u00e1 le\u00eddo necesariamente por el opositor en sesi\u00f3n p\u00fablica y llamamiento \u00fanico ante el tribunal.<\/p>\n\n\n\n<p> Segundo ejercicio: <\/p>\n\n\n\n<p>Se recoge la reserva de nota en este ejercicio para la persona aspirante que obtenga la calificaci\u00f3n de apto. <\/p>\n\n\n\n<p>Se establecen dos modalidades excluyentes de evaluaci\u00f3n:<\/p>\n\n\n\n<p>Modalidad presencial: Traducci\u00f3n directa escrita sin diccionario, durante el tiempo m\u00e1ximo de cuarenta minutos, de un texto determinado por el tribunal, as\u00ed como en la elaboraci\u00f3n de un resumen, en castellano, de un texto que les ser\u00e1 le\u00eddo, en el idioma elegido, durante un m\u00e1ximo de veinte minutos. <\/p>\n\n\n\n<figure class=\"wp-block-image size-full\"><img fetchpriority=\"high\" decoding=\"async\" width=\"734\" height=\"268\" src=\"https:\/\/xn--tuvozdiasporaespaola-k7b.com\/wp-content\/uploads\/2026\/01\/1000649840.jpg\" alt=\"\" class=\"wp-image-11944\" srcset=\"https:\/\/xn--tuvozdiasporaespaola-k7b.com\/wp-content\/uploads\/2026\/01\/1000649840.jpg 734w, https:\/\/xn--tuvozdiasporaespaola-k7b.com\/wp-content\/uploads\/2026\/01\/1000649840-300x110.jpg 300w\" sizes=\"(max-width: 734px) 100vw, 734px\" \/><\/figure>\n\n\n\n<p>El idioma sobre el que versar\u00e1 este ejercicio ser\u00e1 el franc\u00e9s o el ingl\u00e9s a elecci\u00f3n del opositor.Modalidad de acreditaci\u00f3n mediante titulaci\u00f3n del conocimiento de ingl\u00e9s o franc\u00e9s equivalente a B2 o superior, de acuerdo con los niveles del Marco Com\u00fan Europeo de Referencia de las Lenguas (MCER) establecidos en las bases. <\/p>\n\n\n\n<p>Tercer ejercicio: <\/p>\n\n\n\n<p>Resoluci\u00f3n por escrito durante un m\u00e1ximo de tres horas de un supuesto pr\u00e1ctico relacionado con el grupo de materias espec\u00edficas de Seguridad Social contenidas en el anexo II, que ser\u00e1 le\u00eddo por el Tribunal. <\/p>\n\n\n\n<p>Se recoge la reserva de nota en este ejercicio si la persona aspirante el 50 por ciento de la puntuaci\u00f3n m\u00e1xima prevista. Cuarto ejercicio: Consistir\u00e1 en exponer oralmente en el plazo m\u00e1ximo de una hora cuatro temas extra\u00eddos al azar de los que forman la parte espec\u00edfica contenidos en el anexo II.<\/p>\n\n\n\n<p>\u00bfCu\u00e1ndo ser\u00e1n los ex\u00e1menes?<\/p>\n\n\n\n<p>El calendario previsto incluye que se celebren los 4 ex\u00e1menes en 9 meses. El primer ejercicio se celebra aproximadamente a los 3 meses desde la publicaci\u00f3n de la convocatoria en el BOE. Desde la total conclusi\u00f3n de un ejercicio o prueba hasta el comienzo del siguiente deber\u00e1 transcurrir un plazo m\u00e1ximo de 45 d\u00edas naturales.<\/p>\n\n\n\n<p>Consultar ; en <a href=\"https:\/\/xn--tuvozdiasporaespaola-k7b.com\/page\/2\/?page_id=11943\" data-type=\"page\" data-id=\"11943\">BOE-A-2025-27070.pdf https:\/\/share.google\/abd4wPPy1B3BxiRgo<\/a><\/p>\n\n\n\n<p><\/p>\n","protected":false},"excerpt":{"rendered":"<p>El Bolet\u00edn Oficial del Estado (BOE) ha publicado este martes 30 de diciembre de 2025 la convocatoria del proceso selectivo para el ingreso, por &#8230; <\/p>\n<p class=\"read-more-container\"><a title=\"Convocado el proceso selectivo para cubrir plazas para trabajar como T\u00e9cnico de la Administraci\u00f3n de la Seguridad Social\" class=\"read-more button\" href=\"https:\/\/xn--tuvozdiasporaespaola-k7b.com\/page\/2\/convocado-el-proceso-selectivo-para-cubrir-plazas-para-trabajar-como-tecnico-de-la-administracion-de-la-seguridad-social\/#more-11942\" aria-label=\"M\u00e1s en Convocado el proceso selectivo para cubrir plazas para trabajar como T\u00e9cnico de la Administraci\u00f3n de la Seguridad Social\">Leer m\u00e1s<\/a><\/p>\n","protected":false},"author":222560522,"featured_media":11945,"comment_status":"closed","ping_status":"open","sticky":false,"template":"","format":"standard","meta":{"footnotes":""},"categories":[121854,121901],"tags":[],"class_list":["post-11942","post","type-post","status-publish","format-standard","has-post-thumbnail","hentry","category-consejo-de-residentes-espanoles","category-espana","resize-featured-image"],"_links":{"self":[{"href":"https:\/\/xn--tuvozdiasporaespaola-k7b.com\/page\/2\/wp-json\/wp\/v2\/posts\/11942","targetHints":{"allow":["GET"]}}],"collection":[{"href":"https:\/\/xn--tuvozdiasporaespaola-k7b.com\/page\/2\/wp-json\/wp\/v2\/posts"}],"about":[{"href":"https:\/\/xn--tuvozdiasporaespaola-k7b.com\/page\/2\/wp-json\/wp\/v2\/types\/post"}],"author":[{"embeddable":true,"href":"https:\/\/xn--tuvozdiasporaespaola-k7b.com\/page\/2\/wp-json\/wp\/v2\/users\/222560522"}],"replies":[{"embeddable":true,"href":"https:\/\/xn--tuvozdiasporaespaola-k7b.com\/page\/2\/wp-json\/wp\/v2\/comments?post=11942"}],"version-history":[{"count":1,"href":"https:\/\/xn--tuvozdiasporaespaola-k7b.com\/page\/2\/wp-json\/wp\/v2\/posts\/11942\/revisions"}],"predecessor-version":[{"id":11946,"href":"https:\/\/xn--tuvozdiasporaespaola-k7b.com\/page\/2\/wp-json\/wp\/v2\/posts\/11942\/revisions\/11946"}],"wp:featuredmedia":[{"embeddable":true,"href":"https:\/\/xn--tuvozdiasporaespaola-k7b.com\/page\/2\/wp-json\/wp\/v2\/media\/11945"}],"wp:attachment":[{"href":"https:\/\/xn--tuvozdiasporaespaola-k7b.com\/page\/2\/wp-json\/wp\/v2\/media?parent=11942"}],"wp:term":[{"taxonomy":"category","embeddable":true,"href":"https:\/\/xn--tuvozdiasporaespaola-k7b.com\/page\/2\/wp-json\/wp\/v2\/categories?post=11942"},{"taxonomy":"post_tag","embeddable":true,"href":"https:\/\/xn--tuvozdiasporaespaola-k7b.com\/page\/2\/wp-json\/wp\/v2\/tags?post=11942"}],"curies":[{"name":"wp","href":"https:\/\/api.w.org\/{rel}","templated":true}]}}