{"id":11940,"date":"2026-01-17T02:14:13","date_gmt":"2026-01-17T05:14:13","guid":{"rendered":"https:\/\/xn--tuvozdiasporaespaola-k7b.com\/page\/2\/?p=11940"},"modified":"2026-01-17T02:14:14","modified_gmt":"2026-01-17T05:14:14","slug":"javier-marcano-el-escolta-que-lo-sabia-todo-de-maduro-traicion","status":"publish","type":"post","link":"https:\/\/xn--tuvozdiasporaespaola-k7b.com\/page\/2\/javier-marcano-el-escolta-que-lo-sabia-todo-de-maduro-traicion\/","title":{"rendered":"Javier Marcano, el escolta que lo sab\u00eda todo de Maduro \u00bf Traici\u00f3n?"},"content":{"rendered":"\n<p>Por Adriana F. G\u00f3mez, Redacci\u00f3n de Revista TU VOZ, Uruguay.<\/p>\n\n\n\n<p>Delcy Rodr\u00edguez, la nueva presidenta encargada de Venezuela lleg\u00f3 y destituy\u00f3 ordenando la captura inmediata del jefe de seguridad del presidente  Nicolas Maduro, Javier Marcano, que tanto poder tuviese, \u00bffue destituido por ser informante o art\u00edfice de la traici\u00f3n?.<\/p>\n\n\n\n<p>Delcy Rodr\u00edguez quien asumi\u00f3 como presidenta interina de Venezuela , comenz\u00f3 a hacer cambios importantes en la c\u00fapula del movimiento chavista, el ej\u00e9rcito y el gobierno. y en este marco design\u00f3 al general Gustavo Gonz\u00e1lez L\u00f3pez como nuevo comandante de la Guardia de Honor Presidencial y director de la Direcci\u00f3n General de Contrainteligencia militar. <\/p>\n\n\n\n<p>El anuncio lo hizo el ministro de Comunicaci\u00f3n FREDDY YA\u00d1EZ a trav\u00e9s de un mensaje publicado en Telegram. Asimismo explic\u00f3 que Gonz\u00e1lez L\u00f3pez sustituye en sus funciones al mayor general Javier Marcano T\u00e1bata, quien hasta entonces era el jefe de seguridad de Nicol\u00e1s Maduro.<\/p>\n\n\n\n<p><em>\u201cQue le quede claro los imperialistas, el ciudadano Nicol\u00e1s Maduro Moros, es el presidente constitucional de la Rep\u00fablica Bolivariana de Venezuela, comandante en jefe de las fuerzas armadas de la Nacional Bolivariana, es el protector del pueblo venezolano, preclaro defensor del Bolivariano y del legado del comandante supremo Hugo Ch\u00e1vez, Nicol\u00e1s Maduro Fr\u00edas, es quien mantiene la paz de la Rep\u00fablica y gu\u00eda la naci\u00f3n hacia las siete grandes transformaciones para su desarrollo integral. Nosotros los integrantes eran fuerzas armadas de la Nacional Bolivariana y los que integramos la Guardia de Honor Presidencial, estos comandantes de Estado Mayor se mantienen actividad permanente, ajustando la utilidad militar Bolivariana para estar a la altura de la comprensi\u00f3n de las nuevas formas de guerras, desarrollando capacidades militares, contribuyendo as\u00ed con las fuerzas armadas de la Nacional Bolivariana en garantizar la defensa integral de la naci\u00f3n y la seguridad y protecci\u00f3n de nuestro comandante en jefe de Nicol\u00e1s Maduro Moros\u201d <\/em>declar\u00f3.<\/p>\n\n\n\n<p>El general Javier Marcano T\u00e1bata fue una figura de relevancia en Venezuela, pues se mantuvo siempre cerca de Nicol\u00e1s Maduro.Su presencia junto a Nicol\u00e1s era constante y pues aparec\u00eda en actos oficiales y recorridos estrat\u00e9gicos, reforzando la imagen de confianza absoluta dentro del c\u00edrculo presidencial. <\/p>\n\n\n\n<p>Gran confianza debido a que ten\u00eda bajo su control distintas operaciones sensibles, custodia presidencial, coordinaci\u00f3n de la Guardia de Honor, supervisi\u00f3n de las operaciones internas y reportes directos a Nicol\u00e1s Maduro. Era visto como un guardi\u00e1n de Nicol\u00e1s Maduro, pues deb\u00eda custodiar su entorno y estar atento a movimientos internos y externos, lo cual lo consolido como un hombre fuerte dentro del gobierno.<\/p>\n\n\n\n<p>El pasado lunes 14 de octubre del 2024, Nicol\u00e1s Maduro orden\u00f3 cambios en el estado mayor superior de la Fuerza Armada Nacional entre las modificaciones ordenadas por Maduro, se desarrolla la incorporaci\u00f3n del mayor general Javier Marcano Tabata, al frente de la direcci\u00f3n general de contrainteligencia militar en su instituci\u00f3n de Ivan Hern\u00e1ndez Dala. En octubre de 2024 el propio Marcano Tabata public\u00f3 en su cuenta de Instagram un v\u00eddeo en el que agradeci\u00f3 a  Maduro la oportunidad de servirle a la patria.<\/p>\n\n\n\n<p>Tambi\u00e9n Marcano  indic\u00f3, por que Nicol\u00e1s Maduro ordeno que la Guardia de Honor, del Libertador Presidente Sim\u00f3n Bol\u00edvar, la Guardia de Honor de la Revoluci\u00f3n Bolivariana se constituye tambi\u00e9n en parte  esa poderosa milicia declarando \u201cContagia con su esp\u00edritu de servicio, su amor de la patria para seguir dando las futuras batallas por la patria. Y por eso decimos a Bol\u00edvar, a Ch\u00e1vez, rendimos memoria en su fe de la Guardia de Honor. Milicia Bolivariana, donde el pueblo puede, la patria crece\u201d. <\/p>\n\n\n\n<p>Marcano Tabata no era un personaje menor dentro de la estructura militar y de seguridad de Maduro , hab\u00eda jurado proteger con su vida al presidente, pero ahora est\u00e1 envuelto en una presunta tradici\u00f3n a Nicol\u00e1s Maduro.<\/p>\n\n\n\n<p>Los sucesos del 3 de enero de 2026 lo dejaron expuesto, ahora se\u00f1alado como el arquitecto de una tradici\u00f3n que permiti\u00f3 la captura del presidente por el imperialismo el pasado 3 de enero, con un saldo de cerca de  de 100 militares muertos, 32 de ellos cubanos  que formaban parte del anillo de protecci\u00f3n de presidente y de mujeres civiles. <\/p>\n\n\n\n<p>La situaci\u00f3n de Marcano Tabata fue apenas informada a trav\u00e9s de un parte burocr\u00e1tico, pero los rumores apuntan a una situaci\u00f3n m\u00e1s delicada del general. Se le responsabiliza de haber desactivado los protocolos de defensa a\u00e9rea de Venezuela se basan en un sistema multicapa de origen ruso y chino, con radares, misiles de largo (S-300VM), medio (Buk-M2), y corto alcance (Igla-S, Mistral, Pechora), complementados por cazas Su-30MK2, drones de vigilancia y guerra electr\u00f3nica, operando bajo la Ley de Control para la Defensa Integral del Espacio A\u00e9reo para interceptar y neutralizar amenazas los protocolos de defensa  en el fuerte TIUNA durante la madrugada del s\u00e1bado y haber facilitado la ruta de extracci\u00f3n, se habla entonces que Marcano Tabata no s\u00f3lo fall\u00f3 en su deber, sino qu\u00e9 presuntamente vendi\u00f3 la soberan\u00eda al mejor postor.<\/p>\n\n\n\n<figure class=\"wp-block-image size-full\"><img fetchpriority=\"high\" decoding=\"async\" width=\"440\" height=\"248\" src=\"https:\/\/xn--tuvozdiasporaespaola-k7b.com\/wp-content\/uploads\/2026\/01\/1000649925.webp\" alt=\"\" class=\"wp-image-11947\" srcset=\"https:\/\/xn--tuvozdiasporaespaola-k7b.com\/wp-content\/uploads\/2026\/01\/1000649925.webp 440w, https:\/\/xn--tuvozdiasporaespaola-k7b.com\/wp-content\/uploads\/2026\/01\/1000649925-300x169.webp 300w\" sizes=\"(max-width: 440px) 100vw, 440px\" \/><figcaption class=\"wp-element-caption\">Marcano Tabata<\/figcaption><\/figure>\n\n\n\n<p>Seg\u00fan de New York Times, la CIA ten\u00eda un topo dentro del gobierno que permiti\u00f3 rastrear el movimiento de Maduro y ese topo podr\u00eda apuntar a Javier Marcano Tabata. La destituci\u00f3n plantea preguntas que recorren pasillos militares y diplom\u00e1ticos. \u00bfSe trata s\u00f3lo de un reordenamiento institucional o tambi\u00e9n de un movimiento para desenmascarar traidores y enterrar acusaciones de traici\u00f3n dentro del propio gobierno asociadas a la ca\u00edda de Nicol\u00e1s Maduro?.<\/p>\n\n\n\n<p>\u201cEl gobierno de Venezuela rige en nuestro pa\u00eds\u201d, dijo la presidente Delcy Rodr\u00edguez, \u201cno hay agente externo que gobierna Venezuela, Venezuela, es su gobierno constitucional, en lo personal, quienes me amenacen, lo digo. Mi destino no lo decide, sino Dios\u201d. <\/p>\n\n\n\n<p>\u00bfHasta d\u00f3nde se consolidar\u00e1 el poder civil sobre los mandos militares en Venezuela o viceversa?. En cualquier lugar del mundo, cuando pasa una acci\u00f3n como la que sucedi\u00f3 en Venezuela, siempre hay un responsable que ser\u00eda el organizador dentro de las mismas fuerzas armadas. Esta vez quien fue sacado, fue un general que ten\u00eda al frente la seguridad de Nicol\u00e1s Maduro y su compa\u00f1era Cilia Flores. \u00bfHay una negociaci\u00f3n interna en el movimiento Chavista para que a Javier Marcano no se lo muestre como responsable? puede ser o no.<\/p>\n\n\n\n<p>Lo  que est\u00e1 claro  es  quien estaba al  cargo  de contrainteligencia militar, y que \u00e9l tuvo que haber sido part\u00edcipe con en vender a Maduro, porque no es normal que fallen las defensas a\u00e9reas tan  f\u00e1cilmente, abiertamente fallaron   sobre el helic\u00f3pteros, que iban bien bajos, \u00bfPasaron sobre los barcos y nadie son los alcanz\u00f3 a disparar?.<\/p>\n\n\n\n<p>Por su parte se cuestiona todos los d\u00edas  en distintos medios de comunicaci\u00f3n,  que el control no lo tiene completamente la presidenta DelcyRodr\u00edguez , \u00bfElla  no tiene el control de la inteligencia,? \u00bfYa no tiene  al mismo tiempo el control militar y tampoco tiene el control policial y mucho menos el control de los grupos armados Chavistas? \u00bfSolo el benepl\u00e1cito de Donald Trump que no es poco conforme est\u00e1  ahora la situaci\u00f3n?. Preguntas que cada cual tenga sus respuestas.<\/p>\n\n\n\n<p>Retomando la destituci\u00f3n del general Javier Marcano , al general se le atribuyen varias faltas consideradas graves, exponiendo vulnerabilidades del anillo de seguridad presidencial, debilitando zonas estrat\u00e9gicas que eran parte del esquema conjunto de protecci\u00f3n cubano. Fallos en la protecci\u00f3n del legislativo permitiendo el ingreso de grupos que generaron caos durante recientes incidentes en la Asamblea Nacional. Presuntas comunicaciones con actores externos supuestamente intercambiando informaci\u00f3n confidencial con agencias de inteligencia extranjera en los d\u00edas previos a la operaci\u00f3n militar que secuestr\u00f3 al presidente Maduro del poder.<\/p>\n\n\n\n<p>Javier Marcano  era considerado una de las figuras m\u00e1s cercanas de Nicol\u00e1s Maduro, adem\u00e1s diversas organizaciones de derechos humanos han implicado a Marcano en la cadena de mando relacionada con lugares donde se han detenido a personas por motivos pol\u00edticos, incluyendo centros que han sido objeto de denuncias de abusos sistem\u00e1ticos o torturas seg\u00fan una oposici\u00f3n con Corina Machado al frente ya muy desprestigiada y declarada por Trump como radicalizada equiparandola  con el grupo terrorista ISIS de Irak o Siria.<\/p>\n\n\n\n<p>Un terremoto pol\u00edtico al seno del gobierno y una necesidad imperiosa de la presidenta encargada de restruturar profundamente el \u00e1rea de seguridad que se mostr\u00f3 ineficaz a la hora de asumir sus responsabilidades. La cadena del rumor tambi\u00e9n habla de detenciones de oficiales de inteligencia y contrainteligencia que responder\u00edan  a Marcano.<\/p>\n\n\n\n<p>Ahora en entonces el nuevo comandante de la Guardia de Honor Presidencial es Gustavo Enrique Gonz\u00e1lez L\u00f3pez, uno de los militares m\u00e1s poderosos del chavismo. El pasado cinco de enero fue designado por la presidenta. Gonz\u00e1lez L\u00f3pez es considerado un aliado de confianza de Diosdado Cabello.<\/p>\n\n\n\n<figure class=\"wp-block-image size-full\"><img decoding=\"async\" width=\"992\" height=\"656\" src=\"https:\/\/xn--tuvozdiasporaespaola-k7b.com\/wp-content\/uploads\/2026\/01\/1000649927.webp\" alt=\"\" class=\"wp-image-11948\" srcset=\"https:\/\/xn--tuvozdiasporaespaola-k7b.com\/wp-content\/uploads\/2026\/01\/1000649927.webp 992w, https:\/\/xn--tuvozdiasporaespaola-k7b.com\/wp-content\/uploads\/2026\/01\/1000649927-300x198.webp 300w, https:\/\/xn--tuvozdiasporaespaola-k7b.com\/wp-content\/uploads\/2026\/01\/1000649927-768x508.webp 768w\" sizes=\"(max-width: 992px) 100vw, 992px\" \/><figcaption class=\"wp-element-caption\">Diosdado Cabello, el Exjefe del Sebin Enrique Gonz\u00e1lez L\u00f3pez, detr\u00e1s de \u00e9l a la derecha est\u00e1 Miguel Mu\u00f1oz. De gorra negra con letras rojas el Comisario Cruz Quintana alias \u00abEl Negro Miguel\u00bb<\/figcaption><\/figure>\n\n\n\n<p><\/p>\n\n\n\n<p>Su nombre est\u00e1 ligado al servicio bolivariano de inteligencia nacional SEBIN, organismo que dirigi\u00f3 en dos per\u00edodos de 2014 al 2018 y de 2019 al 2024.  Gonz\u00e1lez L\u00f3pez recibi\u00f3 sanciones de varios pa\u00edses por ese cargo que ostent\u00f3 y Canad\u00e1 lo sancion\u00f3 en septiembre de 2017 por la ruptura del orden constitucional tras la elecci\u00f3n de la Asamblea Constituyente. Suiza lo sancion\u00f3 en marzo de 2018 por presuntas violaciones graves de derechos humanos , denuncias auspiciadas por la oposici\u00f3n venezolana y las derechas europeas o EEUU y Canad\u00e1.<\/p>\n\n\n\n<p>Su reciente nombramiento como comandante de la guardia de honor presidencial, unidad encargada de la protecci\u00f3n directa del ejecutivo, confirma su rol como custodio del poder operador central del sistema de seguridad de Venezuela,  esta  decisi\u00f3n llega en un momento de tensiones internas denunciadas por los enemigos de la revoluci\u00f3n y reacomodos en la c\u00fapula militar y coloca en frente de la seguridad presidencial a un oficial con un historial marcado por  la lealtad al chavismo.<\/p>\n\n\n\n<p>La ca\u00edda de Javier Marcano se podr\u00eda entender  que el chavismo entra en una fase de purga de traidores , desconfianza y reacomodo . M\u00e1s que el final de un general poderoso es la evidencia de que el sistema que jur\u00f3 proteger a Maduro fall\u00f3 desde adentro. <\/p>\n\n\n\n<p>La gran inc\u00f3gnita ahora no es solo hasta donde llegar\u00e1 la purga, sino si el nuevo equilibrio entre el poder civil y los mando militares lograr\u00e1 sostener a una Venezuela que espera la libertad  de su Presidente  constitucional marcada por la vigilancia, las manifestaciones  del pueblo revolucionario en las calles con anhelo de Paz duradera y progreso del nivel de vida y una c\u00fapula gobernante que tiene que remar con una situaci\u00f3n  complicada desde el antimperialismo y la necesidad de di\u00e1logo con EEUU  para conseguir  que la revoluci\u00f3n contin\u00fae  desde la trinchera de la resistencia, cambiando el grito de \u201cPatria o Muerte, VENCEREMOS \u201c , por \u201c Patria y Di\u00e1logo  Resistencia y Paz\u201d  terminando con \u201cMaduro vive, la lucha sigue\u201d.<\/p>\n\n\n\n<p>Venezuela camino a la victoria con estrategias diferentes y objetivos claros,  mantener la Revoluci\u00f3n y recuperar la econom\u00eda con un 60% de la producci\u00f3n de Petr\u00f3leo que hoy no se extrae y sobre todo que desaparezca la sanciones y el bloqueo  para definir el futuro de progreso con una oposici\u00f3n marginada y excluida por la sociedad  Venezolana y el propio Imperio Yanqui, solo una Europa p\u00e9rdida y algunos t\u00edteres americanos como Milei, Rodrigo Paz o Novoa, no se enteraron de la pel\u00edcula.<\/p>\n\n\n\n<p><\/p>\n","protected":false},"excerpt":{"rendered":"<p>Por Adriana F. G\u00f3mez, Redacci\u00f3n de Revista TU VOZ, Uruguay. Delcy Rodr\u00edguez, la nueva presidenta encargada de Venezuela lleg\u00f3 y destituy\u00f3 ordenando la captura &#8230; <\/p>\n<p class=\"read-more-container\"><a title=\"Javier Marcano, el escolta que lo sab\u00eda todo de Maduro \u00bf Traici\u00f3n?\" class=\"read-more button\" href=\"https:\/\/xn--tuvozdiasporaespaola-k7b.com\/page\/2\/javier-marcano-el-escolta-que-lo-sabia-todo-de-maduro-traicion\/#more-11940\" aria-label=\"M\u00e1s en Javier Marcano, el escolta que lo sab\u00eda todo de Maduro \u00bf Traici\u00f3n?\">Leer m\u00e1s<\/a><\/p>\n","protected":false},"author":222560522,"featured_media":11949,"comment_status":"closed","ping_status":"open","sticky":false,"template":"","format":"standard","meta":{"footnotes":""},"categories":[121886],"tags":[],"class_list":["post-11940","post","type-post","status-publish","format-standard","has-post-thumbnail","hentry","category-venezuela","resize-featured-image"],"_links":{"self":[{"href":"https:\/\/xn--tuvozdiasporaespaola-k7b.com\/page\/2\/wp-json\/wp\/v2\/posts\/11940","targetHints":{"allow":["GET"]}}],"collection":[{"href":"https:\/\/xn--tuvozdiasporaespaola-k7b.com\/page\/2\/wp-json\/wp\/v2\/posts"}],"about":[{"href":"https:\/\/xn--tuvozdiasporaespaola-k7b.com\/page\/2\/wp-json\/wp\/v2\/types\/post"}],"author":[{"embeddable":true,"href":"https:\/\/xn--tuvozdiasporaespaola-k7b.com\/page\/2\/wp-json\/wp\/v2\/users\/222560522"}],"replies":[{"embeddable":true,"href":"https:\/\/xn--tuvozdiasporaespaola-k7b.com\/page\/2\/wp-json\/wp\/v2\/comments?post=11940"}],"version-history":[{"count":2,"href":"https:\/\/xn--tuvozdiasporaespaola-k7b.com\/page\/2\/wp-json\/wp\/v2\/posts\/11940\/revisions"}],"predecessor-version":[{"id":11950,"href":"https:\/\/xn--tuvozdiasporaespaola-k7b.com\/page\/2\/wp-json\/wp\/v2\/posts\/11940\/revisions\/11950"}],"wp:featuredmedia":[{"embeddable":true,"href":"https:\/\/xn--tuvozdiasporaespaola-k7b.com\/page\/2\/wp-json\/wp\/v2\/media\/11949"}],"wp:attachment":[{"href":"https:\/\/xn--tuvozdiasporaespaola-k7b.com\/page\/2\/wp-json\/wp\/v2\/media?parent=11940"}],"wp:term":[{"taxonomy":"category","embeddable":true,"href":"https:\/\/xn--tuvozdiasporaespaola-k7b.com\/page\/2\/wp-json\/wp\/v2\/categories?post=11940"},{"taxonomy":"post_tag","embeddable":true,"href":"https:\/\/xn--tuvozdiasporaespaola-k7b.com\/page\/2\/wp-json\/wp\/v2\/tags?post=11940"}],"curies":[{"name":"wp","href":"https:\/\/api.w.org\/{rel}","templated":true}]}}