{"id":11930,"date":"2026-01-16T20:18:37","date_gmt":"2026-01-16T23:18:37","guid":{"rendered":"https:\/\/xn--tuvozdiasporaespaola-k7b.com\/page\/2\/?p=11930"},"modified":"2026-01-16T20:18:38","modified_gmt":"2026-01-16T23:18:38","slug":"en-eeuu-el-ice-dispara-a-un-venezolano-esto-significa-el-final-del-relato-trump","status":"publish","type":"post","link":"https:\/\/xn--tuvozdiasporaespaola-k7b.com\/page\/2\/en-eeuu-el-ice-dispara-a-un-venezolano-esto-significa-el-final-del-relato-trump\/","title":{"rendered":"En EEUU el  ICE dispara a un venezolano \u00bfesto Significa el final del relato  TRUMP?"},"content":{"rendered":"\n<p>Rosa Dominguez,  Redacci\u00f3n Mexico <\/p>\n\n\n\n<p>Un agente del ICE,  (la gestapo de Trump, contra la inmigraci\u00f3n de Estados Unidos), dispar\u00f3 a un hombre de nacionalidad Venezolana ( curioso a seg\u00fan Tump \u00e9l es  su presidente e intenta asesinarlos)  hiriendolo en la  pierna, mientras las protestas en Minnesota  se intensifican nuevamente, todav\u00eda m\u00e1s fuertes.<\/p>\n\n\n\n<p>El departamento de seguridad vuelve a alegar la misma ret\u00f3rica racista y de fobia a las personas latinas, diciendo que una persona que entr\u00f3 ilegalmente en Estados Unidos desde Venezuela en 2022 ha intentado evadir el arresto y entonces le han disparado directamente en la pierna concretamente un agente federal de las fuerzas del orden en Minneapolis (seg\u00fan el departamento de seguridad nacional).<\/p>\n\n\n\n<p>Mientras , las tensiones entre manifestantes y agentes de inmigraci\u00f3n siguen aumentando en toda la ciudad tras el tiroteo fatal para Ren\u00e9 Butte, de 37 a\u00f1os la semana pasada. En un comunicado de la casa Blanca continua tambi\u00e9n repitiendo (como en todas las ocasiones) marcando el relato \u201cque el tiroteo,  ha involucrado a una persona venezolana que lleg\u00f3 a Estados Unidos en 2022, de una manera ilegal al pa\u00eds y la persona intent\u00f3 evadir la detenci\u00f3n, alej\u00e1ndose de los agentes federales con su veh\u00edculo, estrell\u00e1ndose contra un coche aparcado y luego huyendo a pie , cuando el agente alcanz\u00f3 a la persona, otras dos personas comenzaron a atacar con una pala de nieve y un mango de escoba, la persona que hu\u00eda entonces comenz\u00f3 a golpear al agente con una pala y entonces\u201d continuando con el gui\u00f3n \u201ctanto el agente como la persona herida por un disparo en una pierna  estaban siendo atendidos en el hospital\u201d.<\/p>\n\n\n\n<p>En un comunicado  las autoridades  de la ciudad de Minneapolis dijeron \u201cque fue un agente  de inmigraci\u00f3n y control de aduanas ( ICE ) quien dispar\u00f3 al hombre e inst\u00f3 a la agencia a  abandonar (una vez m\u00e1s ). Toda esta nueva situaci\u00f3n  de represi\u00f3n y gatillo f\u00e1cil llevo a la ciudad y el estado  junto a toda de prensa a estar pendientes   de los hechos porque el clima de tensi\u00f3n es extremo y de mucha frustraci\u00f3n <\/p>\n\n\n\n<p>Por su parte el  Alcalde de Minneapolis, Jacob Frey, (dem\u00f3crata por cierto), dice que \u201cla actitud del ICE es repugnante e intolerable, mientras insta  a las personas residentes a que no caigan en el anzuelo y les pide que se vayan a sus  casas\u201d, mientras los  Congresistas de EEUU proponen desde el desfinanciamiento de ICE hasta un juicio contra Kristi Noem tras varios  hechos  y aeesinatos en Minneapolis, recordemos que el ICE hasta la fecha asesino a 32 personas a sangre fria , triste balance.<\/p>\n\n\n\n<p>Siendo la  muerte de una ciudadana estadounidense a manos de un agente del Servicio de Inmigraci\u00f3n y Control de Aduanas (ICE)  la que ha desatado una nueva crisis en la pol\u00edtica estadounidense, incluso en el Congreso, donde los dem\u00f3cratas debaten c\u00f3mo proceder.<\/p>\n\n\n\n<p>El incidente, captado en video y r\u00e1pidamente hecho viral, se ha convertido en una muestra de resistencia a la estrategia de control migratorio llevada adelante por la Administraci\u00f3n republicana, as\u00ed como en la causa del momento para la oposici\u00f3n, que ha caracterizado al episodio como resultado del extremismo en las pol\u00edticas de seguridad de la Casa Blanca.<\/p>\n\n\n\n<p>La respuesta de parte de la bancada dem\u00f3crata incluye desde impulsar cambios en los protocolos de redadas, hasta pedir por la desfinanciaci\u00f3n de ICE.  Otros legisladores han exigido poner en marcha un juicio pol\u00edtico contra la secretar\u00eda de Seguridad Nacional, Kristi Noem, cuyo departamento supervisa a la agencia antiinmigraci\u00f3n.<\/p>\n\n\n\n<figure class=\"wp-block-image size-full\"><img fetchpriority=\"high\" decoding=\"async\" width=\"480\" height=\"270\" src=\"https:\/\/xn--tuvozdiasporaespaola-k7b.com\/wp-content\/uploads\/2026\/01\/1000649155.jpg\" alt=\"\" class=\"wp-image-11931\" srcset=\"https:\/\/xn--tuvozdiasporaespaola-k7b.com\/wp-content\/uploads\/2026\/01\/1000649155.jpg 480w, https:\/\/xn--tuvozdiasporaespaola-k7b.com\/wp-content\/uploads\/2026\/01\/1000649155-300x169.jpg 300w\" sizes=\"(max-width: 480px) 100vw, 480px\" \/><figcaption class=\"wp-element-caption\">Agente de ICE dispara gas pimienta contra un manifestante frente al Edificio Federal Bishop Whipple, el lunes 12 de enero de 2026, en Minneapolis. Cr\u00e9dito: Jen Golbeck | AP<\/figcaption><\/figure>\n\n\n\n<p>Pese a lo anterior, los republicanos tienen mayor\u00eda en ambas c\u00e1maras, por lo cual se estima que los proyectos no prosperen, por otro lado cada vez m\u00e1s insensible EEUU est\u00e1 dejando de financiar proyectos o participar en organismos sociales o de la ONU  \u00abno le est\u00e1 dando la espalda al mundo\u00bb afirma Marcos  Rubio en  medios (todo lo contrario  de la realidad).<\/p>\n\n\n\n<p>Argumentando que el presidente de Estados Unidos, Donald Trump, firm\u00f3 recientemente un memorando para retirar a su pa\u00eds de 66 organizaciones internacionales. La medida implica que Washington dejar\u00e1 de financiar estas entidades, 31 de las cuales forman parte de la ONU. <\/p>\n\n\n\n<p>\u00abEsto no significa que EEUU le est\u00e9 dando la espalda al mundo. Simplemente estamos rechazando un modelo de multilateralismo obsoleto, que considera al contribuyente estadounidense como el garante financiero del mundo para una extensa arquitectura de gobernanza global\u00bb, public\u00f3 el secretario de Estado estadounidense, Marco Rubio, en la plataforma Substack. Tambi\u00e9n prometi\u00f3 una revisi\u00f3n m\u00e1s exhaustiva de la participaci\u00f3n de EEUU en organizaciones internacionales, pero no especific\u00f3 cu\u00e1les.<\/p>\n\n\n\n<p>En su voracidad imperialista  Trump ordena desarrollar un plan para invadir Groenlandia, pero enfrenta resistencia, seg\u00fan medios de comunicaci\u00f3n de su entorno y donde las encuestas dan que un 75% de la ciudadan\u00eda  de Estados Unidos  rechaza estos ataques.<\/p>\n\n\n\n<p>Ya tiempo atr\u00e1s el  presidente solicit\u00f3 al Comando Conjunto de Operaciones Especiales (JSOC) que prepare el plan de invasi\u00f3n, pero el Estado Mayor Conjunto se resiste a este, argumentando que ser\u00eda ilegal y que no contar\u00eda con el apoyo del Congreso, informa el peri\u00f3dico Daily Mail.  <\/p>\n\n\n\n<p>Subraya  este mismo medio , que los miembros de la l\u00ednea dura que rodean al presidente estadounidense \u00abest\u00e1n tan alentados por el \u00e9xito\u00bb de la operaci\u00f3n para secuestrar al mandatario venezolano, Nicol\u00e1s Maduro, que \u00abquieren apoderarse r\u00e1pidamente de la isla\u00bb.<\/p>\n\n\n\n<p>Recordemos que una  invasi\u00f3n de EEUU en Groenlandia  supondr\u00eda \u00abel fin de la OTAN \u00bb seg\u00fan expusieron en distintas ruedas de prensa y   proyecta el ministro de Exteriores dan\u00e9s.\u201cSi EEUU invade Groenlandia, esto acabar\u00eda con la OTAN\u201d, advirti\u00f3 Lars Lokke Rasmussen (tras la reuni\u00f3n en la Casa Blanca con Trump), y expres\u00f3 su esperanza de que eso no ocurra.<\/p>\n\n\n\n<p>Europa por su parte  tambi\u00e9n se prepara para la guerra y los primeros soldados europeos ya habr\u00edan llegado a Groenlandia, seg\u00fan medios de comunicaci\u00f3n de Europa. Esto ocurre en un contexto de presi\u00f3n cada vez mayor por parte de Washington, que manifest\u00f3 su deseo de apoderarse de la isla, y de declaraciones por parte de algunos l\u00edderes europeos sobre su disposici\u00f3n a defender Groenlandia.<\/p>\n\n\n\n<p>De acuerdo con los medios alemanes, dos aviones de transporte militar H\u00e9rcules del Ej\u00e9rcito dan\u00e9s aterrizaron anoche en el aeropuerto de Nuuk, capital de Groenlandia. A bordo llevaban no solo militares daneses, sino tambi\u00e9n representantes de las FFAA de Francia, un hecho que ha sido confirmado por Emmanuel Macron.<\/p>\n\n\n\n<p>\u00abA petici\u00f3n de Dinamarca, decid\u00ed que Francia participar\u00e1 en los ejercicios conjuntos organizados por Dinamarca en Groenlandia\u00bb, escribi\u00f3 al respecto Emmanuel Macron en la red X.<\/p>\n\n\n\n<p>Mientras tanto,  se espera tambi\u00e9n la llegada de m\u00e1s  soldados aparte de  las  primeras unidades de exploradores alemanas, adem\u00e1s, hay informes de que soldados holandeses, canadienses, suecos, brit\u00e1nicos y noruegos tambi\u00e9n se dirigen a Groenlandia.<\/p>\n\n\n\n<figure class=\"wp-block-image size-large\"><img decoding=\"async\" width=\"1024\" height=\"830\" src=\"https:\/\/xn--tuvozdiasporaespaola-k7b.com\/wp-content\/uploads\/2026\/01\/1000649156-1024x830.jpg\" alt=\"\" class=\"wp-image-11932\" srcset=\"https:\/\/xn--tuvozdiasporaespaola-k7b.com\/wp-content\/uploads\/2026\/01\/1000649156-1024x830.jpg 1024w, https:\/\/xn--tuvozdiasporaespaola-k7b.com\/wp-content\/uploads\/2026\/01\/1000649156-300x243.jpg 300w, https:\/\/xn--tuvozdiasporaespaola-k7b.com\/wp-content\/uploads\/2026\/01\/1000649156-768x623.jpg 768w, https:\/\/xn--tuvozdiasporaespaola-k7b.com\/wp-content\/uploads\/2026\/01\/1000649156-1536x1246.jpg 1536w, https:\/\/xn--tuvozdiasporaespaola-k7b.com\/wp-content\/uploads\/2026\/01\/1000649156-2048x1661.jpg 2048w\" sizes=\"(max-width: 1024px) 100vw, 1024px\" \/><\/figure>\n\n\n\n<p>Por su parte, los medios franceses precisan lo siguiente con respecto a sus militares en la isla: \u201cLos primeros efectivos pertenecientes a las tropas de monta\u00f1a ya se encuentran en el lugar y  se encargar\u00eda de recopilar informaci\u00f3n de inteligencia, y pronto se les unir\u00e1n otros\u201d.<\/p>\n\n\n\n<p>Oficialmente se trata de maniobras militares habituales, pero no se ha determinado la duraci\u00f3n de su estancia, la participaci\u00f3n francesa es una se\u00f1al para Washington, ya que Par\u00eds subraya su solidaridad con Dinamarca.<\/p>\n\n\n\n<p>Lo que es evidente es que las acciones de Trump estar relacionadas con intentos de distraer a los votantes estadounidenses de los problemas econ\u00f3micos del pa\u00eds y de enmascarar  que hay  un ped\u00f3filo en la casa Blanca  y con estos globos sonda  mantener su poder y desviar su desastre en lo pol\u00edtico , social y econ\u00f3mico.<\/p>\n\n\n\n<p><\/p>\n","protected":false},"excerpt":{"rendered":"<p>Rosa Dominguez, Redacci\u00f3n Mexico Un agente del ICE, (la gestapo de Trump, contra la inmigraci\u00f3n de Estados Unidos), dispar\u00f3 a un hombre de nacionalidad &#8230; <\/p>\n<p class=\"read-more-container\"><a title=\"En EEUU el  ICE dispara a un venezolano \u00bfesto Significa el final del relato  TRUMP?\" class=\"read-more button\" href=\"https:\/\/xn--tuvozdiasporaespaola-k7b.com\/page\/2\/en-eeuu-el-ice-dispara-a-un-venezolano-esto-significa-el-final-del-relato-trump\/#more-11930\" aria-label=\"M\u00e1s en En EEUU el  ICE dispara a un venezolano \u00bfesto Significa el final del relato  TRUMP?\">Leer m\u00e1s<\/a><\/p>\n","protected":false},"author":222560522,"featured_media":11933,"comment_status":"closed","ping_status":"open","sticky":false,"template":"","format":"standard","meta":{"footnotes":""},"categories":[121900],"tags":[],"class_list":["post-11930","post","type-post","status-publish","format-standard","has-post-thumbnail","hentry","category-eeuu","resize-featured-image"],"_links":{"self":[{"href":"https:\/\/xn--tuvozdiasporaespaola-k7b.com\/page\/2\/wp-json\/wp\/v2\/posts\/11930","targetHints":{"allow":["GET"]}}],"collection":[{"href":"https:\/\/xn--tuvozdiasporaespaola-k7b.com\/page\/2\/wp-json\/wp\/v2\/posts"}],"about":[{"href":"https:\/\/xn--tuvozdiasporaespaola-k7b.com\/page\/2\/wp-json\/wp\/v2\/types\/post"}],"author":[{"embeddable":true,"href":"https:\/\/xn--tuvozdiasporaespaola-k7b.com\/page\/2\/wp-json\/wp\/v2\/users\/222560522"}],"replies":[{"embeddable":true,"href":"https:\/\/xn--tuvozdiasporaespaola-k7b.com\/page\/2\/wp-json\/wp\/v2\/comments?post=11930"}],"version-history":[{"count":1,"href":"https:\/\/xn--tuvozdiasporaespaola-k7b.com\/page\/2\/wp-json\/wp\/v2\/posts\/11930\/revisions"}],"predecessor-version":[{"id":11934,"href":"https:\/\/xn--tuvozdiasporaespaola-k7b.com\/page\/2\/wp-json\/wp\/v2\/posts\/11930\/revisions\/11934"}],"wp:featuredmedia":[{"embeddable":true,"href":"https:\/\/xn--tuvozdiasporaespaola-k7b.com\/page\/2\/wp-json\/wp\/v2\/media\/11933"}],"wp:attachment":[{"href":"https:\/\/xn--tuvozdiasporaespaola-k7b.com\/page\/2\/wp-json\/wp\/v2\/media?parent=11930"}],"wp:term":[{"taxonomy":"category","embeddable":true,"href":"https:\/\/xn--tuvozdiasporaespaola-k7b.com\/page\/2\/wp-json\/wp\/v2\/categories?post=11930"},{"taxonomy":"post_tag","embeddable":true,"href":"https:\/\/xn--tuvozdiasporaespaola-k7b.com\/page\/2\/wp-json\/wp\/v2\/tags?post=11930"}],"curies":[{"name":"wp","href":"https:\/\/api.w.org\/{rel}","templated":true}]}}