{"id":1187,"date":"2023-02-13T00:02:34","date_gmt":"2023-02-13T03:02:34","guid":{"rendered":"https:\/\/xn--tuvozdiasporaespaola-k7b.com\/2023\/02\/13\/la-nueva-ley-de-memoria-democratica-nos-ha-puesto-en-jaque-un-buen-jaque\/"},"modified":"2023-02-13T10:26:41","modified_gmt":"2023-02-13T13:26:41","slug":"la-nueva-ley-de-memoria-democratica-nos-ha-puesto-en-jaque-un-buen-jaque","status":"publish","type":"post","link":"https:\/\/xn--tuvozdiasporaespaola-k7b.com\/page\/2\/la-nueva-ley-de-memoria-democratica-nos-ha-puesto-en-jaque-un-buen-jaque\/","title":{"rendered":"\u201cLA NUEVA LEY DE MEMORIA DEMOCR\u00c1TICA NOS HA PUESTO EN JAQUE, UN BUEN JAQUE\u201d"},"content":{"rendered":"\n<p>ENTREVISTA A GUSTAVO YEPES.<\/p>\n\n\n\n<p>El representante del Consejo General de la Ciudadan\u00eda de Espa\u00f1oles en el Exterior, Gustavo Yepes, dialog\u00f3 con Francisco L\u00f3pez en el espacio Tiempo del CREE, bloque dedicado a la ciudadan\u00eda espa\u00f1ola en el exterior, del programa radiof\u00f3nico \u201cCenizas de Babilonia-Di\u00e1spora Espa\u00f1ola\u201d que emite AM570, Radio Argentina.<\/p>\n\n\n\n<figure class=\"wp-block-image size-large\"><img fetchpriority=\"high\" decoding=\"async\" width=\"1080\" height=\"707\" src=\"http:\/\/xn--tuvozdiasporaespaola-k7b.com\/wp-content\/uploads\/2023\/02\/screenshot_20230213_000147_gallery1456311543371340395.jpg?w=1024\" alt=\"\" class=\"wp-image-1186\" srcset=\"https:\/\/xn--tuvozdiasporaespaola-k7b.com\/wp-content\/uploads\/2023\/02\/screenshot_20230213_000147_gallery1456311543371340395.jpg 1080w, https:\/\/xn--tuvozdiasporaespaola-k7b.com\/wp-content\/uploads\/2023\/02\/screenshot_20230213_000147_gallery1456311543371340395-300x196.jpg 300w, https:\/\/xn--tuvozdiasporaespaola-k7b.com\/wp-content\/uploads\/2023\/02\/screenshot_20230213_000147_gallery1456311543371340395-1024x670.jpg 1024w, https:\/\/xn--tuvozdiasporaespaola-k7b.com\/wp-content\/uploads\/2023\/02\/screenshot_20230213_000147_gallery1456311543371340395-768x503.jpg 768w\" sizes=\"(max-width: 1080px) 100vw, 1080px\" \/><figcaption class=\"wp-element-caption\">Gustavo Yepes <\/figcaption><\/figure>\n\n\n\n<p>Entre otros temas referidos a las propuestas de trabajo que se vienen realizando desde los CREE, Yepes sostuvo que \u201c<em><strong>la nueva Ley de Memoria Democr\u00e1tica nos ha puesto a todos en jaque, un buen jaque porque nos compromete en la tarea que hemos tomado, que es trabajar para nuestros espa\u00f1oles, para toda la ciudadan\u00eda y para los futuros espa\u00f1oles que son estas personas que est\u00e1n buscando la posibilidad de tener su nacionalidad\u201d.<\/strong><\/em><\/p>\n\n\n\n<p><strong>\u00bfQu\u00e9 temas vais a tratar durante la reuni\u00f3n de esta semana en el Consejo?<\/strong><\/p>\n\n\n\n<p>Por primera vez se va a hacer el primer pleno telem\u00e1tico. Ha sido una modalidad muy particular, porque el pleno ha comenzado el 1 de febrero con las propuestas a la consideraci\u00f3n de todos los consejeros, para que tuviesen todos seis d\u00edas para analizar cada propuesta que se ha presentado en cada una de las comisiones, y que cada uno pudiese hacer los comentarios o las enmiendas que considerase prudente. Hoy es el d\u00eda intermedio donde hemos pasado en informe de todas esas recomendaciones que han sido muy pocas, pero ha habido algunas para ponerlas a consideraci\u00f3n de todos los consejeros, porque a partir de ma\u00f1ana y pasado son las votaciones de si las propuestas que se han incluido para este pleno van a quedar directamente aprobadas para ser presentadas ante los distintos ministerios o las distintas instituciones que correspondan, seg\u00fan cual sea el destino de cada una de las propuestas o no. Calculamos que vamos a tener bastante positividad.<\/p>\n\n\n\n<figure class=\"wp-block-image size-large\"><img decoding=\"async\" width=\"1200\" height=\"450\" src=\"http:\/\/xn--tuvozdiasporaespaola-k7b.com\/wp-content\/uploads\/2023\/02\/2206-consejo-espac3b1oles-exterior4533856594440769922..jpg?w=1024\" alt=\"\" class=\"wp-image-1184\" srcset=\"https:\/\/xn--tuvozdiasporaespaola-k7b.com\/wp-content\/uploads\/2023\/02\/2206-consejo-espac3b1oles-exterior4533856594440769922..jpg 1200w, https:\/\/xn--tuvozdiasporaespaola-k7b.com\/wp-content\/uploads\/2023\/02\/2206-consejo-espac3b1oles-exterior4533856594440769922.-300x113.jpg 300w, https:\/\/xn--tuvozdiasporaespaola-k7b.com\/wp-content\/uploads\/2023\/02\/2206-consejo-espac3b1oles-exterior4533856594440769922.-1024x384.jpg 1024w, https:\/\/xn--tuvozdiasporaespaola-k7b.com\/wp-content\/uploads\/2023\/02\/2206-consejo-espac3b1oles-exterior4533856594440769922.-768x288.jpg 768w\" sizes=\"(max-width: 1200px) 100vw, 1200px\" \/><\/figure>\n\n\n\n<p><strong>\u00bfCu\u00e1les son las propuestas que se han llevado desde Argentina?<\/strong><\/p>\n\n\n\n<p>En lo que se est\u00e1 trabajando en este pleno es en todas las propuestas que quedaron pendientes en el s\u00e9ptimo mandato que qued\u00f3 trunco durante dos a\u00f1os. Entonces hab\u00edan entrado un grupo de propuestas interesantes en las cuales tambi\u00e9n est\u00e1n incluidas propuestas de Argentina y otras que incluyen y benefician no solamente a Argentina si no a distintas partes del mundo. Entonces hemos analizado y hemos querido poner en pr\u00e1ctica para que todo ese trabajo que hicieron todos los consejeros anteriores no quedara en la nada, sino que lo trajimos a la actualidad. Algunas de estas propuestas de desestimaron porque quedaron fuera de tiempo, pero otras se tomaron y se han reactualizado, y creemos que van a salir una buena cantidad de propuestas interesantes para la relaci\u00f3n de la gente y para pelear delante de los ministerios. Por ejemplo, desde educaci\u00f3n vamos a trabajar lo que tiene que ver con las aulas ALCE, que son las aulas que necesitan muchos espa\u00f1oles que est\u00e1n en el exterior, en los pa\u00edses de habla no hisp\u00e1nica, y que necesitan mantener las tradiciones, la cultura y el vocablo espa\u00f1ol para los hijos de esos emigrantes que muchas veces no tienen la oportunidad de tener un aula en castellano para mantener la lengua espa\u00f1ola. Vamos a llevar adelante tambi\u00e9n que se intente hacer que el Instituto Cervantes pueda reivindicar todo lo que se hace en estas aulas y que pueda certificar la categor\u00eda de C1 a todos los alumnos de estas aulas, ya que eso les da la calidad de tener un muy buen espa\u00f1ol para poder buscar un trabajo cuando regresan a Espa\u00f1a. Otra de las propuestas que s\u00ed pueden influir en Argentina es que vamos a intentar que haya un criterio mucho m\u00e1s generalista con el ingreso a las universidades de los hijos y de los descendientes espa\u00f1oles que estamos en el extranjero, que ante un examen de ingreso a las universidades, siempre est\u00e1bamos un pasito por detr\u00e1s y no queremos mantener esa desigualdad, sino que queremos equiparar a este espa\u00f1ol que por cualquier causa ha salido de Espa\u00f1a y quiere regresar, para que sus hijos o sus nietos puedan tener las mismas condiciones que cualquier estudiante espa\u00f1ol. Tambi\u00e9n hemos trabajado en conjunto con la Comisi\u00f3n de Mujeres y J\u00f3venes porque en las aulas de educaci\u00f3n a distancia hemos encontrado que falta todav\u00eda un manejo y una modernizaci\u00f3n de todo lo que es el material de estudio para darles una mayor inclusi\u00f3n.<\/p>\n\n\n\n<p><strong>\u00bfLos CREE de la Argentina han hecho aportes para mejorar la vida de sus respectivos consulados?<\/strong><\/p>\n\n\n\n<p>Justamente con esto de la nueva Ley de Memoria Democr\u00e1tica que nos ha puesto a todos en jaque, un buen jaque porque nos compromete en la tarea que hemos tomado, que es trabajar para nuestros espa\u00f1oles, para toda la ciudadan\u00eda y para los futuros espa\u00f1oles que son estas personas que est\u00e1n buscando la posibilidad de tener su nacionalidad. Se est\u00e1 haciendo much\u00edsimo reclamo a nivel de los ministerios, sobre todo en el Ministerio del Exterior para que se dote de personal a los consulados para que realmente la gente pueda tener la oportunidad que se merece. Hay mucha gente interesada, pero la cantidad de gente que tienen los consulados es limitada. Se est\u00e1 dando un efecto embudo porque no se midi\u00f3 en un primer momento cu\u00e1l iba a ser el efecto, sobre todo en pa\u00edses latinoamericanos como Argentina, M\u00e9xico, Venezuela, Cuba, Chile, Uruguay, en donde la cantidad de solicitudes ha desbordado totalmente a los consulados. Estamos aportando mucho trabajo y apoyo a la gente para que consiga sus papeles. Por ejemplo, desde el CREE de C\u00f3rdoba todos los mi\u00e9rcoles, de 10 a 12.30, en los salones de Casa de Espa\u00f1a, tenemos charlas informativas de las cuales normalmente tenemos entre doscientas y trescientas personas y no podemos poner m\u00e1s porque el sal\u00f3n no tiene m\u00e1s capacidad. No somos s\u00f3lo la gente del CREE, sino tambi\u00e9n gente que acompa\u00f1a. Y estamos difundiendo y ayudando a la gente a conseguir sus papeles, c\u00f3mo armar sus carpetas, c\u00f3mo presentar la documentaci\u00f3n. Mientras yo voy dando la charla, se va ayudando a la gente a llenar sus formularios y a ense\u00f1ar el orden en que tienen que presentar la documentaci\u00f3n. La gente est\u00e1 desesperada por hacer los tr\u00e1mites, pero debe tener en cuenta que lo m\u00e1s importante hoy no es tener la nacionalidad, sino que sus papeles puedan ingresar al consulado para que luego puedan tener la tramitaci\u00f3n correspondiente. La confrontaci\u00f3n nuestra, de los CREE con los consulados, tampoco nos va a llevar a ning\u00fan buen puerto, porque lo que tenemos que lograr es tener un di\u00e1logo mancomunado, de transici\u00f3n entre lo bueno y lo malo; un di\u00e1logo para lograr que se entienda qu\u00e9 es una urgencia. Es cierto que hay que ser muy subjetivo en este caso, pero es cuesti\u00f3n de plantearlo. Hemos logrado una buena simbiosis con la gente del consulado, incluido el canciller; hemos logrado tener esa empat\u00eda de trabajar para un mismo fin y hacia un mismo lado.\u00a0\u00a0<\/p>\n\n\n\n<figure class=\"wp-block-image size-large\"><img decoding=\"async\" width=\"250\" height=\"167\" src=\"http:\/\/xn--tuvozdiasporaespaola-k7b.com\/wp-content\/uploads\/2023\/02\/250px-sesic3b3n_solemne_en_el_congreso_de_los_diputados4490217177651560962..jpg?w=250\" alt=\"\" class=\"wp-image-1185\" \/><\/figure>\n\n\n\n<p>Transcripci\u00f3n efectuada por Walter Medina. Redacci\u00f3n Revista TU VOZ. Delegaci\u00f3n de Argentina.<\/p>\n","protected":false},"excerpt":{"rendered":"<p>ENTREVISTA A GUSTAVO YEPES. El representante del Consejo General de la Ciudadan\u00eda de Espa\u00f1oles en el Exterior, Gustavo Yepes, dialog\u00f3 con Francisco L\u00f3pez en &#8230; <\/p>\n<p class=\"read-more-container\"><a title=\"\u201cLA NUEVA LEY DE MEMORIA DEMOCR\u00c1TICA NOS HA PUESTO EN JAQUE, UN BUEN JAQUE\u201d\" class=\"read-more button\" href=\"https:\/\/xn--tuvozdiasporaespaola-k7b.com\/page\/2\/la-nueva-ley-de-memoria-democratica-nos-ha-puesto-en-jaque-un-buen-jaque\/#more-1187\" aria-label=\"M\u00e1s en \u201cLA NUEVA LEY DE MEMORIA DEMOCR\u00c1TICA NOS HA PUESTO EN JAQUE, UN BUEN JAQUE\u201d\">Leer m\u00e1s<\/a><\/p>\n","protected":false},"author":222560522,"featured_media":0,"comment_status":"open","ping_status":"open","sticky":false,"template":"","format":"standard","meta":{"footnotes":""},"categories":[1771],"tags":[],"class_list":["post-1187","post","type-post","status-publish","format-standard","hentry","category-sociales"],"_links":{"self":[{"href":"https:\/\/xn--tuvozdiasporaespaola-k7b.com\/page\/2\/wp-json\/wp\/v2\/posts\/1187","targetHints":{"allow":["GET"]}}],"collection":[{"href":"https:\/\/xn--tuvozdiasporaespaola-k7b.com\/page\/2\/wp-json\/wp\/v2\/posts"}],"about":[{"href":"https:\/\/xn--tuvozdiasporaespaola-k7b.com\/page\/2\/wp-json\/wp\/v2\/types\/post"}],"author":[{"embeddable":true,"href":"https:\/\/xn--tuvozdiasporaespaola-k7b.com\/page\/2\/wp-json\/wp\/v2\/users\/222560522"}],"replies":[{"embeddable":true,"href":"https:\/\/xn--tuvozdiasporaespaola-k7b.com\/page\/2\/wp-json\/wp\/v2\/comments?post=1187"}],"version-history":[{"count":0,"href":"https:\/\/xn--tuvozdiasporaespaola-k7b.com\/page\/2\/wp-json\/wp\/v2\/posts\/1187\/revisions"}],"wp:attachment":[{"href":"https:\/\/xn--tuvozdiasporaespaola-k7b.com\/page\/2\/wp-json\/wp\/v2\/media?parent=1187"}],"wp:term":[{"taxonomy":"category","embeddable":true,"href":"https:\/\/xn--tuvozdiasporaespaola-k7b.com\/page\/2\/wp-json\/wp\/v2\/categories?post=1187"},{"taxonomy":"post_tag","embeddable":true,"href":"https:\/\/xn--tuvozdiasporaespaola-k7b.com\/page\/2\/wp-json\/wp\/v2\/tags?post=1187"}],"curies":[{"name":"wp","href":"https:\/\/api.w.org\/{rel}","templated":true}]}}