{"id":1176,"date":"2023-02-11T14:12:32","date_gmt":"2023-02-11T17:12:32","guid":{"rendered":"https:\/\/xn--tuvozdiasporaespaola-k7b.com\/2023\/02\/11\/la-guerra-cognitiva\/"},"modified":"2023-02-11T17:58:05","modified_gmt":"2023-02-11T20:58:05","slug":"la-guerra-cognitiva","status":"publish","type":"post","link":"https:\/\/xn--tuvozdiasporaespaola-k7b.com\/page\/2\/la-guerra-cognitiva\/","title":{"rendered":"LA GUERRA COGNITIVA."},"content":{"rendered":"\n<p><strong>UCRANIA, EEUU<\/strong> <strong>y EUROPA<\/strong> <\/p>\n\n\n\n<p>Paul Watzlawick, psic\u00f3logo de origen austriaco de la Escuela de Palo Alto (California-EEUU) en las d\u00e9cadas setenta y ochenta del siglo XX, dentro de la literatura de estudios de la comunicaci\u00f3n humana, combinaba los \u00faltimos hallazgos de la psicolog\u00eda social, el comportamiento y la pragm\u00e1tica social, con an\u00e9cdotas hist\u00f3ricas y culturales, de la Segunda Guerra Mundial para analizar como los humanos realizan el proceso de abstracci\u00f3n de una noticia y la codificaci\u00f3n y decodificaci\u00f3n de los mensajes recibidos.<br>Teniendo en cuenta que la tecnolog\u00eda de los medios audiovisuales modernos crea un desfase en la capacidad de an\u00e1lisis consciente del ser humano, gran parte del mensaje se percibe directamente desde un plano inconsciente (el h\u00e1bito cotidiano de su contemplaci\u00f3n, modifica nuestros estados perceptivos y por tanto nuestra relaci\u00f3n con la realidad). McLuhan, Eco, estudiosos del fen\u00f3meno comunicativo lo calificaron como narc\u00f3tico o hipn\u00f3tico, genera respuestas de las que ni siquiera nos damos cuenta.<\/p>\n\n\n\n<p> Nos encontramos pues, ante una relaci\u00f3n de sumisi\u00f3n con los medios que nos absorben y dominan, imponi\u00e9ndonos una dictadura que exige la obediencia ante los par\u00e1metros creados por la realidad medi\u00e1tica teledirigida desde los centros manipuladores del poder.<br>Si analizamos la noticia sobre la autor\u00eda del sabotaje de los gasoductos Nord Stream 1 y 2 que denuncia el periodista norteamericano premio Pulitzer, Seymour Hersh y la repercusi\u00f3n y&nbsp; opacidad que tiene lugar en los medios occidentales se puede confirmar que estamos ante un tipo de acciones de inteligencia militar e ideol\u00f3gica conocido bajo el t\u00e9rmino de guerra psicol\u00f3gica o Guerra Cognitiva.<\/p>\n\n\n\n<figure class=\"wp-block-embed is-type-rich is-provider-twitter wp-block-embed-twitter\"><div class=\"wp-block-embed__wrapper\">\n<blockquote class=\"twitter-tweet\" data-width=\"550\" data-dnt=\"true\"><p lang=\"es\" dir=\"ltr\">Peque\u00f1o repaso de la historia del ataque al <a href=\"https:\/\/twitter.com\/hashtag\/Nordstream2?src=hash&amp;ref_src=twsrc%5Etfw\">#Nordstream2<\/a>:<br><br>1?? Antes de la guerra de Ucrania:<br><br>&#8211; Biden: Acabaremos con el Nord Stream 2.<br>&#8211; Periodista: \u00bfC\u00f3mo lo van a hacer, exactamente, si el proyecto est\u00e1 bajo control del Gobierno alem\u00e1n?<br>&#8211; Biden: Se lo prometo. Lo conseguiremos. <a href=\"https:\/\/t.co\/QDcdpTqfqm\">pic.twitter.com\/QDcdpTqfqm<\/a><\/p>&mdash; Inurri Gorria (@TxindurriG) <a href=\"https:\/\/twitter.com\/TxindurriG\/status\/1623649037571203074?ref_src=twsrc%5Etfw\">February 9, 2023<\/a><\/blockquote><script async src=\"https:\/\/platform.twitter.com\/widgets.js\" charset=\"utf-8\"><\/script>\n<\/div><\/figure>\n\n\n\n<p><br>Como acertadamente tuitea Paco Arnau:<br>\u201d<em>Lo del gasoducto confirma que estamos en la fase superior de la batalla de la<\/em> <em>desinformaci\u00f3n: la guerra cognitiva. Todos somos conscientes de que fue EEUU el autor del atentado; es m\u00e1s que evidente. Pero ya no se trata de que se crean las mentiras, sino de<\/em> <em>que sean asumidas. Esto va m\u00e1s all\u00e1 de manipular la informaci\u00f3n se trata de controlar el pensamiento. Ya no es importante que te mientan, la b\u00fasqueda de la verdad pasa a ser un factor prescindible, lo que importa es la hegemon\u00eda del relato oficial y hacerlo un\u00e1nime\u00bb<\/em><\/p>\n\n\n\n<figure class=\"wp-block-pullquote\"><blockquote><p>\u00abNo es lo mismo estar desinformado que haber perdido <br>la capacidad de pensar\u00bb <br>Fidel Castro<\/p><\/blockquote><\/figure>\n\n\n\n<p>En mayo 2011 la OTAN public\u00f3 un texto llamado: \u201c<em>Countering cognitive warfare: awareness and resilience\u00bb (Contrarrestando la guerra cognitiva: conciencia y resiliencia),<\/em> firmado por miembros de la Johns Hopkins University y del Imperial College de Londres, donde describen los fundamentos de la guerra psicol\u00f3gica, ahora expandida desde y hacia las redes sociales (RRSS):<br>\u00ab<em>En la guerra cognitiva, la mente humana se convierte en el campo de batalla. El objetivo es cambiar no solo lo que la gente piensa, sino tambi\u00e9n c\u00f3mo piensa y act\u00faa. Realizado con<\/em> <em>\u00e9xito, da forma e influye en las creencias y comportamientos individuales y grupales para favorecer los objetivos t\u00e1cticos o estrat\u00e9gicos de un agresor. En su forma extrema, tiene el potencial de fracturar y fragmentar a toda una sociedad, de modo que ya no tenga la voluntad colectiva de resistir las intenciones de un adversario. Es concebible que un oponente pudiera someter a una sociedad sin recurrir a la fuerza o la coerci\u00f3n directas.\u00bb<\/em><br>Y prosigue detallando que:<br>\u00ab<em>Una campa\u00f1a de mensajer\u00eda social que inflama las pasiones de los influencers en l\u00ednea puede hacer que las controversias se vuelvan virales. Los grupos de redes sociales pueden estar motivados para organizar manifestaciones y salir a la calle. <\/em><\/p>\n\n\n\n<p><em>Las negaciones oficiales o las respuestas p\u00fablicas ambiguas en estas circunstancias pueden aumentar la confusi\u00f3n y la duda o afianzar narrativas conflictivas entre segmentos de la poblaci\u00f3n<\/em>\u00bb.<br>&lt;Nego maiorem ergo nego consequentiam&gt;<br>Declaraciones p\u00fablicas de cargos del gobierno norteamericano antes de la voladura en septiembre de 2022 marcaban la necesidad de acabar con los gasoductos rusos.<br>La oposici\u00f3n a Nord Stream 2 estall\u00f3 en la v\u00edspera de la toma de posesi\u00f3n de Biden en enero de 2021, cuando los republicanos del Senado, encabezados por Ted Cruz, plantearon repetidamente la amenaza pol\u00edtica del gas natural ruso barato durante la audiencia de confirmaci\u00f3n de Blinken como Secretario de Estado. Para entonces, un Senado unificado hab\u00eda aprobado con \u00e9xito una ley que, como dijo Cruz a Blinken, \u00abdetuvo [el oleoducto] en seco\u00bb<br>Un mes antes del sabotaje, Victoria Nuland, la subsecretaria de estado para pol\u00edtica exterior en enero de 2022, en una sesi\u00f3n informativa del Departamento de Estado, con poca cobertura de prensa mand\u00f3 el mensaje <em><strong>\u00abQuiero ser muy clara con ustedes hoy\u00bb<\/strong><\/em>, dijo en respuesta a una pregunta.<em><strong> \u00abSi Rusia invade Ucrania, de una forma u otra Nord Stream 2 no avanzar\u00e1\u00bb.<\/strong><\/em><\/p>\n\n\n\n<p> Las palabras exactas del presidente norteamericano, pronunciadas d\u00edas despu\u00e9s en una rueda de prensa junto al canciller alem\u00e1n Olaf Scholz, fueron: \u00ab<strong><em>Si Rusia invade Ucrania [\u2026] no habr\u00e1 Nord Stream 2. Le pondremos fin\u201d;<\/em><\/strong> cuando una periodista insisti\u00f3 en c\u00f3mo lo har\u00eda, pues el gasoducto se encontraba bajo el control de Alemania,Biden reiter\u00f3:<strong><em> \u00abTe prometo que seremos capaces de hacerlo\u00bb.<\/em><\/strong> <br>Blinken por su parte dijo que no hab\u00eda discutido los detalles de las opiniones del presidente entrante:<strong><em> \u00abS\u00e9 que nos har\u00eda usar todas las herramientas persuasivas que tenemos para convencer a nuestros amigos y socios, incluida Alemania, de que no sigan adelante\u00bb<\/em><\/strong><\/p>\n\n\n\n<p>Otras personalidades estadounidenses citadas asimismo por Hersh son el secretario de estado Anthony Blinken, que juzg\u00f3 en septiembre 2022 de <em><strong>\u00abtremenda oportunidad eliminar la dependencia [europea] de la energ\u00eda rusa\u00bb,<\/strong><\/em> y el senador republicano Ted Cruz, a quien se puede escuchar preguntarle a Blinken en esta sesi\u00f3n de confirmaci\u00f3n al puesto su grado de compromiso para no permitir que se terminara el Nord Stream 2. Blinken describi\u00f3 el momento como potencialmente bueno: \u00ab<em>Es una gran oportunidad para eliminar de una vez<\/em> <em>por todas la dependencia de la energ\u00eda rusa y, por lo tanto, quitarle a Vladimir Putin el uso<\/em> <em>de armas como medio para avanzar en sus dise\u00f1os imperiales. Eso es muy significativo y<\/em> <em>ofrece una gran oportunidad estrat\u00e9gica para los a\u00f1os venideros, pero mientras tanto<\/em> <em>estamos decididos a hacer todo lo posible para asegurarnos de que las consecuencias de<\/em> <em>todo esto no recaigan sobre los ciudadanos de nuestros pa\u00edses o, para el caso, alrededor<\/em> <em>del mundo.\u00bb<\/em><br>En enero 2023 la comparecencia ante el Comit\u00e9 de Relaciones Exteriores del Senado la subsecretaria de Estado para Asuntos Pol\u00edticos, Victoria Nuland, expres\u00f3 su satisfacci\u00f3n por la desaparici\u00f3n del gasoducto:<br>\u00ab<em><strong>Al igual que usted me complace mucho, y creo que a la Administraci\u00f3n tambi\u00e9n, saber que el Nord Stream 2 es ahora un trozo de metal en el fondo del mar\u00bb,<\/strong><\/em> le dijo una orgullosa Nuland al senador republicano Ted Cruz.<br>La periodista experta en Derechos Humanos Olga Rodr\u00edguez expone que: \u00ab<em>No est\u00e1 de m\u00e1s<\/em> <em>reflexionar sobre qu\u00e9 margen de espacio se est\u00e1 dejando a la ciudadan\u00eda para que<\/em> <em>desarrolle an\u00e1lisis y pensamiento propio\u201d. Una de las amenazas a tener en cuenta ser\u00eda as\u00ed a la capacidad cr\u00edtica para discernir qu\u00e9 ha ocurrido, qui\u00e9n es responsable y cu\u00e1les son las consecuencias\u00bb,<\/em> a lo que habr\u00eda que a\u00f1adir el papel de la disidencia controlada de partidos de izquierda dentro de la UE que est\u00e1 siendo fundamental, as\u00ed controlan y manejan hasta el dupuesto contradiscurso, cerrando el c\u00edrculo perseguido.<\/p>\n\n\n\n<p><br>Como afirma el estudio de la OTAN:<br>\u00ab<em>Las fuentes de noticias y los motores de b\u00fasqueda que ofrecen resultados que se alinean con nuestras preferencias aumentan el sesgo de confirmaci\u00f3n, mediante el cual<\/em> <em>interpretamos nueva informaci\u00f3n para confirmar nuestras creencias preconcebidas. Las aplicaciones de mensajer\u00eda social actualizan r\u00e1pidamente a los usuarios con nueva informaci\u00f3n, lo que induce un sesgo de actualidad, por lo que sobrevaloramos la importancia de los eventos recientes sobre los del pasado. Los sitios de redes sociales inducen a la prueba social, en la que imitamos y afirmamos las acciones y creencias de los dem\u00e1s para encajar en nuestros grupos sociales, que se convierten en c\u00e1maras de eco del conformismo y el pensamiento grupal.\u00bb<\/em><\/p>\n\n\n\n<figure class=\"wp-block-image size-large\"><img fetchpriority=\"high\" decoding=\"async\" width=\"1079\" height=\"627\" src=\"http:\/\/xn--tuvozdiasporaespaola-k7b.com\/wp-content\/uploads\/2023\/02\/screenshot_20230211_135937_drive6989442025553121387.jpg?w=1024\" alt=\"\" class=\"wp-image-1175\" srcset=\"https:\/\/xn--tuvozdiasporaespaola-k7b.com\/wp-content\/uploads\/2023\/02\/screenshot_20230211_135937_drive6989442025553121387.jpg 1079w, https:\/\/xn--tuvozdiasporaespaola-k7b.com\/wp-content\/uploads\/2023\/02\/screenshot_20230211_135937_drive6989442025553121387-300x174.jpg 300w, https:\/\/xn--tuvozdiasporaespaola-k7b.com\/wp-content\/uploads\/2023\/02\/screenshot_20230211_135937_drive6989442025553121387-1024x595.jpg 1024w, https:\/\/xn--tuvozdiasporaespaola-k7b.com\/wp-content\/uploads\/2023\/02\/screenshot_20230211_135937_drive6989442025553121387-768x446.jpg 768w\" sizes=\"(max-width: 1079px) 100vw, 1079px\" \/><\/figure>\n\n\n\n<p>Juan Lopez&nbsp;&nbsp; Redacci\u00f3n de revista TU VOZ,&nbsp; Espa\u00f1a Argentina.<\/p>\n\n\n\n<p>1 Watzlawick, Paul (1981): \u00ab\u00bfEs real la realidad?. Confusi\u00f3n, desinformaci\u00f3n, comunicaci\u00f3n\u00bb Ed. Herd<\/p>\n","protected":false},"excerpt":{"rendered":"<p>UCRANIA, EEUU y EUROPA Paul Watzlawick, psic\u00f3logo de origen austriaco de la Escuela de Palo Alto (California-EEUU) en las d\u00e9cadas setenta y ochenta del &#8230; <\/p>\n<p class=\"read-more-container\"><a title=\"LA GUERRA COGNITIVA.\" class=\"read-more button\" href=\"https:\/\/xn--tuvozdiasporaespaola-k7b.com\/page\/2\/la-guerra-cognitiva\/#more-1176\" aria-label=\"M\u00e1s en LA GUERRA COGNITIVA.\">Leer m\u00e1s<\/a><\/p>\n","protected":false},"author":222560522,"featured_media":0,"comment_status":"open","ping_status":"open","sticky":false,"template":"","format":"standard","meta":{"footnotes":""},"categories":[1771],"tags":[],"class_list":["post-1176","post","type-post","status-publish","format-standard","hentry","category-sociales"],"_links":{"self":[{"href":"https:\/\/xn--tuvozdiasporaespaola-k7b.com\/page\/2\/wp-json\/wp\/v2\/posts\/1176","targetHints":{"allow":["GET"]}}],"collection":[{"href":"https:\/\/xn--tuvozdiasporaespaola-k7b.com\/page\/2\/wp-json\/wp\/v2\/posts"}],"about":[{"href":"https:\/\/xn--tuvozdiasporaespaola-k7b.com\/page\/2\/wp-json\/wp\/v2\/types\/post"}],"author":[{"embeddable":true,"href":"https:\/\/xn--tuvozdiasporaespaola-k7b.com\/page\/2\/wp-json\/wp\/v2\/users\/222560522"}],"replies":[{"embeddable":true,"href":"https:\/\/xn--tuvozdiasporaespaola-k7b.com\/page\/2\/wp-json\/wp\/v2\/comments?post=1176"}],"version-history":[{"count":0,"href":"https:\/\/xn--tuvozdiasporaespaola-k7b.com\/page\/2\/wp-json\/wp\/v2\/posts\/1176\/revisions"}],"wp:attachment":[{"href":"https:\/\/xn--tuvozdiasporaespaola-k7b.com\/page\/2\/wp-json\/wp\/v2\/media?parent=1176"}],"wp:term":[{"taxonomy":"category","embeddable":true,"href":"https:\/\/xn--tuvozdiasporaespaola-k7b.com\/page\/2\/wp-json\/wp\/v2\/categories?post=1176"},{"taxonomy":"post_tag","embeddable":true,"href":"https:\/\/xn--tuvozdiasporaespaola-k7b.com\/page\/2\/wp-json\/wp\/v2\/tags?post=1176"}],"curies":[{"name":"wp","href":"https:\/\/api.w.org\/{rel}","templated":true}]}}