{"id":115,"date":"2022-09-02T10:16:53","date_gmt":"2022-09-02T13:16:53","guid":{"rendered":"https:\/\/xn--tuvozdiasporaespaola-k7b.com\/2022\/09\/02\/atentado-contra-cristina-kirchner\/"},"modified":"2022-09-02T10:23:46","modified_gmt":"2022-09-02T13:23:46","slug":"atentado-contra-cristina-kirchner","status":"publish","type":"post","link":"https:\/\/xn--tuvozdiasporaespaola-k7b.com\/page\/2\/atentado-contra-cristina-kirchner\/","title":{"rendered":"ATENTADO contra CRISTINA KIRCHNER"},"content":{"rendered":"\n<p><strong>COMUNICADO<\/strong> <strong>de PRENSA<\/strong><\/p>\n\n\n\n<p>Desde  Podemos Argentina Provincias y la Red de C\u00edrculos de Podemos Latinoam\u00e9rica. <\/p>\n\n\n\n<p>2 de septiembre del 2022<\/p>\n\n\n\n<p>Condenamos el intento de asesinato de la Vicepresidenta  de Argentina <strong>Cristina Fern\u00e1ndez de Kirchner <\/strong>, y expresamos nuestra solidaridad  con el pueblo Argentino, en estos momentos  en el que se culmin\u00f3 con un acto macabro este intento de asesinato   de una L\u00edder Pol\u00edtica Progresista Latinoamericana<\/p>\n\n\n\n<p>Atentado consumado aunque no cumpli\u00f3 con el objetivo de asesinarla,  acompa\u00f1amos todas las iniciativas Populares y Democr\u00e1ticas  que condenen este hecho .<\/p>\n\n\n\n<p>Y convocamos a la militancia de Podemos en Argentina y Latinoametica a participar en los actos de Repudio que se celebren  en las Embajadas Argentinas de todo el mundo as\u00ed como en el acto de repulsa de este viernes d\u00eda 2 de Septiembre en la Plaza de Mayo en Buenos Aires desde las 12 de la ma\u00f1ana.<\/p>\n\n\n\n<p>Llamamos a la reflexi\u00f3n de las fuerzas pol\u00edticas en la oposici\u00f3n  y prensa medi\u00e1tica a bajar el tono en amenazas y incitar a la violencia  para evitar que personas perturbadas y de simpat\u00edzantes Fascistas  tomen la iniciativa de esas amenazas incentivadas por Pol\u00edticos y fogoneadas por prensas afines  teniendo como desenlace  este Atentado  y dinamitando la convivencia pac\u00edfica del pueblo.<\/p>\n\n\n\n<figure class=\"wp-block-image size-large\"><img fetchpriority=\"high\" decoding=\"async\" width=\"1080\" height=\"895\" src=\"http:\/\/xn--tuvozdiasporaespaola-k7b.com\/wp-content\/uploads\/2022\/09\/screenshot_20220902-101020_whatsapp4578595592113591064.jpg?w=1024\" alt=\"\" class=\"wp-image-116\" srcset=\"https:\/\/xn--tuvozdiasporaespaola-k7b.com\/wp-content\/uploads\/2022\/09\/screenshot_20220902-101020_whatsapp4578595592113591064.jpg 1080w, https:\/\/xn--tuvozdiasporaespaola-k7b.com\/wp-content\/uploads\/2022\/09\/screenshot_20220902-101020_whatsapp4578595592113591064-300x249.jpg 300w, https:\/\/xn--tuvozdiasporaespaola-k7b.com\/wp-content\/uploads\/2022\/09\/screenshot_20220902-101020_whatsapp4578595592113591064-1024x849.jpg 1024w, https:\/\/xn--tuvozdiasporaespaola-k7b.com\/wp-content\/uploads\/2022\/09\/screenshot_20220902-101020_whatsapp4578595592113591064-768x636.jpg 768w\" sizes=\"(max-width: 1080px) 100vw, 1080px\" \/><\/figure>\n\n\n\n<figure class=\"wp-block-embed is-type-rich is-provider-twitter wp-block-embed-twitter\"><div class=\"wp-block-embed__wrapper\">\n<blockquote class=\"twitter-tweet\" data-width=\"550\" data-dnt=\"true\"><p lang=\"es\" dir=\"ltr\">Solidaridad con <a href=\"https:\/\/twitter.com\/CFKArgentina?ref_src=twsrc%5Etfw\">@CFKArgentina<\/a><br>Desde la Red de C\u00edrculos Podemos Latinoam\u00e9rica  expresamos nuestra dolidaridad  con la Vicepresidenta de Argentina. <a href=\"https:\/\/t.co\/NdMkFYb9vK\">https:\/\/t.co\/NdMkFYb9vK<\/a> <a href=\"https:\/\/t.co\/ELya6dJva6\">pic.twitter.com\/ELya6dJva6<\/a><\/p>&mdash; RED C\u00cdRCULOS PODEMOS LATINOAMERICA (@RedPodemosLatam) <a href=\"https:\/\/twitter.com\/RedPodemosLatam\/status\/1565520399982424064?ref_src=twsrc%5Etfw\">September 2, 2022<\/a><\/blockquote><script async src=\"https:\/\/platform.twitter.com\/widgets.js\" charset=\"utf-8\"><\/script>\n<\/div><\/figure>\n\n\n\n<p>NOTA DE PRENSA DE PODEMOS ARGENTINA PROVINCIA.<\/p>\n","protected":false},"excerpt":{"rendered":"<p>COMUNICADO de PRENSA Desde Podemos Argentina Provincias y la Red de C\u00edrculos de Podemos Latinoam\u00e9rica. 2 de septiembre del 2022 Condenamos el intento de &#8230; <\/p>\n<p class=\"read-more-container\"><a title=\"ATENTADO contra CRISTINA KIRCHNER\" class=\"read-more button\" href=\"https:\/\/xn--tuvozdiasporaespaola-k7b.com\/page\/2\/atentado-contra-cristina-kirchner\/#more-115\" aria-label=\"M\u00e1s en ATENTADO contra CRISTINA KIRCHNER\">Leer m\u00e1s<\/a><\/p>\n","protected":false},"author":222560522,"featured_media":0,"comment_status":"open","ping_status":"open","sticky":false,"template":"","format":"standard","meta":{"footnotes":""},"categories":[1771],"tags":[],"class_list":["post-115","post","type-post","status-publish","format-standard","hentry","category-sociales"],"_links":{"self":[{"href":"https:\/\/xn--tuvozdiasporaespaola-k7b.com\/page\/2\/wp-json\/wp\/v2\/posts\/115","targetHints":{"allow":["GET"]}}],"collection":[{"href":"https:\/\/xn--tuvozdiasporaespaola-k7b.com\/page\/2\/wp-json\/wp\/v2\/posts"}],"about":[{"href":"https:\/\/xn--tuvozdiasporaespaola-k7b.com\/page\/2\/wp-json\/wp\/v2\/types\/post"}],"author":[{"embeddable":true,"href":"https:\/\/xn--tuvozdiasporaespaola-k7b.com\/page\/2\/wp-json\/wp\/v2\/users\/222560522"}],"replies":[{"embeddable":true,"href":"https:\/\/xn--tuvozdiasporaespaola-k7b.com\/page\/2\/wp-json\/wp\/v2\/comments?post=115"}],"version-history":[{"count":0,"href":"https:\/\/xn--tuvozdiasporaespaola-k7b.com\/page\/2\/wp-json\/wp\/v2\/posts\/115\/revisions"}],"wp:attachment":[{"href":"https:\/\/xn--tuvozdiasporaespaola-k7b.com\/page\/2\/wp-json\/wp\/v2\/media?parent=115"}],"wp:term":[{"taxonomy":"category","embeddable":true,"href":"https:\/\/xn--tuvozdiasporaespaola-k7b.com\/page\/2\/wp-json\/wp\/v2\/categories?post=115"},{"taxonomy":"post_tag","embeddable":true,"href":"https:\/\/xn--tuvozdiasporaespaola-k7b.com\/page\/2\/wp-json\/wp\/v2\/tags?post=115"}],"curies":[{"name":"wp","href":"https:\/\/api.w.org\/{rel}","templated":true}]}}