{"id":1147,"date":"2023-02-07T16:30:55","date_gmt":"2023-02-07T19:30:55","guid":{"rendered":"https:\/\/xn--tuvozdiasporaespaola-k7b.com\/?p=1147"},"modified":"2023-02-08T15:25:19","modified_gmt":"2023-02-08T18:25:19","slug":"contestacion-de-la-ue-sobre-la-situacion-de-represion-a-los-emigrantes-haitianos-en-la-republica-dominicana","status":"publish","type":"post","link":"https:\/\/xn--tuvozdiasporaespaola-k7b.com\/page\/2\/contestacion-de-la-ue-sobre-la-situacion-de-represion-a-los-emigrantes-haitianos-en-la-republica-dominicana\/","title":{"rendered":"Contestaci\u00f3n de la UE sobre la situaci\u00f3n de represi\u00f3n a los Emigrantes Haitianos en la Rep\u00fablica Dominicana."},"content":{"rendered":"\n<p>El pasado mes de Noviembre del 2022, el c\u00edrculo de Podemos Rep\u00fablica Dominicana  junto a la Red de C\u00edrculos de Am\u00e9rica, hizo llegar a Idoia Villanueva diputada de Podemos en el Parlamento Europeo, la inquietud por los actos de represi\u00f3n y xen\u00f3fobos hacia los ciudadanos haitianos refugiados en la Rep\u00fablica Dominicana. <\/p>\n\n\n\n<p>Ante este requerimiento, la diputada Idoia Villanueva, traslad\u00f3 esta inquietud mediante carta, al Alto Representante de la Uni\u00f3n Europea para Asuntos Exteriores y Pol\u00edtica de Seguridad.<\/p>\n\n\n\n<figure class=\"wp-block-image size-large\"><img fetchpriority=\"high\" decoding=\"async\" width=\"1200\" height=\"675\" src=\"http:\/\/xn--tuvozdiasporaespaola-k7b.com\/wp-content\/uploads\/2023\/02\/idoia-villanueva2853678367580219074.jpeg?w=1024\" alt=\"\" class=\"wp-image-1148\" srcset=\"https:\/\/xn--tuvozdiasporaespaola-k7b.com\/wp-content\/uploads\/2023\/02\/idoia-villanueva2853678367580219074.jpeg 1200w, https:\/\/xn--tuvozdiasporaespaola-k7b.com\/wp-content\/uploads\/2023\/02\/idoia-villanueva2853678367580219074-300x169.jpeg 300w, https:\/\/xn--tuvozdiasporaespaola-k7b.com\/wp-content\/uploads\/2023\/02\/idoia-villanueva2853678367580219074-1024x576.jpeg 1024w, https:\/\/xn--tuvozdiasporaespaola-k7b.com\/wp-content\/uploads\/2023\/02\/idoia-villanueva2853678367580219074-768x432.jpeg 768w\" sizes=\"(max-width: 1200px) 100vw, 1200px\" \/><\/figure>\n\n\n\n<p><em><strong>Pregunta con solicitud de respuesta escrita E-003883\/2022<\/strong><\/em><br><em><strong>al vicepresidente de la Comisi\u00f3n \/ alto representante de la Uni\u00f3n para Asuntos Exteriores y Pol\u00edtica de Seguridad<\/strong><\/em><br><em><strong>Art\u00edculo 138 del Reglamento interno<\/strong><\/em><br><em><strong>Idoia Villanueva Ruiz (The Left)<\/strong><\/em><br><em>Asunto: Situaci\u00f3n de las personas migrantes de origen haitiano en la Rep\u00fablica Dominicana <\/em><br><em>El contexto de vecindad que une a Hait\u00ed con la Rep\u00fablica Dominicana y la relativa estabilidad econ\u00f3mica, social y pol\u00edtica del segundo han empujado desde hace d\u00e9cadas a miles de haitianos a iniciar procesos migratorios con el objetivo de conseguir una vida digna. Sin embargo, la realidad que encuentran dista de este objetivo. Existen aproximadamente un mill\u00f3n de migrantes haitianos en la Rep\u00fablica Dominicana que conforman un colectivo de trabajadores totalmente precarizados y a los que su situaci\u00f3n de irregularidad administrativa deniega derechos b\u00e1sicos. Esta situaci\u00f3n ha empeorado en los \u00faltimos meses con las masivas repatriaciones realizadas por el presidente Abinader, que recientemente fueron se\u00f1aladas por el Alto Comisionado para los Derechos Humanos de las Naciones Unidas por el riesgo que supone para esta poblaci\u00f3n. Ante ello: <\/em><br><em>1. \u00bfHa denunciado el vicepresidente \/ el alto representante las vulneraciones de derechos que se est\u00e1n cometiendo en la frontera de la Rep\u00fablica Dominicana?<\/em><br><em>2. \u00bfC\u00f3mo est\u00e1 protegiendo el vicepresidente \/ el alto representante los derechos de las personas haitianas que se encuentran en procesos de repatriaci\u00f3n o que ya han sido repatriadas?<\/em><br><em>3. \u00bfC\u00f3mo piensa el vicepresidente \/ el alto representante promover la monitorizaci\u00f3n, reconocimiento y protecci\u00f3n de los derechos de los trabajadores migrantes en la Rep\u00fablica Dominicana, especialmente en los casos que involucren a empresas con sede en Europa?<\/em><br><em>Presentaci\u00f3n: 30.11.2022<\/em><\/p>\n\n\n\n<p>Ante esta pregunta se dio la siguiente respuesta por parte de la Uni\u00f3n Europea:<\/p>\n\n\n\n<figure class=\"wp-block-image size-large\"><img decoding=\"async\" width=\"630\" height=\"360\" src=\"http:\/\/xn--tuvozdiasporaespaola-k7b.com\/wp-content\/uploads\/2023\/02\/630_360_1667561515-5846015833941875148681.jpg?w=630\" alt=\"\" class=\"wp-image-1149\" srcset=\"https:\/\/xn--tuvozdiasporaespaola-k7b.com\/wp-content\/uploads\/2023\/02\/630_360_1667561515-5846015833941875148681.jpg 630w, https:\/\/xn--tuvozdiasporaespaola-k7b.com\/wp-content\/uploads\/2023\/02\/630_360_1667561515-5846015833941875148681-300x171.jpg 300w\" sizes=\"(max-width: 630px) 100vw, 630px\" \/><\/figure>\n\n\n\n<p><em><strong>ES<\/strong><\/em><br><em><strong>E-003883\/2022<\/strong><\/em><br><em><strong>Respuesta del alto representante y vicepresidente Borrell i Fontelles<\/strong><\/em><br><em><strong>en nombre de la Comisi\u00f3n Europea<\/strong><\/em><br><em><strong>(3.2.2023)<\/strong><\/em><br><br><br>1. <em>Con sus 400 km de frontera terrestre, la Rep\u00fablica Dominicana se ve gravemente afectada por la crisis en el vecino Hait\u00ed, y tiene dificultades para controlar la migraci\u00f3n irregular. A trav\u00e9s de su Delegaci\u00f3n en Santo Domingo, la UE ha declarado en repetidas ocasiones que la gesti\u00f3n de las fronteras y los flujos migratorios debe respetar plenamente la legislaci\u00f3n nacional y las obligaciones internacionales en materia de derechos humanos.<\/em><br><br><em>2. La Delegaci\u00f3n de la UE est\u00e1 en contacto con los organismos pertinentes de las Naciones Unidas (ONU) para seguir de cerca la situaci\u00f3n, especialmente en la regi\u00f3n fronteriza, y para apoyar activamente la protecci\u00f3n de los derechos de los grupos vulnerables, incluidos los migrantes haitianos irregulares.<\/em><br><br><em>La UE ha financiado o est\u00e1 financiando varios proyectos a trav\u00e9s de diferentes instrumentos sobre cuestiones que afectan a los migrantes haitianos: desde los mecanismos de derivaci\u00f3n hasta la mejora de su protecci\u00f3n, la prevenci\u00f3n de detenciones arbitrarias y la promoci\u00f3n del trato digno de los migrantes, y desde la promoci\u00f3n del acceso no discriminatorio a los derechos sanitarios de la poblaci\u00f3n migrante hasta el apoyo a la Rep\u00fablica Dominicana para la realizaci\u00f3n de encuestas, o a proyectos regionales de prevenci\u00f3n de la trata de seres humanos y la explotaci\u00f3n sexual de ni\u00f1as, j\u00f3venes, adolescentes y mujeres, y del tr\u00e1fico il\u00edcito de migrantes.<\/em><br><br><em>3. La mayor\u00eda de los migrantes haitianos trabajan en la agricultura y la construcci\u00f3n, mientras que los operadores econ\u00f3micos de la UE en la Rep\u00fablica Dominicana operan principalmente en el sector tur\u00edstico, las energ\u00edas renovables y las zonas de libre comercio.<\/em><br><br><em>La Rep\u00fablica Dominicana no es parte en la Convenci\u00f3n Internacional sobre la Protecci\u00f3n de los Derechos de todos los Trabajadores Migratorios y de sus Familiares, pero ha dado pasos para regularizar a los migrantes a trav\u00e9s del \u00abPlan Nacional de Regularizaci\u00f3n de Extranjeros\u00bb. La UE seguir\u00e1 supervisando, defendiendo y protegiendo los derechos de los trabajadores migrantes en la Rep\u00fablica Dominicana.<\/em><\/p>\n\n\n\n<p>NOTA:<\/p>\n\n\n\n<p>1.- Los Instrumentos de Pol\u00edtica Exterior, el Instrumento en pro de la Estabilidad y la Paz, el programa tem\u00e1tico de derechos humanos y democracia del Instrumento de Vecindad, Desarrollo y Cooperaci\u00f3n Internacional (IVCDCI) y el Instrumento de Cooperaci\u00f3n T\u00e9cnica.<\/p>\n\n\n\n<p>V\u00e9ase el proyecto sobre las garant\u00edas procesales durante las deportaciones: <a href=\"http:\/\/tratodigno.obmica.org\/\" target=\"_blank\" rel=\"noreferrer noopener\">http:\/\/tratodigno.obmica.org\/<\/a><\/p>\n\n\n\n<p>V\u00e9ase el proyecto sobre seguridad fronteriza: <a href=\"https:\/\/www.fiiapp.org\/noticias\/republica-dominicana-y-haiti-luchan-juntos-contra-la-trata-de-personas\/\" target=\"_blank\" rel=\"noreferrer noopener\">https:\/\/www.fiiapp.org\/noticias\/republica-dominicana-y-haiti-luchan-juntos-contra-la-trata-de-personas\/<\/a><\/p>\n\n\n\n<p>2.- Seg\u00fan la \u00faltima encuesta nacional sobre inmigraci\u00f3n (2017), v\u00e9ase: <a href=\"https:\/\/dominicanrepublic.unfpa.org\/sites\/default\/files\/pub-pdf\/ENI-2017%20FinalWeb.pdf\" target=\"_blank\" rel=\"noreferrer noopener\">https:\/\/dominicanrepublic.unfpa.org\/sites\/default\/files\/pub-pdf\/ENI-2017%20FinalWeb.pdf<\/a><\/p>\n\n\n\n<p><br>3.- En el proceso del Examen Peri\u00f3dico Universal del Consejo de Derechos Humanos de las Naciones Unidas (en su edici\u00f3n m\u00e1s reciente en 2019), los Estados miembros de las Naciones Unidas han recomendado que la Rep\u00fablica Dominicana, firme y ratifique la Convenci\u00f3n, v\u00e9ase: <a href=\"https:\/\/www.ohchr.org\/es\/hr-bodies\/upr\/do-index\" target=\"_blank\" rel=\"noreferrer noopener\">https:\/\/www.ohchr.org\/es\/hr-bodies\/upr\/do-index<\/a><\/p>\n\n\n\n<p><br>4.- Hasta la fecha, unos 290 000 inmigrantes se han beneficiado del \u00abPlan Nacional de Regularizaci\u00f3n de Extranjeros\u00bb.<\/p>\n\n\n\n<figure class=\"wp-block-image size-large\"><img decoding=\"async\" width=\"748\" height=\"497\" src=\"http:\/\/xn--tuvozdiasporaespaola-k7b.com\/wp-content\/uploads\/2023\/02\/deportados-haitianos1623122420206572190.jpg?w=748\" alt=\"\" class=\"wp-image-1150\" srcset=\"https:\/\/xn--tuvozdiasporaespaola-k7b.com\/wp-content\/uploads\/2023\/02\/deportados-haitianos1623122420206572190.jpg 748w, https:\/\/xn--tuvozdiasporaespaola-k7b.com\/wp-content\/uploads\/2023\/02\/deportados-haitianos1623122420206572190-300x199.jpg 300w\" sizes=\"(max-width: 748px) 100vw, 748px\" \/><\/figure>\n\n\n\n<p>Redacci\u00f3n Revista TU VOZ , Delegaci\u00f3n Rep\u00fablica Dominicana.<\/p>\n","protected":false},"excerpt":{"rendered":"<p>El pasado mes de Noviembre del 2022, el c\u00edrculo de Podemos Rep\u00fablica Dominicana junto a la Red de C\u00edrculos de Am\u00e9rica, hizo llegar a &#8230; <\/p>\n<p class=\"read-more-container\"><a title=\"Contestaci\u00f3n de la UE sobre la situaci\u00f3n de represi\u00f3n a los Emigrantes Haitianos en la Rep\u00fablica Dominicana.\" class=\"read-more button\" href=\"https:\/\/xn--tuvozdiasporaespaola-k7b.com\/page\/2\/contestacion-de-la-ue-sobre-la-situacion-de-represion-a-los-emigrantes-haitianos-en-la-republica-dominicana\/#more-1147\" aria-label=\"M\u00e1s en Contestaci\u00f3n de la UE sobre la situaci\u00f3n de represi\u00f3n a los Emigrantes Haitianos en la Rep\u00fablica Dominicana.\">Leer m\u00e1s<\/a><\/p>\n","protected":false},"author":222560522,"featured_media":0,"comment_status":"open","ping_status":"open","sticky":false,"template":"","format":"standard","meta":{"footnotes":""},"categories":[1771],"tags":[],"class_list":["post-1147","post","type-post","status-publish","format-standard","hentry","category-sociales"],"_links":{"self":[{"href":"https:\/\/xn--tuvozdiasporaespaola-k7b.com\/page\/2\/wp-json\/wp\/v2\/posts\/1147","targetHints":{"allow":["GET"]}}],"collection":[{"href":"https:\/\/xn--tuvozdiasporaespaola-k7b.com\/page\/2\/wp-json\/wp\/v2\/posts"}],"about":[{"href":"https:\/\/xn--tuvozdiasporaespaola-k7b.com\/page\/2\/wp-json\/wp\/v2\/types\/post"}],"author":[{"embeddable":true,"href":"https:\/\/xn--tuvozdiasporaespaola-k7b.com\/page\/2\/wp-json\/wp\/v2\/users\/222560522"}],"replies":[{"embeddable":true,"href":"https:\/\/xn--tuvozdiasporaespaola-k7b.com\/page\/2\/wp-json\/wp\/v2\/comments?post=1147"}],"version-history":[{"count":0,"href":"https:\/\/xn--tuvozdiasporaespaola-k7b.com\/page\/2\/wp-json\/wp\/v2\/posts\/1147\/revisions"}],"wp:attachment":[{"href":"https:\/\/xn--tuvozdiasporaespaola-k7b.com\/page\/2\/wp-json\/wp\/v2\/media?parent=1147"}],"wp:term":[{"taxonomy":"category","embeddable":true,"href":"https:\/\/xn--tuvozdiasporaespaola-k7b.com\/page\/2\/wp-json\/wp\/v2\/categories?post=1147"},{"taxonomy":"post_tag","embeddable":true,"href":"https:\/\/xn--tuvozdiasporaespaola-k7b.com\/page\/2\/wp-json\/wp\/v2\/tags?post=1147"}],"curies":[{"name":"wp","href":"https:\/\/api.w.org\/{rel}","templated":true}]}}