{"id":1146,"date":"2023-02-06T10:20:26","date_gmt":"2023-02-06T13:20:26","guid":{"rendered":"https:\/\/xn--tuvozdiasporaespaola-k7b.com\/2023\/02\/06\/si-se-tienen-que-abrir-las-puertas-de-los-consulados-de-par-en-par-que-asi-sea\/"},"modified":"2023-02-06T10:20:26","modified_gmt":"2023-02-06T13:20:26","slug":"si-se-tienen-que-abrir-las-puertas-de-los-consulados-de-par-en-par-que-asi-sea","status":"publish","type":"post","link":"https:\/\/xn--tuvozdiasporaespaola-k7b.com\/page\/2\/si-se-tienen-que-abrir-las-puertas-de-los-consulados-de-par-en-par-que-asi-sea\/","title":{"rendered":"\u201cSI SE TIENEN QUE ABRIR LAS PUERTAS DE LOS CONSULADOS DE PAR EN PAR, QUE AS\u00cd SEA\u201d"},"content":{"rendered":"\n<figure class=\"wp-block-pullquote\"><blockquote><p>Ley para la Nacionalidad y cambios en la elecci\u00f3n de  los CREs<\/p><\/blockquote><\/figure>\n\n\n\n<p>Entrevista a David Casarejos.<\/p>\n\n\n\n<p>En di\u00e1logo con \u201cCenizas de Babilonia. Di\u00e1spora Espa\u00f1ola\u201d, el Presidente de la Comisi\u00f3n de Derechos Civiles y Participaci\u00f3n en el CCGCEE, y Presidente del Consejo de Residentes de Manchester, afirm\u00f3 que \u00a0\u201c<em><strong>Ahora mismo hay mucho trabajo todav\u00eda con la Ley de Memoria Democr\u00e1tica. Todav\u00eda hay muchos consulados que est\u00e1n funcionando peor y estamos tratando de corregir aquellos sitios en donde no est\u00e1n funcionando como deber\u00edan<\/strong>. Luego, evidentemente, hay varios puntos en este a\u00f1o que van a ser clave para la di\u00e1spora. Y el primero de ellos va a pasar por ver el poder real que tenemos, una vez que empiecen las elecciones tanto auton\u00f3micas como las elecciones generales a final de a\u00f1o, y es una oportunidad muy buena que tenemos para mostrar la fuerza que tenemos. Y luego, desde el punto de vista del consejo de residentes va a ser un a\u00f1o tambi\u00e9n muy interesante. Muy ocupado, porque ya, por ejemplo, esta semana vamos a tener por primera vez un pleno telem\u00e1tico. No nos hemos reunido durante el consejo general en 2019, 2020 y 2021 y ahora hay mucho trabajo retrasado que hay que ir aprobando. Entonces nos vamos a reunir el d\u00eda 10 de febrero, de manera telem\u00e1tica, y luego tendremos reuniones de comisiones y de pleno en junio. Esto implica mucho trabajo y muchas ventanas que se nos abren para llevar propuestas y trabajar por el exterior<\/em>\u00ab.<\/p>\n\n\n\n<figure class=\"wp-block-image size-large\"><img fetchpriority=\"high\" decoding=\"async\" width=\"3000\" height=\"1589\" src=\"http:\/\/xn--tuvozdiasporaespaola-k7b.com\/wp-content\/uploads\/2023\/02\/pddjqorgeverbpweop6grdahdi954345043315911754.jpg?w=1024\" alt=\"\" class=\"wp-image-1144\" srcset=\"https:\/\/xn--tuvozdiasporaespaola-k7b.com\/wp-content\/uploads\/2023\/02\/pddjqorgeverbpweop6grdahdi954345043315911754.jpg 3000w, https:\/\/xn--tuvozdiasporaespaola-k7b.com\/wp-content\/uploads\/2023\/02\/pddjqorgeverbpweop6grdahdi954345043315911754-300x159.jpg 300w, https:\/\/xn--tuvozdiasporaespaola-k7b.com\/wp-content\/uploads\/2023\/02\/pddjqorgeverbpweop6grdahdi954345043315911754-1024x542.jpg 1024w, https:\/\/xn--tuvozdiasporaespaola-k7b.com\/wp-content\/uploads\/2023\/02\/pddjqorgeverbpweop6grdahdi954345043315911754-768x407.jpg 768w, https:\/\/xn--tuvozdiasporaespaola-k7b.com\/wp-content\/uploads\/2023\/02\/pddjqorgeverbpweop6grdahdi954345043315911754-1568x831.jpg 1568w\" sizes=\"(max-width: 3000px) 100vw, 3000px\" \/><\/figure>\n\n\n\n<p><strong>Como bien sabes, se ha aprobado la nueva LOREG que marca las pautas en cuanto a las votaciones en el exterior y por fin vamos a poder votar la mayor\u00eda sin tener que rogar el voto.\u00a0 \u00bfSe puede aplicar una medida uniforme que sirva para todos los consulados\u00a0 que llevan a cabo las elecciones a los consejos de residentes? Porque hasta ahora, es como que cada consulado hace la guerra por su cuenta y dictaminan qu\u00e9 f\u00f3rmulas se aplican. \u00bfSe est\u00e1 trabajando al respecto?<\/strong><\/p>\n\n\n\n<p>S\u00ed. Estamos trabajando en un nuevo reglamento que se va a votar, y estamos trabajando en diferentes propuestas a la hora de c\u00f3mo se puede agilizar y articular e incrementar la posibilidad de c\u00f3mo votamos. Para que te hagas una idea, en diciembre se nos pidi\u00f3 nuestra visi\u00f3n sobre la posibilidad de votos en urnas en diferentes ciudades. En esto estamos trabajando desde el consejo general y creo que a la hora de las elecciones de los CREs tenemos un problema doble. El primero es la falta de conocimiento sobre los CREs, que esto es clave, menos del siete por ciento de la poblaci\u00f3n en el exterior sabe que existimos; y luego hay un segundo problema que es com\u00fan a la mayor\u00eda de problemas. Suelen ser problemas creados por las diferentes formas de trabajar en diferentes consulados. Lo que yo vengo a denominar continuamente como \u201cLos Virreyes\u201d. Son formas de trabajar que muchas veces nos hacen rascarnos la cabeza porque no entendemos muy bien c\u00f3mo puede ser que diferentes consulados interpreten las cosas de diferentes maneras. Por ejemplo, hay consulados que todav\u00eda no permiten los avales electr\u00f3nicos. Esto es algo que para las pr\u00f3ximas elecciones de los CREs tenemos que asegurarnos de que todo funciona exactamente igual. Pero vamos a tener varias elecciones antes que las elecciones de los CREs, varias elecciones auton\u00f3micas y generales que van a poder mostrarnos c\u00f3mo van a funcionar ahora los consulados despu\u00e9s de once o doce a\u00f1os sin poder votar en urna a no ser que hubieras rogado el voto.\u00a0<\/p>\n\n\n\n<p><strong>En cuanto a la Ley de Nacionalidad, hay consulados que est\u00e1n teniendo m\u00e1s problemas, otros menos. Me imagino que esto ser\u00e1 en funci\u00f3n de las solicitudes. Aqu\u00ed en Argentina me consta que hay un embudo, pero al respecto de esto, \u00bfqu\u00e9 acciones est\u00e1is tomando a nivel de consejo general?<\/strong><\/p>\n\n\n\n<p>Las redes sociales est\u00e1n ayudando un mont\u00f3n. A m\u00ed personalmente cada d\u00eda me llegan cantidad de mensajes privados de todo el mundo. Ahora mismo parece que el foco del problema est\u00e1 localizado en Brasil. San Pablo y R\u00edo est\u00e1n creando problemas a la hora de admitir tr\u00e1mites. Pero por ejemplo, en Reino Unido, tanto Manchester como Edimburgo, estaban aceptando tr\u00e1mites desde noviembre y sin embargo Londres ha empezado esta semana. La raz\u00f3n por la que Londres, que es el tercero o cuarto consulado del mundo en n\u00famero de espa\u00f1oles despu\u00e9s de Buenos Aires, es porque el vicec\u00f3nsul estaba poniendo los problemas y estaba pidiendo y exigiendo que el gobierno espa\u00f1ol le ten\u00eda que dar un sistema de citas paralelo. El problema es que al final ha hecho el sistema de citas, que se est\u00e1 utilizando en Buenos Aires, en La Habana, etc. Es que simplemente se mande por PDF, o sea, por mail todos los documentos escaneados y solo te dan cita si saben que los papeles que est\u00e1s dando son los correctos. Tenemos un problema tambi\u00e9n muy grande. En redes sociales la gente se est\u00e1 empezando a frustrar con los tiempos y a lo mejor no entienden que un proceso de este estilo, con el tama\u00f1o de gente y la cantidad de gente que va a solicitar la nacionalidad en sitios como Buenos Aires, pues probablemente la gente que vaya a solicitar este tr\u00e1mite a finales de los dos a\u00f1os de vigencia de esta ley, se van a acumular mucho tiempo, muchos meses, sin saber cu\u00e1l es el resultado final. No hay manos en los consulados para cubrir toda la demanda de trabajo que se est\u00e1 creando con esta ley. Evidentemente hay sitios en los que va a ser m\u00e1s f\u00e1cil cubrirlo porque es m\u00e1s f\u00e1cil rellenar ciertos puestos t\u00e9cnicos para ayudar en los consulados. Pero por ejemplo en Reino Unido es absolutamente imposible, porque estos contratos son de tres meses y aqu\u00ed en Reino Unido nadie va a dejar su trabajo por un trabajo pagado en condiciones precarias, solo tres meses y salarios muy cercanos al m\u00ednimo. Entonces va a haber lugares en donde va a haber serios problemas. <strong>Lo que tenemos que asegurarnos es que lo que nos dijo Xavier Mart\u00ed, el director general de consulares, se cumple. Y es que nadie se va a quedar fuera. El hizo la promesa de que nadie se quedar\u00eda afuera y de que si se tienen que abrir de par en par los consulados, los \u00faltimos meses, y simplemente recibir la informaci\u00f3n sin tener que chequearlo uno a uno, as\u00ed se har\u00e1.<\/strong> Tenemos que hacerle saber a la gente que debe mantener la calma. Son dos a\u00f1os. Todav\u00eda quedan veinte meses de vigencia y, si hay un poco de suerte y no hay un cambio de gobierno, esto se puede ampliar un tercer a\u00f1o, por consejo de ministros. Entonces ya hablar\u00edamos de otros treinta cuatro meses por delante.\u00a0<\/p>\n\n\n\n<figure class=\"wp-block-image size-large\"><img decoding=\"async\" width=\"1280\" height=\"720\" src=\"http:\/\/xn--tuvozdiasporaespaola-k7b.com\/wp-content\/uploads\/2023\/02\/maxresdefault281298290522171732493168..jpg?w=1024\" alt=\"\" class=\"wp-image-1145\" srcset=\"https:\/\/xn--tuvozdiasporaespaola-k7b.com\/wp-content\/uploads\/2023\/02\/maxresdefault281298290522171732493168..jpg 1280w, https:\/\/xn--tuvozdiasporaespaola-k7b.com\/wp-content\/uploads\/2023\/02\/maxresdefault281298290522171732493168.-300x169.jpg 300w, https:\/\/xn--tuvozdiasporaespaola-k7b.com\/wp-content\/uploads\/2023\/02\/maxresdefault281298290522171732493168.-1024x576.jpg 1024w, https:\/\/xn--tuvozdiasporaespaola-k7b.com\/wp-content\/uploads\/2023\/02\/maxresdefault281298290522171732493168.-768x432.jpg 768w\" sizes=\"(max-width: 1280px) 100vw, 1280px\" \/><\/figure>\n\n\n\n<p>Para finalizar, David Casarejos reafirm\u00f3 la idea de que es una <em><strong>\u201cverg\u00fcenza que haya CREs en el mundo que vaya a tratar de sacar tajada pol\u00edtica de esto. Creo que es una aut\u00e9ntica verg\u00fcenza, pero hay CREs que pertenecen a una o a otra lista, y sabemos de ciertas actuaciones. Yo personalmente me he quejado antes de las elecciones en Galicia del CRE de Buenos Aires\u201d. <\/strong><\/em><em>Y<\/em> a\u00f1adi\u00f3 adem\u00e1s que <strong><em>\u201cHay que tener en cuenta que desde el Consejo General nosotros no hemos parado. Yo present\u00e9 en el grupo de mi comisi\u00f3n de Derechos Civiles el texto que vamos a llevar adelante para discutirlo en marzo y aprobarlo en julio. Va a ser un texto sobre nacionalidad. Y que ser\u00eda para tratar de present\u00e1rselo a diferentes partidos como una posible ley de nacionalidad\u201d\u00a0\u00a0<\/em><\/strong>\u00a0<\/p>\n\n\n\n<p>Por Walter C. Medina, Redacci\u00f3n de revista TU VOZ,  Argentina.<br><\/p>\n","protected":false},"excerpt":{"rendered":"<p>Ley para la Nacionalidad y cambios en la elecci\u00f3n de los CREs Entrevista a David Casarejos. En di\u00e1logo con \u201cCenizas de Babilonia. Di\u00e1spora Espa\u00f1ola\u201d, &#8230; <\/p>\n<p class=\"read-more-container\"><a title=\"\u201cSI SE TIENEN QUE ABRIR LAS PUERTAS DE LOS CONSULADOS DE PAR EN PAR, QUE AS\u00cd SEA\u201d\" class=\"read-more button\" href=\"https:\/\/xn--tuvozdiasporaespaola-k7b.com\/page\/2\/si-se-tienen-que-abrir-las-puertas-de-los-consulados-de-par-en-par-que-asi-sea\/#more-1146\" aria-label=\"M\u00e1s en \u201cSI SE TIENEN QUE ABRIR LAS PUERTAS DE LOS CONSULADOS DE PAR EN PAR, QUE AS\u00cd SEA\u201d\">Leer m\u00e1s<\/a><\/p>\n","protected":false},"author":222560522,"featured_media":0,"comment_status":"open","ping_status":"open","sticky":false,"template":"","format":"standard","meta":{"footnotes":""},"categories":[1771],"tags":[],"class_list":["post-1146","post","type-post","status-publish","format-standard","hentry","category-sociales"],"_links":{"self":[{"href":"https:\/\/xn--tuvozdiasporaespaola-k7b.com\/page\/2\/wp-json\/wp\/v2\/posts\/1146","targetHints":{"allow":["GET"]}}],"collection":[{"href":"https:\/\/xn--tuvozdiasporaespaola-k7b.com\/page\/2\/wp-json\/wp\/v2\/posts"}],"about":[{"href":"https:\/\/xn--tuvozdiasporaespaola-k7b.com\/page\/2\/wp-json\/wp\/v2\/types\/post"}],"author":[{"embeddable":true,"href":"https:\/\/xn--tuvozdiasporaespaola-k7b.com\/page\/2\/wp-json\/wp\/v2\/users\/222560522"}],"replies":[{"embeddable":true,"href":"https:\/\/xn--tuvozdiasporaespaola-k7b.com\/page\/2\/wp-json\/wp\/v2\/comments?post=1146"}],"version-history":[{"count":0,"href":"https:\/\/xn--tuvozdiasporaespaola-k7b.com\/page\/2\/wp-json\/wp\/v2\/posts\/1146\/revisions"}],"wp:attachment":[{"href":"https:\/\/xn--tuvozdiasporaespaola-k7b.com\/page\/2\/wp-json\/wp\/v2\/media?parent=1146"}],"wp:term":[{"taxonomy":"category","embeddable":true,"href":"https:\/\/xn--tuvozdiasporaespaola-k7b.com\/page\/2\/wp-json\/wp\/v2\/categories?post=1146"},{"taxonomy":"post_tag","embeddable":true,"href":"https:\/\/xn--tuvozdiasporaespaola-k7b.com\/page\/2\/wp-json\/wp\/v2\/tags?post=1146"}],"curies":[{"name":"wp","href":"https:\/\/api.w.org\/{rel}","templated":true}]}}