{"id":11421,"date":"2025-12-13T18:56:23","date_gmt":"2025-12-13T21:56:23","guid":{"rendered":"https:\/\/xn--tuvozdiasporaespaola-k7b.com\/page\/2\/?p=11421"},"modified":"2025-12-13T18:56:24","modified_gmt":"2025-12-13T21:56:24","slug":"cuando-la-economia-apunta-a-la-guerra","status":"publish","type":"post","link":"https:\/\/xn--tuvozdiasporaespaola-k7b.com\/page\/2\/cuando-la-economia-apunta-a-la-guerra\/","title":{"rendered":"CUANDO LA ECONOM\u00cdA APUNTA A LA GUERRA."},"content":{"rendered":"\n<p>Por Fernando Ortega de El Bergued\u00e1,  Catalu\u00f1a <\/p>\n\n\n\n<p>El debate que Catalunya necesita<\/p>\n\n\n\n<p>La Generalitat y la patronal impulsan el crecimiento militar en Catalunya mientras la sociedad permanece al margen del debate. \u00bfQu\u00e9 modelo econ\u00f3mico estamos construyendo?<\/p>\n\n\n\n<p>La industria de defensa vive una expansi\u00f3n acelerada en Espa\u00f1a y en Europa. Catalunya quiere su parte y la Generalitat, junto a Foment de Treball, ha iniciado una apuesta expl\u00edcita por convertir el territorio en un nodo tecnol\u00f3gico militar. Pero mientras el Govern presenta este giro como un simple \u201cvector de competitividad\u201d, surgen preguntas esenciales: \u00bfqu\u00e9 ganamos y qu\u00e9 perdemos? \u00bfEs la militarizaci\u00f3n econ\u00f3mica compatible con un proyecto progresista? \u00bfY qui\u00e9n decide hacia d\u00f3nde se orienta nuestro modelo productivo?<\/p>\n\n\n\n<p>Espa\u00f1a en la econom\u00eda de guerra: un contexto que arrastra a todos.<\/p>\n\n\n\n<p>Espa\u00f1a ha entrado, sin ambages, en la nueva econom\u00eda de guerra europea. La guerra entre Rusia y Ucrania ha acelerado el rearme del continente, y el Gobierno central ha respondido elevando el gasto militar por encima del 2% del PIB, comprometiendo decenas de miles de millones en nuevos programas de armamento.<\/p>\n\n\n\n<p>Este giro est\u00e1 transformando la estructura industrial del pa\u00eds.<\/p>\n\n\n\n<p> Se abren l\u00edneas de financiaci\u00f3n espec\u00edficas, se blindan acuerdos con grandes conglomerados \u2014Indra, Airbus, Navantia, Santa B\u00e1rbara General Dynamics, Escribano\u2014 y se impulsa un ecosistema militar con fuerte proyecci\u00f3n exterior. En ese contexto, Catalunya no quiere quedar al margen y reclama lo que considera su \u201cparte proporcional\u201d.<\/p>\n\n\n\n<p>Pero esta competencia entre territorios por atraer industria militar no es un proceso neutro: implica asumir la l\u00f3gica geopol\u00edtica y econ\u00f3mica de un sector \u00edntimamente ligado al conflicto.<\/p>\n\n\n\n<p>Catalunya reclama su porci\u00f3n en el nuevo negocio militar.<\/p>\n\n\n\n<p>El Govern de Salvador Illa ya lo dice sin rodeos: Catalunya debe aumentar su peso en la industria militar espa\u00f1ola y europea. Traducido: m\u00e1s empresas, m\u00e1s contratos, m\u00e1s financiaci\u00f3n p\u00fablica, m\u00e1s integraci\u00f3n en cadenas de suministro b\u00e9licas.<\/p>\n\n\n\n<p>Hoy, Catalunya concentra entre el 10% y el 12% de la facturaci\u00f3n estatal del sector. La estrategia impulsada por Generalitat y patronal aspira a escalar hasta el 15% o incluso el 20%. En t\u00e9rminos econ\u00f3micos, significa miles de millones adicionales en actividad vinculada directa o indirectamente a la defensa.La presentaci\u00f3n p\u00fablica de esta estrategia (difundida con normalidad, casi como si se tratara de impulsar la industria agroalimentaria o las energ\u00edas renovables) transmite una idea inquietante: el Govern est\u00e1 introduciendo a Catalunya en la econom\u00eda de guerra sin abrir un debate social, sin pedagog\u00eda democr\u00e1tica y sin una reflexi\u00f3n \u00e9tica m\u00ednima.<\/p>\n\n\n\n<p>La alianza Foment\u2013Generalitat: un eje silencioso y decisivo<\/p>\n\n\n\n<p>Este impulso no surge de forma espont\u00e1nea; responde a una convergencia de intereses entre actores muy concretos.<\/p>\n\n\n\n<p>.-Foment de TreballLa gran patronal catalana, presidida por Josep S\u00e1nchez Llibre, ve en la industria militar una oportunidad para atraer inversiones, reforzar la base industrial y vincular Catalunya a proyectos europeos de alto valor tecnol\u00f3gico.<\/p>\n\n\n\n<p>.- Govern de CatalunyaA trav\u00e9s del Departament d\u2019Empresa i Treball, ACCI\u00d3 y el Departament d\u2019Economia, el Govern ha asumido la industria militar como una pieza en su estrategia de reindustrializaci\u00f3n. La idea: si Europa va a gastar miles de millones en defensa, Catalunya debe captarlos.<\/p>\n\n\n\n<p>.-Empresas tecnol\u00f3gicas catalanasEmpresas como Tecnonaval, GTD, Cidesa o Aertec buscan posicionarse en avi\u00f3nica, ciberdefensa, sensores, comunicaciones cifradas y veh\u00edculos no tripulados. No fabrican bombas, pero s\u00ed los sistemas que permiten que esas bombas sean m\u00e1s precisas, m\u00e1s letales y m\u00e1s integradas en conflictos contempor\u00e1neos.<\/p>\n\n\n\n<p>El relato oficial habla de \u201ctecnolog\u00eda dual\u201d.<\/p>\n\n\n\n<p> Es cierto, pero parcial. La frontera entre uso civil y militar es cada vez m\u00e1s difusa, y Catalunya est\u00e1 entrando en un terreno cuyo horizonte final no controla.Catalunya como nodo militar europeo: riesgos de fondoLa apuesta militar no es gratis y genera tres riesgos profundos:<\/p>\n\n\n\n<p>1. Dependencia econ\u00f3micaEl dinero militar es abundante en momentos de tensi\u00f3n, pero extremadamente vol\u00e1til. Basta con una desescalada internacional para que los proyectos se congelen. Si Catalunya orienta su tejido productivo hacia cadenas militares que no decide, puede quedar atrapada en un sector tan lucrativo como inestable.<\/p>\n\n\n\n<p>2. Normalizaci\u00f3n social del conflictoCuando la guerra se convierte en motor econ\u00f3mico, se difumina el debate sobre su legitimidad. El Govern ya habla de \u201coportunidades\u201d sin mencionar dilemas \u00e9ticos o impactos sociales. La izquierda no puede permitir que la l\u00f3gica b\u00e9lica se normalice hasta convertirse en un criterio de competitividad econ\u00f3mica.<\/p>\n\n\n\n<p>3. Desplazamiento de sectores prioritariosCada euro que se dirige al sector militar es un euro que no se invierte en industria verde, salud, movilidad sostenible, infraestructuras energ\u00e9ticas, cuidados o tecnolog\u00edas biom\u00e9dicas. Catalunya podr\u00eda liderar la transici\u00f3n ecol\u00f3gica europea, pero corre el riesgo de desviar recursos hacia un sector que no genera cohesi\u00f3n social sino dependencia geoestrat\u00e9gica.<\/p>\n\n\n\n<p>La promesa del empleo: un argumento parcialFoment y el Govern repiten una idea que funciona medi\u00e1ticamente: \u201cla industria de defensa crea empleo\u201d.<\/p>\n\n\n\n<p>La se\u00f1al m\u00e1s preocupante de este viraje es el mensaje que la Generalitat ha trasladado recientemente a la industria automovil\u00edstica catalana: se anima al sector a explorar v\u00edas de reconversi\u00f3n hacia tecnolog\u00edas vinculadas a defensa, especialmente en electr\u00f3nica, plataformas no tripuladas y componentes duales.<\/p>\n\n\n\n<p>Que un sector estrat\u00e9gico como el de la automoci\u00f3n (clave para la transici\u00f3n verde, la movilidad el\u00e9ctrica y el empleo industrial) reciba este tipo de orientaci\u00f3n, muestra hasta qu\u00e9 punto el Govern est\u00e1 priorizando la l\u00f3gica militar sobre la l\u00f3gica social y ecol\u00f3gica. <\/p>\n\n\n\n<p>En lugar de reforzar la transformaci\u00f3n energ\u00e9tica y tecnol\u00f3gica civil, se empuja a las empresas a alinearse con el nuevo negocio b\u00e9lico europeo. \u00abCrea empleo\u00bb, pero la comparaci\u00f3n importa.<\/p>\n\n\n\n<p>Los sectores verde, tecnol\u00f3gico civil, biom\u00e9dico, digital, aeron\u00e1utico no militar, de cuidados o de rehabilitaci\u00f3n energ\u00e9tica crean m\u00e1s empleo, de mayor estabilidad y con mayor retorno social. <\/p>\n\n\n\n<p>Y, sobre todo, no dependen de la existencia de conflictos para justificar su crecimiento.<\/p>\n\n\n\n<p>Orientar la industria catalana hacia la defensa equivale a apostar por un sector que vive del conflicto, mientras se descuidan sectores que generan bienestar estructural. \u00bfSeguridad? \u00bfPara qui\u00e9n y entendida c\u00f3mo? La justificacio?n habitual del Govern es que \u201csin seguridad no hay libertad\u201d. <\/p>\n\n\n\n<p>Pero esta frase, en el contexto actual, funciona como una coartada para justificar la l\u00f3gica militar. La seguridad real en Catalunya depende de factores mucho m\u00e1s pr\u00f3ximos:empleo establevivienda asequibleenerg\u00eda limpia y baratasanidad fuerteresiliencia clim\u00e1ticatransporte p\u00fablico digno.<\/p>\n\n\n\n<p>Ninguno de estos elementos aparece en los discursos que celebran la llegada de dinero militar. Existe una disonancia evidente: se llama \u201cseguridad\u201d a algo que poco tiene que ver con la vida cotidiana de la ciudadan\u00eda.<\/p>\n\n\n\n<p>Lo que realmente est\u00e1 en juego: el modelo de pa\u00edsCatalunya est\u00e1 tomando una decisi\u00f3n estructural sin debate democr\u00e1tico: convertirse en un nodo de la econom\u00eda de guerra europea. No es una decisi\u00f3n t\u00e9cnica. Es pol\u00edtica y moral.<\/p>\n\n\n\n<p>Tres preguntas deber\u00edan formar parte del debate p\u00fablico:<\/p>\n\n\n\n<p>1. \u00bfQueremos que el bienestar del pa\u00eds dependa de la escalada militar europea?<\/p>\n\n\n\n<p>2. \u00bfPuede la izquierda permitir que la industria de la guerra se normalice como un sector econ\u00f3mico m\u00e1s?<\/p>\n\n\n\n<p>3. \u00bfQu\u00e9 modelo productivo queremos para 2030-2040: el de la transici\u00f3n ecol\u00f3gica o el de la militarizaci\u00f3n tecnol\u00f3gica?Catalunya tiene las capacidades para liderar sectores que generan vida: energ\u00eda verde, biotecnolog\u00eda, bater\u00edas, IA \u00e9tica, aeron\u00e1utica civil, econom\u00eda de cuidados y movilidad sostenible. <\/p>\n\n\n\n<p>Pero est\u00e1 orientando esfuerzos, incentivos y capital p\u00fablico hacia un sector que vive de la destrucci\u00f3n.Conclusi\u00f3n: elegir mientras a\u00fan hay tiempoLa presi\u00f3n de Europa empuja. La patronal presiona. <\/p>\n\n\n\n<p>El Govern asume el discurso. Pero ninguna de estas din\u00e1micas es inevitable.Catalunya puede negarse a que su estructura econ\u00f3mica dependa del rearme europeo. Puede reclamar un modelo basado en bienestar, innovaci\u00f3n civil, transici\u00f3n verde y cohesi\u00f3n social. <\/p>\n\n\n\n<p>Puede construir un futuro que no est\u00e9 subordinado al negocio de la guerra.La pregunta no es t\u00e9cnica. Es profundamente pol\u00edtica:\u00bfQueremos un pa\u00eds que gana cuando estalla un conflicto o un pa\u00eds que gana cuando vive mejor su gente?. <\/p>\n\n\n\n<p>Catalunya debe responder ahora. Porque lo que decidamos hoy definir\u00e1 el pa\u00eds que seremos ma\u00f1ana.<\/p>\n\n\n\n<figure class=\"wp-block-image size-full\"><img fetchpriority=\"high\" decoding=\"async\" width=\"640\" height=\"640\" src=\"https:\/\/xn--tuvozdiasporaespaola-k7b.com\/wp-content\/uploads\/2025\/12\/1000434546-5.jpg\" alt=\"\" class=\"wp-image-11422\" srcset=\"https:\/\/xn--tuvozdiasporaespaola-k7b.com\/wp-content\/uploads\/2025\/12\/1000434546-5.jpg 640w, https:\/\/xn--tuvozdiasporaespaola-k7b.com\/wp-content\/uploads\/2025\/12\/1000434546-5-300x300.jpg 300w, https:\/\/xn--tuvozdiasporaespaola-k7b.com\/wp-content\/uploads\/2025\/12\/1000434546-5-150x150.jpg 150w\" sizes=\"(max-width: 640px) 100vw, 640px\" \/><\/figure>\n","protected":false},"excerpt":{"rendered":"<p>Por Fernando Ortega de El Bergued\u00e1, Catalu\u00f1a El debate que Catalunya necesita La Generalitat y la patronal impulsan el crecimiento militar en Catalunya mientras &#8230; <\/p>\n<p class=\"read-more-container\"><a title=\"CUANDO LA ECONOM\u00cdA APUNTA A LA GUERRA.\" class=\"read-more button\" href=\"https:\/\/xn--tuvozdiasporaespaola-k7b.com\/page\/2\/cuando-la-economia-apunta-a-la-guerra\/#more-11421\" aria-label=\"M\u00e1s en CUANDO LA ECONOM\u00cdA APUNTA A LA GUERRA.\">Leer m\u00e1s<\/a><\/p>\n","protected":false},"author":222560522,"featured_media":11423,"comment_status":"closed","ping_status":"open","sticky":false,"template":"","format":"standard","meta":{"footnotes":""},"categories":[121888],"tags":[],"class_list":["post-11421","post","type-post","status-publish","format-standard","has-post-thumbnail","hentry","category-ucrania","resize-featured-image"],"_links":{"self":[{"href":"https:\/\/xn--tuvozdiasporaespaola-k7b.com\/page\/2\/wp-json\/wp\/v2\/posts\/11421","targetHints":{"allow":["GET"]}}],"collection":[{"href":"https:\/\/xn--tuvozdiasporaespaola-k7b.com\/page\/2\/wp-json\/wp\/v2\/posts"}],"about":[{"href":"https:\/\/xn--tuvozdiasporaespaola-k7b.com\/page\/2\/wp-json\/wp\/v2\/types\/post"}],"author":[{"embeddable":true,"href":"https:\/\/xn--tuvozdiasporaespaola-k7b.com\/page\/2\/wp-json\/wp\/v2\/users\/222560522"}],"replies":[{"embeddable":true,"href":"https:\/\/xn--tuvozdiasporaespaola-k7b.com\/page\/2\/wp-json\/wp\/v2\/comments?post=11421"}],"version-history":[{"count":1,"href":"https:\/\/xn--tuvozdiasporaespaola-k7b.com\/page\/2\/wp-json\/wp\/v2\/posts\/11421\/revisions"}],"predecessor-version":[{"id":11424,"href":"https:\/\/xn--tuvozdiasporaespaola-k7b.com\/page\/2\/wp-json\/wp\/v2\/posts\/11421\/revisions\/11424"}],"wp:featuredmedia":[{"embeddable":true,"href":"https:\/\/xn--tuvozdiasporaespaola-k7b.com\/page\/2\/wp-json\/wp\/v2\/media\/11423"}],"wp:attachment":[{"href":"https:\/\/xn--tuvozdiasporaespaola-k7b.com\/page\/2\/wp-json\/wp\/v2\/media?parent=11421"}],"wp:term":[{"taxonomy":"category","embeddable":true,"href":"https:\/\/xn--tuvozdiasporaespaola-k7b.com\/page\/2\/wp-json\/wp\/v2\/categories?post=11421"},{"taxonomy":"post_tag","embeddable":true,"href":"https:\/\/xn--tuvozdiasporaespaola-k7b.com\/page\/2\/wp-json\/wp\/v2\/tags?post=11421"}],"curies":[{"name":"wp","href":"https:\/\/api.w.org\/{rel}","templated":true}]}}