{"id":11393,"date":"2025-12-12T21:40:44","date_gmt":"2025-12-13T00:40:44","guid":{"rendered":"https:\/\/xn--tuvozdiasporaespaola-k7b.com\/page\/2\/?p=11393"},"modified":"2025-12-12T21:40:45","modified_gmt":"2025-12-13T00:40:45","slug":"chile-enfrenta-las-elecciones-mas-polarizadas-de-su-historia","status":"publish","type":"post","link":"https:\/\/xn--tuvozdiasporaespaola-k7b.com\/page\/2\/chile-enfrenta-las-elecciones-mas-polarizadas-de-su-historia\/","title":{"rendered":"Chile enfrenta las elecciones m\u00e1s polarizadas de su historia."},"content":{"rendered":"\n<p>Por Francisco L\u00f3pez,  Secretario Ejecutivo CONAICOP ( Consejo Nacional e Internacional de la comunicaci\u00f3n Popular, Latinoam\u00e9rica) Argentina.<\/p>\n\n\n\n<p>Este pr\u00f3ximo domingo 14 de diciembre, Chile vota en un balotaje con dos opciones de marcado car\u00e1cter antagonista. La  progresista Janette Jara y el ultraderechista Jos\u00e9 Antonio Kast, que seg\u00fan las encuestas, conseguir\u00eda la presidencia. Una segunda vuelta marcada de nuevo por el debate migratorio, los recortes de estos 6.000 millones de d\u00f3lares que plantea Kast y la cercan\u00eda de este al pinochetismo.<\/p>\n\n\n\n<p>El tercer candidato, en la primera vuelta populista Franco Parisi, que enarbol\u00f3 su lema de ni facho ni comunacho en alusi\u00f3n a los dos candidatos que han pasado a segunda vuelta, ha llamado al voto nulo o en blanco. Los debates entre Jara y Kast han subido de tono ante la empresa a la que se enfrenta. <\/p>\n\n\n\n<p>Kast como bandera de campa\u00f1a expone \u201cEstamos se\u00f1alando a los inmigrantes, es que les quieran 98 d\u00edas para abandonar el pa\u00eds libremente y si no lo hacen una vez que sean identificados, una vez que sean controlados en alguna situaci\u00f3n, van a ser expulsados\u201d.<\/p>\n\n\n\n<p>Mientras Janet Jara no pierde la esperanza de remontada y dice lo siguiente: \u201c Quieren tratar de instalar un resultado electoral que todav\u00eda no se ha producido y yo discrepo profundamente , aqu\u00ed yo, solo quiero decir que en enero todo me dec\u00edan que la reforma no iba a salir y sali\u00f3. En las primarias, en junio, me dec\u00edan que no hab\u00eda por donde remontar y la gane con 60 por ciento. Y la primera vuelta presidencial, cuando varios dec\u00edan que iba a ser entre dos candidatos de derecha lo que van a pasar a segunda vuelta, lo que ocurri\u00f3 fue que yo la gan\u00e9. As\u00ed que en realidad tengo toda la expectativa que este 14 y siempre ganemos la segunda vuelta presidencial, por Chile, no por m\u00ed\u201d. <\/p>\n\n\n\n<p>Pues en este an\u00e1lisis nos vamos a preguntar si Kast ya lo tiene ganado contra Jara o no est\u00e1 todo dicho, a d\u00f3nde ir\u00e1n los votos de Parisi o si las promesas de expulsi\u00f3n de migrantes de Kast son factibles. <\/p>\n\n\n\n<p>Pregunt\u00e1ndonos  si ya lo tiene ganado Jos\u00e9 Antonio Kast, todav\u00eda queda batalla por dar Janette Jara,  la realidad que Jara, est\u00e1 complicada la elecci\u00f3n, yo dir\u00eda que hay un 75% de  probabilidades de que gan\u00e9 Kast, si analizamos los resultados  de la primera vuelta esa ser\u00eda  la l\u00f3gica de votaci\u00f3n de traspaso de votos , yo creo que lo tiene muy complicado  y adverso Janette Jara, pero siempre existe alguna posibilidad de que ocurra alg\u00fan hecho inusitado, a medida que pasa el tiempo y  se acercan las fechas se ve que disminuye las probabilidades de tanta diferencia.<\/p>\n\n\n\n<figure class=\"wp-block-image size-full\"><img fetchpriority=\"high\" decoding=\"async\" width=\"828\" height=\"552\" src=\"https:\/\/xn--tuvozdiasporaespaola-k7b.com\/wp-content\/uploads\/2025\/12\/1000573282.webp\" alt=\"\" class=\"wp-image-11399\" srcset=\"https:\/\/xn--tuvozdiasporaespaola-k7b.com\/wp-content\/uploads\/2025\/12\/1000573282.webp 828w, https:\/\/xn--tuvozdiasporaespaola-k7b.com\/wp-content\/uploads\/2025\/12\/1000573282-300x200.webp 300w, https:\/\/xn--tuvozdiasporaespaola-k7b.com\/wp-content\/uploads\/2025\/12\/1000573282-768x512.webp 768w\" sizes=\"(max-width: 828px) 100vw, 828px\" \/><\/figure>\n\n\n\n<p>Las \u00faltimas  encuestas que se han publicado 15 d\u00edas antes de la elecci\u00f3n dan a Jos\u00e9 Antonio Kast, entre un 51% o  53 %, a Jara entre el 35% y 45%, por lo que pareciera que ninguna encuesta est\u00e1 dando un resultado adverso para Kast, hemos visto tambi\u00e9n que en otros escenarios y en  otros pa\u00edses, las encuestas tambi\u00e9n han sido muy vol\u00e1tiles,  pero lo que hay que fijarse en estos \u00faltimos 10 d\u00edas de campa\u00f1a es  el tono del debate, en la aproximaci\u00f3n que tiene especialmente el candidato que probablemente obtenga la presidencia que Jos\u00e9 Antonio Kast, algunos temas que pueden crear controversia por  sus inconsistencias, los eventuales primeros 90 d\u00edas donde  plantea que quiere conducir un gobierno de emergencia,  lo que est\u00e1 claro que la suma de las derechas chilenas no est\u00e1n  canalizando el voto hacia Kast.<\/p>\n\n\n\n<p>No es menor una  distancia  7 u 8 puntos, versus una distancia de 15 o 20 puntos desde el punto de vista an\u00edmico, tanto para la derecha y tambi\u00e9n desde el punto de vista an\u00edmico electoral estrat\u00e9gico por el lado de la izquierda,  puede crear desencanto o pueden incentivar  al electorado. Y el caso de Chile creo que hay que tener adem\u00e1s algunas consideraciones que nos llevan a bajarle el perfil a los resultados que puedan tener en el 14 de diciembre ya que  tiene un sistema que es Bic\u00e1maeral, donde el Senado se renov\u00f3 por parcialidades en la elecci\u00f3n pasada hace un par de semanas, es decir, hay una suerte empate t\u00e9cnico entre la derecha e izquierda en el Senado y en la c\u00e1mara diputados hay tambi\u00e9n bastante atomizaci\u00f3n. <\/p>\n\n\n\n<p>Una de las grandes apuestas que hac\u00eda la derecha es que le fuese especialmente bien en la c\u00e1mara diputado y tuviese al menos mayor\u00eda simple para poder abordar parte importante del conjunto de reformas que requieren el visto bueno del Congreso por parte de Jos\u00e9 Antonio Kast, pero eso no ocurri\u00f3 entonces va a tener que ir a buscar votos que hoy  no tiene que pueden venir, de parte del liderazgo de Franco Parisi  y que tiene una bancada de 15 parlamentarios, parlamentarios en el Partido de la Gente , estos datos hacen que en la elecci\u00f3n del 14 de diciembre en una bipolarizaci\u00f3n ya consumada se estime m\u00e1s el voto Anti que el voto a favor.<\/p>\n\n\n\n<p>Volvamos  al Partido  de la Gente (que es un grupo bien heterog\u00e9neo) , o  a parte del centro izquierda moderada en algunos proyectos  cuyos votos podr\u00e1n orientar la balanza presidencial y la gobernabilidad de Chile.<\/p>\n\n\n\n<p>Hay varias inc\u00f3gnitas, ante un gobierno de Jos\u00e9 Antonio Kast y el partido que lo respalda que fue muy cr\u00edtico de la actual administraci\u00f3n, pero tambi\u00e9n fue muy cr\u00edtico de los dos procesos constituyentes que tuvieron a Chile con la atenci\u00f3n muy central en la exclusi\u00f3n institucional y en los dos procesos constitucionales, primero la convenci\u00f3n constitucional y posteriormente el consejo constitucional y eso la sociedad chilena y los partidos lo tienen muy presente.<\/p>\n\n\n\n<figure class=\"wp-block-image size-large\"><img decoding=\"async\" width=\"1024\" height=\"686\" src=\"https:\/\/xn--tuvozdiasporaespaola-k7b.com\/wp-content\/uploads\/2025\/12\/1000573270-1024x686.webp\" alt=\"\" class=\"wp-image-11397\" srcset=\"https:\/\/xn--tuvozdiasporaespaola-k7b.com\/wp-content\/uploads\/2025\/12\/1000573270-1024x686.webp 1024w, https:\/\/xn--tuvozdiasporaespaola-k7b.com\/wp-content\/uploads\/2025\/12\/1000573270-300x201.webp 300w, https:\/\/xn--tuvozdiasporaespaola-k7b.com\/wp-content\/uploads\/2025\/12\/1000573270-768x515.webp 768w, https:\/\/xn--tuvozdiasporaespaola-k7b.com\/wp-content\/uploads\/2025\/12\/1000573270.webp 1200w\" sizes=\"(max-width: 1024px) 100vw, 1024px\" \/><figcaption class=\"wp-element-caption\">Franco Parisi, en la campa\u00f1a presidencial de 2013. Luis Hidalgo (AP)<\/figcaption><\/figure>\n\n\n\n<p>Analizar estos posibles votos de Franco Parisi  (que ha llamado al voto nulo o al voto en blanco), y a quien se acerca  m\u00e1s el electorado, quiz\u00e1s a ninguno de los candidatos, porque creo que hay algunas encuestas que dicen que el electorado  del partido de la gente no cree que la clase pol\u00edtica escuche nunca los chilenos estar\u00edan 62% de los votantes de Parisi aunque con este nuevo escenario y a  la hora de la verdad podr\u00edan llegar a votar por alguno de los dos. <\/p>\n\n\n\n<p>El resultado o la  sumatoria de los candidatos de las derechas suma m\u00e1s de 50%, aunque entonces en una elecci\u00f3n incierta lo  que pueda ayudar el apoyo de estos  partidos  hac\u00eda Kast  es importante  y los recelos ante el olvido por parte de Kast de sus  dirigentes o votantes que no son de su \u00f3rbita, tambi\u00e9n lo es, la gente es estructural y  podr\u00eda desalentar las posiciones a la hora de definiciones que seguramente van a ir en un contexto de mayor fragmentaci\u00f3n, o de subirse al caballo ganador,  incierto panorama.<\/p>\n\n\n\n<p>Estos d\u00edas  ha habido un cambio en el tono del discurso que se vio en el \u00faltimo debate de la candidata Janette Jara que adopt\u00f3 una posici\u00f3n m\u00e1s bien de desafiante respecto al candidato Kast,  que significa un tono mucho m\u00e1s d\u00edscolo y de  contraataque continuo , en el caso del candidato Jos\u00e9 Antonio Kast hay una posici\u00f3n de mostrarse como  si ya hubiera ganado la elecci\u00f3n y vi\u00e9ndose desafiante, se  le vio  acorralado  y sin respuestas  a cada punto planteado, y claro eso influye en la percepci\u00f3n del votante, el porcentaje que va a sumar o no el Partido de la Gente, para un lado u otro ser\u00e1 trascendente. <\/p>\n\n\n\n<p>La candidatura de Janette Jara siempre ha sido compleja desde el punto de vista electoral la raz\u00f3n cargando con que  Janette Jara representa la continuidad ejecutiva de la administraci\u00f3n del presidente Boric, una administraci\u00f3n con su luces y sombras ha estado marcado por tener un apoyo ciudadano estable bajo del 30% en los mejores momentos y tambi\u00e9n en los momentos lograr alcanzar un porcentaje superior a 70%  muy dif\u00edcil para Janette Jara  sacarse de encima las responsabilidades de un gobierno tibio a la hora de ejecutar reformas y que le llev\u00f3 a  \u00edndices de desaprobaci\u00f3n de la administraci\u00f3n de Daniel Boric, datos altos y consistentes,  ese es un elemento que hace muy dif\u00edcil esta elecci\u00f3n para Janette Jara si la gente la ve dubitativa, ahora bien con la determinaci\u00f3n  que se la vio en este debate con Kast,  el votante se dio cuenta que su liderazgo es la de una l\u00edder con ideas claras y propuestas contundentes, lo que la  hacen atractiva  en su  candidatura ante un Kast prepotente qu\u00e9 se cree que gan\u00f3 las elecciones sin celebrarse y solo propone odio y destrucci\u00f3n.<\/p>\n\n\n\n<p>La migraci\u00f3n es una de las grandes batallas sin duda de Jos\u00e9 Antonio Kast y  la principal preocupaci\u00f3n de los ch\u00edlenos (ahora mismo) por lo que  ha prometido que expulsar\u00e1 300.000 migrantes (ve\u00edamos en el pen\u00faltimo debate antes de la elecci\u00f3n como Janet Jara le preguntaba c\u00f3mo va a conseguir esto,  dec\u00eda Jos\u00e9 Antonio Kast que no se va a pagar dinero que se les va a invitar a ir pero no daba una forma concreta para realizarlo propuesta d\u00e9bil que no la estimo nadie)<\/p>\n\n\n\n<p>Esta propuesta m\u00e1s all\u00e1 del electoralismo en la operativa es dif\u00edcil de conseguir  dir\u00edamos a los migrantes que no se preocupen que legalmente no se puede hacer mucho,  sin embargo hay que reconocer que en pol\u00edtica vender humo es m\u00e1s  importante que la realidad o no de lo que se quiere o se puede hacer y m\u00e1s all\u00e1 del eslogan, son las consecuencias que tienen del rendimiento electoral que tiene este tema del odio al migrante,  que es un tema bastante complejo y representa por otro lado  una venta de espejitos de colores que  la candidata Janet Jara  en el debate dej\u00f3 al  descubierto  aparte de impugnar constantemente a Jos\u00e9 Antonio Kast respecto al realismo de de estas pol\u00edticas, que producen una consecuencia electoral y beneficios en el corto plazo pero puede producir como una suerte de enga\u00f1o de las promesas que se haga, produciendo una falta de credibilidad del gobierno en un plazo corto de seis meses en caso de estar en el gobierno Jos\u00e9 Antonio Kast.<\/p>\n\n\n\n<p>Para terminar  se habl\u00f3 tambi\u00e9n de la dictadura de  Pinochet y lo que dijo al respecto  Janet Jara (que coment\u00f3)  que  lo que se ha visto en chile es una dictadura de derechas no una dictadura comunista y hemos visto tambi\u00e9n a un Jos\u00e9 Antonio Kast que para estas elecciones ha dejado un poco del lado este tema de la dictadura, no ha querido hablar tampoco de posibles indultos a militares, por no entrar en un terreno fangoso que en otras ocasiones parece que s\u00ed que le ha arrestado votos, Kast ha conseguido desligarse de esas palabras, de esos apoyos que ha podido dar en otras ocasiones y que ha conseguido que esto no forme parte tan importante el debate.<\/p>\n\n\n\n<figure class=\"wp-block-image size-full\"><img decoding=\"async\" width=\"800\" height=\"450\" src=\"https:\/\/xn--tuvozdiasporaespaola-k7b.com\/wp-content\/uploads\/2025\/12\/1000573274.webp\" alt=\"\" class=\"wp-image-11398\" srcset=\"https:\/\/xn--tuvozdiasporaespaola-k7b.com\/wp-content\/uploads\/2025\/12\/1000573274.webp 800w, https:\/\/xn--tuvozdiasporaespaola-k7b.com\/wp-content\/uploads\/2025\/12\/1000573274-300x169.webp 300w, https:\/\/xn--tuvozdiasporaespaola-k7b.com\/wp-content\/uploads\/2025\/12\/1000573274-768x432.webp 768w\" sizes=\"(max-width: 800px) 100vw, 800px\" \/><\/figure>\n\n\n\n<p>Este domingo 14  estar\u00e1n enfrente dos sistemas uno  de ultraderecha neoliberal , que ataca a las personas migrantes ( a pesar de que Kast  es descendientes de inmigrantes  alemanes y m\u00e1s concretamente de un oficial huido de Europa NAZI) revindica la dictadura, defiende jubilaci\u00f3nes para pocos controladas por las AFJP. Una reforma laboral excluyente, ganancias m\u00e1s abusivas de la oligarqu\u00eda chilena, continuar con la represi\u00f3n e incentivar la continuidad de las privatizaciones, construir c\u00e1rceles de m\u00e1xima seguridad, endurecer las penas a los infractores de la ley, cerrar las fronteras en todos aquellos lugares donde haya pasos irregulares\u00bb, afirm\u00f3, como parte de su Plan Escudo Fronterizo, impulsar la \u00abausteridad\u00bb, recortando el gasto fiscal en US$6.000 millones en un plazo de 18 meses, una (medida cuya factibilidad de ser aplicada ha sido puesta en duda por la magnitud de un recorte que, para concretarse, implicar\u00eda una disminuci\u00f3n de beneficios sociales para la poblaci\u00f3n).<\/p>\n\n\n\n<p>En  el otro  lado Janette Jara con un mensaje centrado en un mayor acceso a las redes de protecci\u00f3n social, medidas para enfrentar los problemas de seguridad, institucionalizar los derechos  con la creaci\u00f3n de un subsidio unificado al empleo para mujeres, j\u00f3venes y adultos mayores, adem\u00e1s de la reducci\u00f3n de las listas de espera para la atenci\u00f3n m\u00e9dica, la creaci\u00f3n de un \u00abingreso vital\u00bb cercano a los US$ 800 mensuales para mejorar la situaci\u00f3n econ\u00f3mica de las familias m\u00e1s vulnerables, el cual ser\u00eda financiado gradualmente con subsidios estatales a peque\u00f1as y medianas empresas , en educaci\u00f3n y vivienda reducir el precio de las cuentas de luz y que el Estado entregue un apoyo econ\u00f3mico al ahorro que realizan los j\u00f3venes de entre 25 y 40 a\u00f1os para la compra de una vivienda en sanidad y educaci\u00f3n,   eliminar el uso de la Unidad de Fomento (UF) en las \u00e1reas de salud y educaci\u00f3n para evitar el aumento \u00abexcesivo\u00bb de los pagos. (La UF es un \u00edndice que se reajusta diariamente seg\u00fan la inflaci\u00f3n y se utiliza para expresar el valor de las viviendas, los pr\u00e9stamos bancarios o el costo de los seguros de salud). <\/p>\n\n\n\n<figure class=\"wp-block-image size-full\"><img loading=\"lazy\" decoding=\"async\" width=\"979\" height=\"551\" src=\"https:\/\/xn--tuvozdiasporaespaola-k7b.com\/wp-content\/uploads\/2025\/12\/1000573281.jpg\" alt=\"\" class=\"wp-image-11400\" srcset=\"https:\/\/xn--tuvozdiasporaespaola-k7b.com\/wp-content\/uploads\/2025\/12\/1000573281.jpg 979w, https:\/\/xn--tuvozdiasporaespaola-k7b.com\/wp-content\/uploads\/2025\/12\/1000573281-300x169.jpg 300w, https:\/\/xn--tuvozdiasporaespaola-k7b.com\/wp-content\/uploads\/2025\/12\/1000573281-768x432.jpg 768w\" sizes=\"(max-width: 979px) 100vw, 979px\" \/><\/figure>\n\n\n\n<p>Otra propuesta es la creaci\u00f3n de un subsidio unificado al empleo para mujeres, j\u00f3venes y adultos mayores, adem\u00e1s de la reducci\u00f3n de las listas de espera para la atenci\u00f3n m\u00e9dica.como puntos fundamentales de su programa. Sostuvo que, si gana, su gobierno apostar\u00e1 por representar la visi\u00f3n de la izquierda y la centroizquierda agrupada en la coalici\u00f3n pol\u00edtica que la respalda.\u00bbEn mi gobierno queremos poner m\u00e1s plata en tu bolsillo\u00bb.<\/p>\n\n\n\n<p>El plan de gobierno de Kast ha generado comparaciones con figuras como  el de Argentina, Javier Milei; el de Estados Unidos, Donald Trump; o el expresidente de Brasil Jair Bolsonaro.<\/p>\n\n\n\n<p>La diferencia est\u00e1 clara Kast,  represi\u00f3n, recortes , que paguen menos los que m\u00e1s tienen , e incrementar los costos de la educaci\u00f3n, vivienda o sanidad con un estado ausente liberalizando aranceles para importaciones como hizo Milei y propiciando el hundimiento de peque\u00f1as y medianas empresas.<\/p>\n\n\n\n<p>Mientras Jara expone todo lo contrario prioriza lo humano al odio, los derechos a los recortes y el respeto a la represi\u00f3n con un estado presente para consolidar el desarrollo de las peque\u00f1as y medianas empresas pieza fundamental en la creaci\u00f3n de empleo y ampliaci\u00f3n del tejido industrial.<\/p>\n\n\n\n<p>Este 14 de diciembre  Chile decide y nada est\u00e1 resuelto en unas elecciones abiertas entre el fascismo y el progresismo.<\/p>\n\n\n\n<p>Jeannette Jara y Jos\u00e9 Antonio Kast, Foto Portada. <\/p>\n","protected":false},"excerpt":{"rendered":"<p>Por Francisco L\u00f3pez, Secretario Ejecutivo CONAICOP ( Consejo Nacional e Internacional de la comunicaci\u00f3n Popular, Latinoam\u00e9rica) Argentina. Este pr\u00f3ximo domingo 14 de diciembre, Chile &#8230; <\/p>\n<p class=\"read-more-container\"><a title=\"Chile enfrenta las elecciones m\u00e1s polarizadas de su historia.\" class=\"read-more button\" href=\"https:\/\/xn--tuvozdiasporaespaola-k7b.com\/page\/2\/chile-enfrenta-las-elecciones-mas-polarizadas-de-su-historia\/#more-11393\" aria-label=\"M\u00e1s en Chile enfrenta las elecciones m\u00e1s polarizadas de su historia.\">Leer m\u00e1s<\/a><\/p>\n","protected":false},"author":222560522,"featured_media":11401,"comment_status":"closed","ping_status":"open","sticky":false,"template":"","format":"standard","meta":{"footnotes":""},"categories":[121893,121853],"tags":[],"class_list":["post-11393","post","type-post","status-publish","format-standard","has-post-thumbnail","hentry","category-chile","category-elecciones","resize-featured-image"],"_links":{"self":[{"href":"https:\/\/xn--tuvozdiasporaespaola-k7b.com\/page\/2\/wp-json\/wp\/v2\/posts\/11393","targetHints":{"allow":["GET"]}}],"collection":[{"href":"https:\/\/xn--tuvozdiasporaespaola-k7b.com\/page\/2\/wp-json\/wp\/v2\/posts"}],"about":[{"href":"https:\/\/xn--tuvozdiasporaespaola-k7b.com\/page\/2\/wp-json\/wp\/v2\/types\/post"}],"author":[{"embeddable":true,"href":"https:\/\/xn--tuvozdiasporaespaola-k7b.com\/page\/2\/wp-json\/wp\/v2\/users\/222560522"}],"replies":[{"embeddable":true,"href":"https:\/\/xn--tuvozdiasporaespaola-k7b.com\/page\/2\/wp-json\/wp\/v2\/comments?post=11393"}],"version-history":[{"count":3,"href":"https:\/\/xn--tuvozdiasporaespaola-k7b.com\/page\/2\/wp-json\/wp\/v2\/posts\/11393\/revisions"}],"predecessor-version":[{"id":11402,"href":"https:\/\/xn--tuvozdiasporaespaola-k7b.com\/page\/2\/wp-json\/wp\/v2\/posts\/11393\/revisions\/11402"}],"wp:featuredmedia":[{"embeddable":true,"href":"https:\/\/xn--tuvozdiasporaespaola-k7b.com\/page\/2\/wp-json\/wp\/v2\/media\/11401"}],"wp:attachment":[{"href":"https:\/\/xn--tuvozdiasporaespaola-k7b.com\/page\/2\/wp-json\/wp\/v2\/media?parent=11393"}],"wp:term":[{"taxonomy":"category","embeddable":true,"href":"https:\/\/xn--tuvozdiasporaespaola-k7b.com\/page\/2\/wp-json\/wp\/v2\/categories?post=11393"},{"taxonomy":"post_tag","embeddable":true,"href":"https:\/\/xn--tuvozdiasporaespaola-k7b.com\/page\/2\/wp-json\/wp\/v2\/tags?post=11393"}],"curies":[{"name":"wp","href":"https:\/\/api.w.org\/{rel}","templated":true}]}}