{"id":1136,"date":"2023-02-03T18:18:10","date_gmt":"2023-02-03T21:18:10","guid":{"rendered":"https:\/\/xn--tuvozdiasporaespaola-k7b.com\/?p=1136"},"modified":"2023-02-15T12:18:57","modified_gmt":"2023-02-15T15:18:57","slug":"nosotros-salimos-a-ganar","status":"publish","type":"post","link":"https:\/\/xn--tuvozdiasporaespaola-k7b.com\/page\/2\/nosotros-salimos-a-ganar\/","title":{"rendered":"\u201cNOSOTROS SALIMOS A GANAR\u201d"},"content":{"rendered":"\n<figure class=\"wp-block-pullquote\"><blockquote><p>Entrevista a Ra\u00fal P\u00e9rez, candidato a la Presidencia de la Comunidad Aut\u00f3noma de La Rioja por Podemos<\/p><\/blockquote><\/figure>\n\n\n\n<p>Nacido en Cantabria, criado en Bilbao, y riojano de adopci\u00f3n, Ra\u00fal P\u00e9rez es el candidato a la Presidencia de la Comunidad Aut\u00f3noma de La Rioja por Podemos. Luchador por los derechos de los trabajadores, posee una larga trayectoria sindical por la cual fue represaliado en forma de despido por su defensa ac\u00e9rrima de la clase obrera. <br>Trabajador y padre de familia, tal como se autodefine, Ra\u00fal P\u00e9rez, fue entrevistado por Roberto San Mart\u00edn, en el programa radiof\u00f3nico \u201cCenizas de Babilonia-Di\u00e1spora Espa\u00f1ola\u201d (Radio Argentina AM750), refiri\u00e9ndose, entre otros temas, a las propuestas del programa electoral que tiene como finalidad mejorar la vida de los habitantes de la Comunidad Aut\u00f3noma de La Rioja.<br><\/p>\n\n\n\n<figure class=\"wp-block-image size-large\"><img fetchpriority=\"high\" decoding=\"async\" width=\"957\" height=\"957\" src=\"http:\/\/xn--tuvozdiasporaespaola-k7b.com\/wp-content\/uploads\/2023\/02\/foto-raul3154375089917984391.jpeg?w=957\" alt=\"\" class=\"wp-image-1135\" srcset=\"https:\/\/xn--tuvozdiasporaespaola-k7b.com\/wp-content\/uploads\/2023\/02\/foto-raul3154375089917984391.jpeg 957w, https:\/\/xn--tuvozdiasporaespaola-k7b.com\/wp-content\/uploads\/2023\/02\/foto-raul3154375089917984391-300x300.jpeg 300w, https:\/\/xn--tuvozdiasporaespaola-k7b.com\/wp-content\/uploads\/2023\/02\/foto-raul3154375089917984391-150x150.jpeg 150w, https:\/\/xn--tuvozdiasporaespaola-k7b.com\/wp-content\/uploads\/2023\/02\/foto-raul3154375089917984391-768x768.jpeg 768w\" sizes=\"(max-width: 957px) 100vw, 957px\" \/><figcaption class=\"wp-element-caption\">Raul P\u00e9rez<\/figcaption><\/figure>\n\n\n\n<p><strong>\u00bfQui\u00e9n es Ra\u00fal P\u00e9rez y c\u00f3mo se inici\u00f3 en la actividad pol\u00edtica?<\/strong><\/p>\n\n\n\n<p>Soy un trabajador y padre de familia. Por circunstancias de la vida me ha tocado vivir en diferentes sitios y ahora La Rioja es la tierra que me lo ha dado todo y yo s\u00f3lo quiero devolverle un poco. Empec\u00e9 en Podemos hace unos a\u00f1os, en principio s\u00f3lo para ayudar a poner carteles y esas cosas, pero poco a poco me fui involucrando m\u00e1s y m\u00e1s. En un partido como Podemos es f\u00e1cil involucrarse, es muy horizontal y participativo. Hay muchas asambleas, reuniones, conoces a mucha gente, conoces sus problemas, sus inquietudes; tratas de ayudar y de repente te ves metido de lleno. Estuve un tiempo en la directiva organizando asambleas locales en los pueblos de La Rioja que, en Podemos, como sabr\u00e9is, llamamos C\u00edrculos. B\u00e1sicamente pon\u00edamos en contacto a la gente de los pueblos para que quedaran y empezaran a auto-organizarse. En esos c\u00edrculos la gente trata de identificar los problemas de sus pueblos, organizar acciones reivindicativas y, b\u00e1sicamente, mejorar la vida de sus vecinas y vecinos. Gracias esta labor conoc\u00ed a mucha gente en La Rioja. No s\u00f3lo a la gente, sino tambi\u00e9n sus problemas, sus deseos, sus aspiraciones. Es un sistema maravilloso para conocer los problemas de tu comunidad a pie de calle, no desde un despacho. Recuerdo el lema del 15 M, \u201cO haces pol\u00edtica o le la hacen\u201d. Decid\u00ed presentarme para representar a Podemos en el Parlamento de La Rioja. Mis compa\u00f1eros me eligieron y aqu\u00ed estoy, orgulloso de haber sido elegido, consciente de la responsabilidad que tengo ahora, muy motivado y con muchas ganas de trabajar. Pero siempre consciente de que soy un obrero, una persona normal que viene a hacer pol\u00edtica para los m\u00edos, los de abajo, que son los que peor lo pasan y los que m\u00e1s lo necesitan.<br><\/p>\n\n\n\n<p><strong>\u00bfCu\u00e1les son los puntos b\u00e1sicos de tu programa electoral?<\/strong><\/p>\n\n\n\n<p>Los puntos b\u00e1sicos de nuestro programa tienen que ver con los problemas principales de nuestra comunidad. Para detectarlos lo primero que hace falta es un buen diagn\u00f3stico, y despu\u00e9s estudiarlos y proponer soluciones valientes para solucionarlos. La Rioja es una comunidad aut\u00f3noma peque\u00f1a. Somos poco m\u00e1s de 300 mil habitantes, de los cuales la mitad se concentran en la capital, en Logro\u00f1o. Somos ciento setenta y cuatro municipios en La Rioja, y sesenta y tres tienen menos de cien habitantes. Hablamos de m\u00e1s de un tercio de los pueblos de La Rioja que lamentablemente est\u00e1n a punto de desaparecer. Uno de cada tres pueblos de mi comunidad est\u00e1 condenado a desaparecer. Y es un drama, por supuesto para la gente de estos pueblos; pero va mucho m\u00e1s all\u00e1. Debemos darnos cuenta de que cuando un pueblo se muere, con \u00e9l tambi\u00e9n desaparece un pedazo de nuestra historia, de nuestra cultura y de nuestra propia identidad como riojanos. A\u00f1o a a\u00f1o la poblaci\u00f3n rural de La Rioja va disminuyendo y ninguna de las medidas que hist\u00f3ricamente se han propuesto desde los diferentes gobiernos, han conseguido revertir esta situaci\u00f3n. La renta media en los pueblos es sensiblemente menor que en las ciudades y hay insuficiencia de servicios p\u00fablicos esenciales como sanidad, educaci\u00f3n y transporte. Faltan espacios para sociabilizar, falta mucha visibilizaci\u00f3n y falta sobre todo mucha empat\u00eda con los aut\u00e9nticos custodios de nuestras tierras y de nuestros paisajes. Nuestra soluci\u00f3n, adem\u00e1s de mejorar los servicios que he mencionado antes, es un plan de choque que nadie haya hecho hasta ahora y que no s\u00f3lo sirva para parar esta di\u00e1spora, sino que la revierta. Nosotros proponemos una renta b\u00e1sica incondicional. Es decir, vamos a pagar a la gente una renta s\u00f3lo por vivir en un pueblo de menos de quinientos habitantes. Vamos a prolongar esta renta durante cinco a\u00f1os, y despu\u00e9s pensamos en ir ampliando esta renta a pueblos de hasta mil habitantes. Estamos convencidos de que con esta medida, no s\u00f3lo vamos a parar el \u00e9xodo rural, sino que lo vamos a revertir. Otro de los grandes problemas en La Rioja es la falta de infraestructura. Como dije antes, somos una comunidad peque\u00f1a, esto hace que no contemos mucho a nivel nacional, y que poco a poco hayamos sido olvidados por los planes de comunicaci\u00f3n a nivel estatal Vemos c\u00f3mo los grandes proyectos de ferrocarril nos pasan de largo, las grandes autov\u00edas nos esquivan, y eso tiene unas consecuencias nefastas en nuestra econom\u00eda. Tenemos los mejores vinos de Espa\u00f1a, reconocidos mundialmente, tenemos industria, pero cada vez es m\u00e1s dif\u00edcil y m\u00e1s caro sacar nuestros productos al exterior. Es complicado que una gran empresa venga a instalarse a La Rioja si va a tener tantos problemas para sacar sus productos. Hay otros grandes problemas: El precio de la vivienda y el alquiler est\u00e1n desbocados, crece la pobreza en nuestra comunidad; la atenci\u00f3n primaria necesita m\u00e1s profesionales. Son problemas que necesitan medidas estructurales, los parches que se han ido haciendo no sirven para solucionar los problemas. Hacen falta medidas valientes que soluciones los problemas, no los s\u00edntomas. Y para eso nos presentamos.<\/p>\n\n\n\n<figure class=\"wp-block-image size-large\"><img decoding=\"async\" width=\"1200\" height=\"900\" src=\"http:\/\/xn--tuvozdiasporaespaola-k7b.com\/wp-content\/uploads\/2023\/02\/4x3-raul-perez2856732203134087786.jpg?w=1024\" alt=\"\" class=\"wp-image-1137\" srcset=\"https:\/\/xn--tuvozdiasporaespaola-k7b.com\/wp-content\/uploads\/2023\/02\/4x3-raul-perez2856732203134087786.jpg 1200w, https:\/\/xn--tuvozdiasporaespaola-k7b.com\/wp-content\/uploads\/2023\/02\/4x3-raul-perez2856732203134087786-300x225.jpg 300w, https:\/\/xn--tuvozdiasporaespaola-k7b.com\/wp-content\/uploads\/2023\/02\/4x3-raul-perez2856732203134087786-1024x768.jpg 1024w, https:\/\/xn--tuvozdiasporaespaola-k7b.com\/wp-content\/uploads\/2023\/02\/4x3-raul-perez2856732203134087786-768x576.jpg 768w\" sizes=\"(max-width: 1200px) 100vw, 1200px\" \/><\/figure>\n\n\n\n<p><strong>El Parlamento riojano lo componen treinta y tres esca\u00f1os, y en las pasadas elecciones de 2019 Unidas Podemos consigui\u00f3 dos, luego de recibir 10.781 votos que permitieron que el gobierno de La Rioja fuera progresista, \u00bfcu\u00e1les son los objetivos para los comicios auton\u00f3micos a celebrarse en mayo?<\/strong><\/p>\n\n\n\n<p>Nosotros salimos a ganar.  Somos conscientes de nuestra fuerza y sabemos que no vamos a gobernar solos, pero cualquier fuerza pol\u00edtica que se presenta a las elecciones lo que quiere es gobernar, porque es la \u00fanica manera de llevar a cabo el programa electoral y mejorar la vida de la gente. Venimos de un per\u00edodo de cuatro a\u00f1os en el que hemos estado gobernando junto al Partido Socialista. Este gobierno progresista y de izquierdas tambi\u00e9n ha estado gobernando en Espa\u00f1a y en otras comunidades aut\u00f3nomas, y creo que se ha demostrado que hemos formado gobiernos solventes y estables que han sabido gobernar para toda la ciudadan\u00eda, pero en especial para los que peor lo est\u00e1n pasando. Han sido a\u00f1os de mucho trabajo y tambi\u00e9n de aprendizaje. Se han conseguido llevar a cabo medidas muy importantes que han mejorado sensiblemente la vida de los riojanos y riojanas, pero somos conscientes de que todav\u00eda hace falta mucho por hacer y nuestro objetivo es volver a gobernar y seguir implementando estas medidas. Nuestro objetivo es mejorar los resultados de 2019. Cuantos m\u00e1s seamos, m\u00e1s vamos a poder influenciar en el Partido Socialista y as\u00ed poder llevar a cabo medidas progresistas que nuestra comunidad necesita. En cualquier caso, es necesario repetir este gobierno progresista. No podemos permitir que la derecha destruya todo lo que hemos conseguido en estos a\u00f1os. Adem\u00e1s sabemos que la derecha dif\u00edcilmente podr\u00e1 gobernar sola; tendr\u00e1 que hacerlo con la ultraderecha y ya hemos visto lo que eso significa. En las comunidades donde la derecha gobierna con la ultraderecha se han puesto en tela de juicio derechos fundamentales que d\u00e1bamos por supuestos. Temas como el aborto, la sanidad p\u00fablica o la memoria democr\u00e1tica. Que la derecha gobierne implica retroceder m\u00e1s de cuarenta a\u00f1os en cuestiones fundamentales, y eso es algo que no podemos permitir.<br><\/p>\n\n\n\n<p><strong>Seg\u00fan el censo al 30 de noviembre de 2022, La Rioja tiene un total de 17.498 conciudadanos emigrantes, lo que supone el 7,50 por ciento del censo interno, repartidos, sobre todo, en pa\u00edses como Argentina, Uruguay y Chile. \u00bfExiste alguna medida espec\u00edfica para atender, desde el punto de vista auton\u00f3mico, a esa cantidad de riojanos y cu\u00e1les son las propuestas de Podemos La Rioja en relaci\u00f3n a la di\u00e1spora, tanto en el apoyo diario como para el retorno?<\/strong><\/p>\n\n\n\n<p>La oficina de Retorno de La Rioja depende de la Consejer\u00eda de Participaci\u00f3n, Cooperaci\u00f3n y Derechos Humanos, que es la consejer\u00eda que gestionamos desde Podemos en el gobierno de La Rioja. En este caso estamos orgullosos de nuestro trabajo en esta \u00e1rea, porque hasta que llegamos nosotros no se hab\u00eda hecho nada en este aspecto. Nuestra oficina trata de establecer un canal de comunicaci\u00f3n estable con la ciudadan\u00eda riojana en el exterior, que permita al gobierno de La Rioja conocer su situaci\u00f3n y necesidades, y tambi\u00e9n informar de los pasos a seguir si se plantean volver a La Rioja. Y esto lo hacemos con un servicio personalizado. Somos conscientes de que no hay soluciones universales. Cada riojano que vive en el exterior tiene circunstancias diferentes y problemas diferentes, por eso nosotros ofrecemos un servicio individualizado. En nuestra p\u00e1gina web,  www.volveralarioja.org  existe un registro donde las personas que se plantean volver pueden inscribirse. A partir de ese momento un trabajador de nuestra conserjer\u00eda se pondr\u00e1 en contacto directo con cada persona que se inscriba. Para nosotros las personas deben estar en el centro, por eso estudiamos cada caso individual y ofrecemos diferentes servicios, dependiendo de las necesidades de cada caso. Por un lado disponemos de asesor\u00eda laboral en la que un asesor explicar\u00e1 la situaci\u00f3n actual del mercado riojano, ayudar\u00e1 con el curr\u00edculum y proporcionar\u00e1 la informaci\u00f3n que la persona necesite. Adem\u00e1s en la Oficina Retorno colaboramos con otras administraciones p\u00fablicas de La Rioja para dar las soluciones que la persona necesite. Con esta asesor\u00eda ayudamos a las personas que quieran retornar a La Rioja. Por ejemplo con la convalidaci\u00f3n de los t\u00edtulos obtenidos en el extranjero y todos los tr\u00e1mites burocr\u00e1ticos. Sabemos que tenemos una deuda pendiente con nuestros ciudadanos exiliados y somos conscientes de las soluciones las tenemos que construir desde aqu\u00ed. No obstante en Podemos tenemos mucha fuerza en el exterior. Nuestras compa\u00f1eras y compa\u00f1eros est\u00e1n muy bien organizados en el extranjero y todos los a\u00f1os tenemos debates y charlas muy enriquecedoras en las que aprendemos de las experiencias y las necesidades de nuestra gente exiliada. Por eso sabemos que hay que poner a cada persona en el centro, estudiar cada caso y proponer soluciones individualizadas.&nbsp;<\/p>\n\n\n\n<figure class=\"wp-block-image size-large\"><img decoding=\"async\" width=\"1078\" height=\"1617\" src=\"http:\/\/xn--tuvozdiasporaespaola-k7b.com\/wp-content\/uploads\/2023\/02\/screenshot_20230203_181335_chrome4543477864201021775.jpg?w=683\" alt=\"\" class=\"wp-image-1138\" srcset=\"https:\/\/xn--tuvozdiasporaespaola-k7b.com\/wp-content\/uploads\/2023\/02\/screenshot_20230203_181335_chrome4543477864201021775.jpg 1078w, https:\/\/xn--tuvozdiasporaespaola-k7b.com\/wp-content\/uploads\/2023\/02\/screenshot_20230203_181335_chrome4543477864201021775-200x300.jpg 200w, https:\/\/xn--tuvozdiasporaespaola-k7b.com\/wp-content\/uploads\/2023\/02\/screenshot_20230203_181335_chrome4543477864201021775-683x1024.jpg 683w, https:\/\/xn--tuvozdiasporaespaola-k7b.com\/wp-content\/uploads\/2023\/02\/screenshot_20230203_181335_chrome4543477864201021775-768x1152.jpg 768w\" sizes=\"(max-width: 1078px) 100vw, 1078px\" \/><figcaption class=\"wp-element-caption\">Podemos gestiona retorno en la Rioja  que depende de la Consejer\u00eda de Participaci\u00f3n, Cooperaci\u00f3n y Derechos Humanos,<\/figcaption><\/figure>\n\n\n\n<p><strong>Dada la derogaci\u00f3n del Voto Rogado, \u00bfTen\u00e9is en Podemos La Rioja alguna acci\u00f3n electoral especial destinada a la emigraci\u00f3n?<\/strong><\/p>\n\n\n\n<p>El Voto Rogado se ha acabado gracias a la presi\u00f3n de los que viv\u00eds en el extranjero, y es algo de lo que pod\u00e9is estar muy orgullosos. Pero tambi\u00e9n explica de una forma muy clara por qu\u00e9 es necesario un gobierno progresista en Espa\u00f1a, y por qu\u00e9 es muy importante que en este gobierno haya un gobierno a la izquierda del Psoe, proponiendo pol\u00edticas m\u00e1s progresistas. Nosotros llev\u00e1bamos en el programa la derogaci\u00f3n del Voto Rogado desde nuestro nacimiento como partido. Y s\u00f3lo hasta que hemos estado gobernando se ha conseguido derogar. Estamos especialmente orgullosos de la ley 12\/2022 porque devuelve la voz a personas que injustamente hab\u00edan sido amordazadas. En cuanto a las acciones que tenemos previstas para pedir el voto en el extranjero, en Podemos estamos especialmente orgullosos de nuestros c\u00edrculos en el extranjero. Contamos con c\u00edrculos en Buenos Aires, Uruguay, Colombia, Paraguay, R\u00edo de Janeiro; en fin, hay muchos c\u00edrculos en toda Am\u00e9rica en donde se debate sobre lo que significa vivir en el extranjero y sobre lo que pasa en Espa\u00f1a visto desde la perspectiva \u00fanica de vivir en el exterior. Y precisamente este mes de febrero, los d\u00edas 24, 25 y 26, tenemos previsto el quinto foro de c\u00edrculos en el exterior. Podemos es un partido que naci\u00f3 de nuestras plazas y que siempre tiene un pie en la calle. Por eso estos foros, donde podemos escuchar y aprender de nuestra gente en el exterior son tan importantes.<\/p>\n\n\n\n<p>Transcripci\u00f3n efectuada por Walter C. Medina. Redacci\u00f3n de la Revista TU VOZ  Delegaci\u00f3n de Argentina.<\/p>\n","protected":false},"excerpt":{"rendered":"<p>Entrevista a Ra\u00fal P\u00e9rez, candidato a la Presidencia de la Comunidad Aut\u00f3noma de La Rioja por Podemos Nacido en Cantabria, criado en Bilbao, y &#8230; <\/p>\n<p class=\"read-more-container\"><a title=\"\u201cNOSOTROS SALIMOS A GANAR\u201d\" class=\"read-more button\" href=\"https:\/\/xn--tuvozdiasporaespaola-k7b.com\/page\/2\/nosotros-salimos-a-ganar\/#more-1136\" aria-label=\"M\u00e1s en \u201cNOSOTROS SALIMOS A GANAR\u201d\">Leer m\u00e1s<\/a><\/p>\n","protected":false},"author":222560522,"featured_media":0,"comment_status":"open","ping_status":"open","sticky":false,"template":"","format":"standard","meta":{"footnotes":""},"categories":[1771],"tags":[],"class_list":["post-1136","post","type-post","status-publish","format-standard","hentry","category-sociales"],"_links":{"self":[{"href":"https:\/\/xn--tuvozdiasporaespaola-k7b.com\/page\/2\/wp-json\/wp\/v2\/posts\/1136","targetHints":{"allow":["GET"]}}],"collection":[{"href":"https:\/\/xn--tuvozdiasporaespaola-k7b.com\/page\/2\/wp-json\/wp\/v2\/posts"}],"about":[{"href":"https:\/\/xn--tuvozdiasporaespaola-k7b.com\/page\/2\/wp-json\/wp\/v2\/types\/post"}],"author":[{"embeddable":true,"href":"https:\/\/xn--tuvozdiasporaespaola-k7b.com\/page\/2\/wp-json\/wp\/v2\/users\/222560522"}],"replies":[{"embeddable":true,"href":"https:\/\/xn--tuvozdiasporaespaola-k7b.com\/page\/2\/wp-json\/wp\/v2\/comments?post=1136"}],"version-history":[{"count":0,"href":"https:\/\/xn--tuvozdiasporaespaola-k7b.com\/page\/2\/wp-json\/wp\/v2\/posts\/1136\/revisions"}],"wp:attachment":[{"href":"https:\/\/xn--tuvozdiasporaespaola-k7b.com\/page\/2\/wp-json\/wp\/v2\/media?parent=1136"}],"wp:term":[{"taxonomy":"category","embeddable":true,"href":"https:\/\/xn--tuvozdiasporaespaola-k7b.com\/page\/2\/wp-json\/wp\/v2\/categories?post=1136"},{"taxonomy":"post_tag","embeddable":true,"href":"https:\/\/xn--tuvozdiasporaespaola-k7b.com\/page\/2\/wp-json\/wp\/v2\/tags?post=1136"}],"curies":[{"name":"wp","href":"https:\/\/api.w.org\/{rel}","templated":true}]}}