{"id":11336,"date":"2025-12-09T15:38:53","date_gmt":"2025-12-09T18:38:53","guid":{"rendered":"https:\/\/xn--tuvozdiasporaespaola-k7b.com\/page\/2\/?p=11336"},"modified":"2025-12-09T15:38:54","modified_gmt":"2025-12-09T18:38:54","slug":"rusia-advirtio-que-usar-fondos-congelados-podria-causar-la-guerra-total-en-europa","status":"publish","type":"post","link":"https:\/\/xn--tuvozdiasporaespaola-k7b.com\/page\/2\/rusia-advirtio-que-usar-fondos-congelados-podria-causar-la-guerra-total-en-europa\/","title":{"rendered":"Rusia advirti\u00f3 que usar fondos congelados podr\u00eda causar la guerra total en Europa."},"content":{"rendered":"\n<p>Redacci\u00f3n Internacional,  Argentina <\/p>\n\n\n\n<p>Hoy es tema candente, el de la guerra entre Rusia y Ucrania, pero  en Europa existe  un problema, que se llama la se\u00f1ora Ursula Gertrud von der Leyen (que se cree la nueva figura de Europa), y parte de la Comisi\u00f3n Europea, que pretende disponer de los fondos congelados en B\u00e9lgica de empresas y gobierno ruso sin pasar por la decisi\u00f3n soberana y total de consenso de todos los pa\u00edses europeos como es habitual.<\/p>\n\n\n\n<p>Lo que se se\u00f1ala es que Europa est\u00e1 afrontando la mayor tensi\u00f3n geopol\u00edtica tras una  advertencia   directa del gobierno ruso, esta decisi\u00f3n influye de manera  negativa en la econom\u00eda europea  ya que a muchos pa\u00edses europeos se les ha dicho \u201cse\u00f1ores lo que se va a hacer no es correcto porque hoy ser\u00e1 Rusia ma\u00f1ana podemos ser cualquiera de nosotros\u201d.<\/p>\n\n\n\n<p> \u00bfTocar los activos rusos congelados para financiar a Ucrania ser\u00eda interpretado por Mosc\u00fa como una raz\u00f3n de guerra? Seguramente s\u00ed, porque estar\u00edamos usando la plata de Rusia unos 90.000 millones de euros mediante mecanismos extraordinarios que sortear\u00e1n los vetos internos dentro del bloque, B\u00e9lgica donde se concentra la mayor\u00eda de estos activos rechaza frontalmente el plan al considerar que podr\u00eda exponer a sus contribuyentes a demandas internacionales millonarias.  <\/p>\n\n\n\n<p>B\u00e9lgica no quiere o\u00edr lo que se est\u00e1 diciendo ni lo que est\u00e1 proponiendo  la Comisi\u00f3n Europea, porque lo van a pagar sus propios ciudadanos en caso de demandas internacionales en un futuro.<\/p>\n\n\n\n<figure class=\"wp-block-image size-large\"><img fetchpriority=\"high\" decoding=\"async\" width=\"1024\" height=\"652\" src=\"https:\/\/xn--tuvozdiasporaespaola-k7b.com\/wp-content\/uploads\/2025\/12\/1000567034-1024x652.jpg\" alt=\"\" class=\"wp-image-11357\" srcset=\"https:\/\/xn--tuvozdiasporaespaola-k7b.com\/wp-content\/uploads\/2025\/12\/1000567034-1024x652.jpg 1024w, https:\/\/xn--tuvozdiasporaespaola-k7b.com\/wp-content\/uploads\/2025\/12\/1000567034-300x191.jpg 300w, https:\/\/xn--tuvozdiasporaespaola-k7b.com\/wp-content\/uploads\/2025\/12\/1000567034-768x489.jpg 768w, https:\/\/xn--tuvozdiasporaespaola-k7b.com\/wp-content\/uploads\/2025\/12\/1000567034-1536x977.jpg 1536w, https:\/\/xn--tuvozdiasporaespaola-k7b.com\/wp-content\/uploads\/2025\/12\/1000567034.jpg 1600w\" sizes=\"(max-width: 1024px) 100vw, 1024px\" \/><figcaption class=\"wp-element-caption\">Strasbourg (France), 01\/04\/2025.- European Commission President Ursula von der Leyen speaks during a debate on &#8216;Conclusions of the European Council meeting of 20 March 2025&#8217; at the European Parliament in Strasbourg, France, 01 April 2025. The EU Parliament&#8217;s session runs from 31 March to 03 April 2025. (Francia, Estrasburgo) EFE\/EPA\/RONALD WITTEK<\/figcaption><\/figure>\n\n\n\n<p>Lo que la mayor\u00eda de la poblaci\u00f3n ve desde el exterior es , como la Uni\u00f3n Europea se est\u00e1 descomponiendo en 100.000 pedazos por tener la dirigencia que  tiene. Y adem\u00e1s, hay algo que se est\u00e1 viendo en otros pa\u00edses  con respecto al servicio militar optativo (peligroso, hoy empieza con el optativo y ma\u00f1ana te lo van a imponer seguro) que Alemania comanda ante esta avalancha  belicista y de preguerra que nos intentan imponer a la sociedad desde algunos gobernantes Europeos.<\/p>\n\n\n\n<p>Los y las ciudadanas tienen derecho a decirle que no, ni optativo ni nada, no son ellos los que gobiernan, son las personas  las due\u00f1as de Europa, aunque  hay pa\u00edses como Alemania que perdi\u00f3 dos guerras  y siguen insistiendo con eso, por suerte no todos los pa\u00edses est\u00e1n de acuerdo con poner un servicio militar remunerado.<\/p>\n\n\n\n<p>Otro  debate militar se instala con la visita del presidente de franc\u00e9s a China  donde ha advertido a Xi Jinping del riesgo de desintegraci\u00f3n en el orden mundial, aunque la realidad es otra  m\u00e1s sencilla , el orden mundial est\u00e1 cambiando porque la hegemon\u00eda ya no es m\u00e1s de Estados Unidos, a\u00f1adiendo que el d\u00f3lar ya  no es la moneda predominante, (por lo menos as\u00ed lo es en algunos sectores o pa\u00edses, como los BRICS). <\/p>\n\n\n\n<p>Y China, que para algunos es la segunda potencia econ\u00f3mica mundial, para otros, la primera tiene un poder muy grande y lo hemos visto en estos d\u00edas  con respecto a Venezuela, previniendo consecuencias econ\u00f3micas y militares  para EEUU si se decidiera invadir Venezuela, est\u00e1 claro que tanto Rusia y China est\u00e1n en ese lado. <\/p>\n\n\n\n<p>Eso s\u00ed, Venezuela  es una frontera de lucha entre las grandes potencias, como  tambi\u00e9n  lo es Ucrania.<\/p>\n\n\n\n<p>Volviendo  al  servicio militar es un planteamiento m\u00e1s para la galer\u00eda, que para la realidad, ya que hay pa\u00edses que los tienen obligatorio ya hist\u00f3ricamente, pero hay otros que ni siquiera tienen ni piensan en llegar a tenerlos, como es el caso de Espa\u00f1a, Bulgaria, Slovakia, Slovenia, Hungr\u00eda, Irlanda, Italia, Luxemburgo, Malta y Pa\u00edses Bajos, Polonia, Portugal, Rumania o Rep\u00fablica Checa. <\/p>\n\n\n\n<p>Ser\u00eda complicado explicar a tus ciudadanos,  que vas a pelear por intereses econ\u00f3micos de los monopolios europeos y estadounidenses y  no vas por tu pa\u00eds, resumiendo, vas a ir a defender y a morir por  intereses que no son los de tu familia, ni de tu patria .<\/p>\n\n\n\n<p>Lo que est\u00e1 claro es que a la se\u00f1ora Ursula Gertrud von der Leyen le encanta la guerra y a Joachim-Friedrich Martin Josef Merz tambi\u00e9n  ya  que est\u00e1n jugando a ser h\u00e9roes cuando en realidad pretenden tapar su inoperancia para di\u00e1logos serios de Paz y no estar a expensas de los antojos del gobierno corrupto de Zelensky .<\/p>\n\n\n\n<p>Seria interesante que dejaran de promover guerras en Europa y  no usar\u00e1n  los fondos congelados de Rusia  ya que esto ser\u00eda un pistoletazo de salida hacia un destino incierto en el viejo continente , Europa tiene que despertar de su letargo reivindicar su protagonismo y no ser un buf\u00f3n al servicio de Donald Trump y del gobierno corrupto de Ucrania. <\/p>\n\n\n\n<p>Di\u00e1logos de paz y no carrera armament\u00edstica que nos encaminan o  llevan a la autodestrucci\u00f3n nuclear,  aqu\u00ed no hay solo dos intereses, el de Rusia o  el de Estados Unidos, hay un tercero  y no es ninguno de los anteriores y  no es otro que  el camino hacia la paz en territorio Europeo.<\/p>\n","protected":false},"excerpt":{"rendered":"<p>Redacci\u00f3n Internacional, Argentina Hoy es tema candente, el de la guerra entre Rusia y Ucrania, pero en Europa existe un problema, que se llama &#8230; <\/p>\n<p class=\"read-more-container\"><a title=\"Rusia advirti\u00f3 que usar fondos congelados podr\u00eda causar la guerra total en Europa.\" class=\"read-more button\" href=\"https:\/\/xn--tuvozdiasporaespaola-k7b.com\/page\/2\/rusia-advirtio-que-usar-fondos-congelados-podria-causar-la-guerra-total-en-europa\/#more-11336\" aria-label=\"M\u00e1s en Rusia advirti\u00f3 que usar fondos congelados podr\u00eda causar la guerra total en Europa.\">Leer m\u00e1s<\/a><\/p>\n","protected":false},"author":222560522,"featured_media":11358,"comment_status":"closed","ping_status":"open","sticky":false,"template":"","format":"standard","meta":{"footnotes":""},"categories":[121850],"tags":[],"class_list":["post-11336","post","type-post","status-publish","format-standard","has-post-thumbnail","hentry","category-politica","resize-featured-image"],"_links":{"self":[{"href":"https:\/\/xn--tuvozdiasporaespaola-k7b.com\/page\/2\/wp-json\/wp\/v2\/posts\/11336","targetHints":{"allow":["GET"]}}],"collection":[{"href":"https:\/\/xn--tuvozdiasporaespaola-k7b.com\/page\/2\/wp-json\/wp\/v2\/posts"}],"about":[{"href":"https:\/\/xn--tuvozdiasporaespaola-k7b.com\/page\/2\/wp-json\/wp\/v2\/types\/post"}],"author":[{"embeddable":true,"href":"https:\/\/xn--tuvozdiasporaespaola-k7b.com\/page\/2\/wp-json\/wp\/v2\/users\/222560522"}],"replies":[{"embeddable":true,"href":"https:\/\/xn--tuvozdiasporaespaola-k7b.com\/page\/2\/wp-json\/wp\/v2\/comments?post=11336"}],"version-history":[{"count":2,"href":"https:\/\/xn--tuvozdiasporaespaola-k7b.com\/page\/2\/wp-json\/wp\/v2\/posts\/11336\/revisions"}],"predecessor-version":[{"id":11359,"href":"https:\/\/xn--tuvozdiasporaespaola-k7b.com\/page\/2\/wp-json\/wp\/v2\/posts\/11336\/revisions\/11359"}],"wp:featuredmedia":[{"embeddable":true,"href":"https:\/\/xn--tuvozdiasporaespaola-k7b.com\/page\/2\/wp-json\/wp\/v2\/media\/11358"}],"wp:attachment":[{"href":"https:\/\/xn--tuvozdiasporaespaola-k7b.com\/page\/2\/wp-json\/wp\/v2\/media?parent=11336"}],"wp:term":[{"taxonomy":"category","embeddable":true,"href":"https:\/\/xn--tuvozdiasporaespaola-k7b.com\/page\/2\/wp-json\/wp\/v2\/categories?post=11336"},{"taxonomy":"post_tag","embeddable":true,"href":"https:\/\/xn--tuvozdiasporaespaola-k7b.com\/page\/2\/wp-json\/wp\/v2\/tags?post=11336"}],"curies":[{"name":"wp","href":"https:\/\/api.w.org\/{rel}","templated":true}]}}