{"id":11315,"date":"2025-12-08T16:35:13","date_gmt":"2025-12-08T19:35:13","guid":{"rendered":"https:\/\/xn--tuvozdiasporaespaola-k7b.com\/page\/2\/?p=11315"},"modified":"2025-12-08T17:14:13","modified_gmt":"2025-12-08T20:14:13","slug":"gabriela-montano-desde-la-celag-nos-habla-de-geopolitica-en-latinoamerica","status":"publish","type":"post","link":"https:\/\/xn--tuvozdiasporaespaola-k7b.com\/page\/2\/gabriela-montano-desde-la-celag-nos-habla-de-geopolitica-en-latinoamerica\/","title":{"rendered":"Gabriela Monta\u00f1o  desde la CELAG nos habla de geopol\u00edtica en Latinoam\u00e9rica"},"content":{"rendered":"\n<p>Hugo Castro Fau  realiz\u00f3 una entrevista en el programa radio \u201cCenizas de Babilonia\u00bb. Di\u00e1spora Espa\u00f1ola\u201d, que emite AM 830 Radio del Pueblo, con la conducci\u00f3n de Francisco L\u00f3pez en esta ocasi\u00f3n se entrevist\u00f3 a Gabriela Monta\u00f1o, Subdirectora de CELAG &#8211; DATA, hablando de Latinoam\u00e9rica y la Batalla Cultural.<\/p>\n\n\n\n<p> \u00bf<strong>C\u00f3mo est\u00e1s viendo la toda la situaci\u00f3n latinoamericana en base a estas pol\u00edticas cada vez m\u00e1s agresivas de intervencionismo del gobierno de ultraderecha de Estados Unidos? <\/strong><\/p>\n\n\n\n<p>Por supuesto hay cierta preocupaci\u00f3n por los avances de gobierno de ultraderecha, pero hay que debatirlo y discutirlo m\u00e1s a fondo, creo.<\/p>\n\n\n\n<p>Nosotros desde CELAG hemos publicado en varias ocasiones art\u00edculos y estudios que nos permiten decir que no es cierto que la derecha est\u00e9 controlando latinoam\u00e9rica totalmente, estamos en un continente en disputa, es cierto, pero si revisamos los datos realmente, hay varias variables que nos demuestran, por ejemplo, que la mayor\u00eda de la poblaci\u00f3n en latinoam\u00e9rica est\u00e1 siendo gobernada por gobiernos de izquierda, progresistas, a pesar,  de los resultados de las \u00faltimas elecciones en Bolivia, en Bolivia ha entrado a gobernar un gobierno de derecha, inclusive, tomando en cuenta que hay posibilidades de que en Chile en las elecciones pr\u00f3ximas de segunda vuelta pueda ingresar a gobernar un gobierno de derecha, que no es lo que queremos, pero puede suceder. <\/p>\n\n\n\n<p>La mayor parte de la poblaci\u00f3n latinoamericana est\u00e1 siendo gobernada por gobiernos de izquierda o progresistas y hay pa\u00edses como M\u00e9xico, con una solidez muy grande en su proceso y es uno de los pa\u00edses con mayor cantidad de poblaci\u00f3n en Latinoam\u00e9rica. Si hacemos el c\u00e1lculo  el \u00fanico factor que podr\u00eda medirse es el que la derecha estar\u00eda ganando cuando hacemos el conteo por pa\u00edses.<\/p>\n\n\n\n<p>Comparando la cantidad de pa\u00edses que est\u00e1n siendo gobernados por la derecha y la cantidad de pa\u00edses que est\u00e1n siendo gobernados por gobiernos de izquierda o progresistas, ah\u00ed s\u00ed, la derecha y la ultraderecha tienen una leve ventaja frente a la izquierda.<\/p>\n\n\n\n<figure class=\"wp-block-image size-large\"><img fetchpriority=\"high\" decoding=\"async\" width=\"1024\" height=\"577\" src=\"https:\/\/xn--tuvozdiasporaespaola-k7b.com\/wp-content\/uploads\/2025\/12\/1000565400-1024x577.jpg\" alt=\"\" class=\"wp-image-11329\" srcset=\"https:\/\/xn--tuvozdiasporaespaola-k7b.com\/wp-content\/uploads\/2025\/12\/1000565400-1024x577.jpg 1024w, https:\/\/xn--tuvozdiasporaespaola-k7b.com\/wp-content\/uploads\/2025\/12\/1000565400-300x169.jpg 300w, https:\/\/xn--tuvozdiasporaespaola-k7b.com\/wp-content\/uploads\/2025\/12\/1000565400-768x433.jpg 768w, https:\/\/xn--tuvozdiasporaespaola-k7b.com\/wp-content\/uploads\/2025\/12\/1000565400.jpg 1080w\" sizes=\"(max-width: 1024px) 100vw, 1024px\" \/><\/figure>\n\n\n\n<p>Por lo tanto, para m\u00ed hay que sentar sobre la mesa que es un continente en disputa pol\u00edtica, pero hay una distancia enorme entre lo que sucede en la Latinoam\u00e9rica y en Europa, por ejemplo, en Europa el  avance de la ultraderecha y de la derecha, es mucho mayor que el que ha existido en Latinoam\u00e9rica en los \u00faltimos a\u00f1os.<\/p>\n\n\n\n<p>\u00bf<strong>C\u00f3mo ex integrante  de uno de los gobiernos de Evo Morales como  se expres\u00f3 en Bolivia la lucha de intereses en esos a\u00f1os  y c\u00f3mo la viviste desde el Parlamento?<\/strong><\/p>\n\n\n\n<p> Durante todos los gobiernos de Evo Morales con el MAS  con el (Movimiento al socialismo), hubo transformaciones del Estado y de la sociedad muy importantes, en t\u00e9rminos de redistribuci\u00f3n, de la riqueza porque ese proceso no se dio simplemente como un momento de cambio en qui\u00e9n administra el Estado, la diferencia no fue solamente que la izquierda o el progresismo con EVO MORALES entr\u00f3 a gobernar y administrar el Estado, sino que se dieron procesos de transformaci\u00f3n mucho m\u00e1s profundas a trav\u00e9s de una asamblea constituyente, que fue producto adem\u00e1s de enormes movilizaciones sociales y  una alianza de las organizaciones sociales de los sectores trabajadores, campesinos, ind\u00edgenas, estudiantes, profesionales, urbanos, etc.., que luego de una larga noche neoliberal decidieron tomar el futuro de Bolivia en sus manos.<\/p>\n\n\n\n<p>A veces somos inconscientes pero cuando nos aliamos todos y todas las que somos o provenimos de los sectores populares, trabajadores, etc\u2026, somos una mayor\u00eda important\u00edsima en casi todos los pa\u00edses y  esa alianza de organizaciones sociales, fue el centro del proceso de transformaci\u00f3n del Estado y de la sociedad en Bolivia durante todos los gobiernos de Evo Morales con el MAS. <\/p>\n\n\n\n<p>Hago esta diferenciaci\u00f3n de los gobiernos de EVO MORALES con el MAS ,  porque el \u00faltimo gobierno en Bolivia, que fue dirigido por Luis Arce, tambi\u00e9n ingres\u00f3 a gobernar con \u00e9l MAS, pero abandon\u00f3 la agenda que hab\u00eda marcado las organizaciones sociales y la Asamblea Constituyente en Bolivia. Y digo abandon\u00f3 porque en lo econ\u00f3mico, en lo pol\u00edtico y en lo social,  Luis Arce y est\u00e9 MAS  s\u00f3lo sirvi\u00f3 para la destrucci\u00f3n de esa inmensa potencia que tiene la alianza de organizaciones sociales, sistem\u00e1ticamente se fractur\u00f3 organizaciones sociales, dirigencias por un lado, por otro lado, se destruy\u00f3 el instrumento pol\u00edtico por el cual las organizaciones hab\u00edan llegado a el gobierno que era el MAS, se lo desnaturaliza y arrebata  a sus due\u00f1os originales  que fueron siempre las organizaciones sociales.<\/p>\n\n\n\n<p>Y en lo econ\u00f3mico, el gobierno de Arce sobre todo se paraliz\u00f3 la inversi\u00f3n p\u00fablica en los \u00e1mbitos productivos que estaban proyectados en la agenda que se hab\u00eda generado de una agenda del bicentenario, porque Bolivia cumpl\u00eda este a\u00f1o, 200 a\u00f1os de independencia, como Rep\u00fablica, como Estado. <\/p>\n\n\n\n<p>En  todos los \u00e1mbitos hubo un abandono y una traici\u00f3n al proceso de consolidaci\u00f3n de la transformaci\u00f3n del Estado, de la sociedad, que siempre busco justicia social, redistribuci\u00f3n de los recursos econ\u00f3micos y evitar la concentraci\u00f3n de la riqueza en pocas manos, se retrocedi\u00f3 tambi\u00e9n en aquellas conquistas sociales que ten\u00edan fundamentalmente como vanguardia a los pueblos ind\u00edgenas, a las mujeres en el pa\u00eds.<\/p>\n\n\n\n<p>Creo que hay una enorme cantidad de hechos que demuestran que hubo una persecuci\u00f3n sistem\u00e1tica a la dirigencia de organizaciones sociales, encarcelando dirigentes, haciendo una persecuci\u00f3n tambi\u00e9n jur\u00eddica contra esa dirigencia.<\/p>\n\n\n\n<figure class=\"wp-block-image size-full is-resized\"><img decoding=\"async\" width=\"598\" height=\"420\" src=\"https:\/\/xn--tuvozdiasporaespaola-k7b.com\/wp-content\/uploads\/2025\/12\/1000565392.jpg\" alt=\"\" class=\"wp-image-11330\" style=\"width:598px;height:auto\" srcset=\"https:\/\/xn--tuvozdiasporaespaola-k7b.com\/wp-content\/uploads\/2025\/12\/1000565392.jpg 598w, https:\/\/xn--tuvozdiasporaespaola-k7b.com\/wp-content\/uploads\/2025\/12\/1000565392-300x211.jpg 300w\" sizes=\"(max-width: 598px) 100vw, 598px\" \/><figcaption class=\"wp-element-caption\">Gabriela Monta\u00f1o,  junto a Evo Motales cuando era Diputada del MAS<\/figcaption><\/figure>\n\n\n\n<p>Para  finalmente, proscribir  al l\u00edder hist\u00f3rico de este proceso  moral, aqu\u00ed no solamente no se le permiti\u00f3 participar en estas \u00faltimas elecciones, sino que se atent\u00f3 contra su vida, expl\u00edcitamente, hace un a\u00f1o atr\u00e1s, Evo Morales podr\u00eda estar muerto porque hace un a\u00f1o organismo del Estado polic\u00eda nacional atent\u00f3 contra la vida de Evo Morales. <\/p>\n\n\n\n<p><strong>Voy a reflexionar en t\u00e9rminos de que tanto Evo como Cristina han sido los \u00fanicos dos hubo m\u00e1s, no sin duda, pero los expresidentes nuestros que a quienes les han gatillado y despu\u00e9s resulta que los violentos somos nosotros. En Argentina se ha dado un proceso que la compa\u00f1era Cristina Fern\u00e1ndez suele determinar como de insatisfacci\u00f3n democr\u00e1tica, que es cuando gobiernos como los de Alberto Fern\u00e1ndez, o Arce , en vez de llevar adelante o profundizar las pol\u00edticas que llevaron adelante, los trabajadores y el pueblo tanto en Bolivia como en Argentina, empiezan a llevar a pol\u00edticas  de centro derecha que no cumplen con nada  de lo prometido y que permiten abrir  la puerta en forma inmensa no solo a la derecha, sino casi centralmente a la extrema derecha, que es un proceso  que creo que est\u00e1 ocurriendo en Am\u00e9rica Latina a diferencia de lo que marginalmente todav\u00eda ocurre en Espa\u00f1a en donde el PP todav\u00eda resiste a ser absorbido por VOX, pero claramente en Am\u00e9rica Latina personajes como Milei o como el candidato chileno de otra derecha,Kast que revindica directamente al pinochetismo o Bolsonaro  en Brasil,  creo que a una ola a nivel internacional que es reventar  todo lo que se logr\u00f3 construir de estado social a partir de los 40 despu\u00e9s de la Segunda Guerra Mundial el Estado Social de Derecho, sigamos \u00bf Gabriela como ves el futuro de Bolivia, y la resistencia  del pueblo en  los pr\u00f3ximos a\u00f1os? <\/strong><\/p>\n\n\n\n<p>Van a ser a\u00f1os dif\u00edciles porque el Luis Arce adem\u00e1s destruy\u00f3 los cimientos de la estabilidad econ\u00f3mica que se hab\u00eda construido con Evo Morales,  despu\u00e9s de que Bolivia fuera un ejemplo en la regi\u00f3n con una redistribuci\u00f3n de la riqueza espectacular con un crecimiento impresionante con adem\u00e1s la posibilidad real de que por primera vez en much\u00edsimo tiempo los recursos naturales sean utilizados para mejorar la calidad de vida de la mayor\u00eda de la gente, todo eso Luis Arce lo dinamit\u00f3 desde adentro desde el estado. <\/p>\n\n\n\n<p><strong>Gabriela, esta es una consulta porque hay algo que vos marcaste, que me parece super importante que es que con el gobierno Evo y el MAS  se llev\u00f3  adelante un profundo proceso de redistribuci\u00f3n de la riqueza en Bolivia, pero adem\u00e1s tambi\u00e9n cambiaron la estructura econ\u00f3mica del pa\u00eds \u00bfes asi?<\/strong><\/p>\n\n\n\n<p>As\u00ed es, por qu\u00e9 b\u00e1sicamente porque cuando t\u00fa desde el estado  vienes a redistribuir la riqueza evitas la concentraci\u00f3n en pocas manos de la riqueza, en realidad lo que est\u00e1s permitiendo es que enormes redes de gente econ\u00f3micamente activa en el comercio, en la producci\u00f3n de alimentos, etc.., se puedan beneficiar y entonces en vez de que diez empresarios se queden con la mayor parte y las empresas transnacionales y se llevan la mayor parte de la riqueza como sucedi\u00f3  en la etapa neoliberal, lo que se hizo fue recuperar en manos del estado el manejo de los recursos naturales, su comercializaci\u00f3n, su industrializaci\u00f3n, etc\u2026 y la riqueza proveniente de esos recursos naturales ya no se iba el 80% fuera del pa\u00eds como suced\u00eda antes de los gobiernos de EVO  sino que se quedaba mayoritariamente en Bolivia y se redistribuye entre todos y todas. <\/p>\n\n\n\n<p>Ahora, por supuesto que despu\u00e9s de un manejo tan fuera de lo proyectado por parte de Luis Arce, lo que ha sucedido es que se ha puesto en cuesti\u00f3n ese modelo econ\u00f3mico  de estado inclusivo, que fue dise\u00f1ado en la Asamblea Constituyente y que empez\u00f3 a construir un estado plurinacional donde el reconocimiento de la diversidad de pueblos, de formas de producci\u00f3n, de justicia, de administraci\u00f3n de la justicia fueron echados para atr\u00e1s y se est\u00e1n cuestionando en este momento y por eso es que ganan las elecciones, un personaje como Rodrigo Paz acompa\u00f1ado de un vicepresidente como  Manelara.<\/p>\n\n\n\n<p>En esta \u00faltima elecci\u00f3n, mucha gente en la primera vuelta,  que hab\u00eda votado siempre por Evo Morales que sigui\u00f3 respaldando la posici\u00f3n de Evo y las organizaciones sociales diciendo, vamos a votar nulo porque en realidad todas estas candidaturas que nos ponen al frente son candidaturas de derecha y nosotros no las respaldamos. <\/p>\n\n\n\n<p>Eso sucedi\u00f3 en la primera vuelta donde el nulo obtuvo alrededor del 20%, hubo departamentos que en otros pa\u00edses se llaman provincias, (Bolivia se llaman departamentos),  como el departamento de Cochabamba donde el nulo gan\u00f3 la elecci\u00f3n y en m\u00e1s de la mitad de los municipios tambi\u00e9n el nulo gan\u00f3 la elecci\u00f3n por encima de cualquier otro candidato.<\/p>\n\n\n\n<p>Entonces creo que esa era una posici\u00f3n pol\u00edtica muy firme diciendo, nosotros no vamos a votar por la derecha. Ahora, claro, cuando se llega al resultado de la primera vuelta en los cuales quedan Rodr\u00edguez Paz y Jorge Quiroga, ex vicepresidente de Banz, ser un dictador que llev\u00f3 luego a la urna por pactos pol\u00edticos, pero Jorge Quiroga, Ram\u00edrez, Tutto Quiroga, era la representaci\u00f3n de esa ultraderecha que t\u00fa hablas. <\/p>\n\n\n\n<p>Entonces, una gran parte de esa gente, la mayor\u00eda de esa gente que en la primera vuelta hab\u00eda votado nulo tambi\u00e9n en la segunda vuelta tom\u00f3 una decisi\u00f3n y fue votar por Rodr\u00edguez Paz como un voto anti TUTO mayoritariamente.<\/p>\n\n\n\n<p>No porque Rodr\u00edguez Paz haya convencido con su propuesta sino para intentar frenar a la ultraderecha, pero adem\u00e1s creo que esos votos dirigieron a Rodr\u00edguez Paz,  las condiciones de este apoyo  es no destruir todos los derechos logrados en los a\u00f1os de gobierno de EVO , es no retroceder en conquistas ya logradas. Rodr\u00edguez Paz fue inteligente porque plante\u00f3 una estrategia, una estrategia electoral en la que no se confronta de manera violenta con ese modelo de estado de estado plurinacional, de reconocimiento de los pueblos ind\u00edgenas, etc\u2026<\/p>\n\n\n\n<p>Pero apenas se sent\u00f3 en la silla de presidencia, empez\u00f3 a mostrarse m\u00e1s transparentemente y surgen, claro, las posiciones, las contradicciones la realidad de ese gobierno, sobre todo entre el presidente y el vicepresidente, porque Rodr\u00edguez Paz empieza a enfrentarse con el estado plurinacional, con el concepto del estado plurinacional, con el modelo de estado que reconoce en los pueblos ind\u00edgenas, en las organizaciones sociales de los sectores populares a los interlocutores del tejido social, con los cuales el Estado tiene que trabajar.<\/p>\n\n\n\n<p> Rodr\u00edgueo Paz posiciona su gabinete y la gente  se preguntar\u00e1n d\u00f3nde est\u00e1n los representantes de organizaciones sociales y yo les digo  cisndo la derecha estuvo en el poder en todos los a\u00f1os no logramos nada donde est\u00e1 el gas, donde est\u00e1 la riqueza, etc\u2026 y da se\u00f1ales muy contundentes en el sentido de que va a gobernar con los cl\u00e1sicos representantes de la tecnocracia digamos de la etapa neoliberal, con perfiles muy similares, muchos de ellos fueron funcionarios p\u00fablicos en la etapa neoliberal previa a los gobiernos de EVO y deja por fuera a todos esos sectores en su representaciones  populares y entonces hay una contradicci\u00f3n en s\u00ed misma porque \u00e9l gan\u00f3 las elecciones gracias a esos sectores populares, sin el voto de esos sectores populares, Rodr\u00edguez Paz no ser\u00eda presidente.<\/p>\n\n\n\n<figure class=\"wp-block-image size-large\"><img decoding=\"async\" width=\"1024\" height=\"655\" src=\"https:\/\/xn--tuvozdiasporaespaola-k7b.com\/wp-content\/uploads\/2025\/12\/1000565401-1024x655.jpg\" alt=\"\" class=\"wp-image-11331\" srcset=\"https:\/\/xn--tuvozdiasporaespaola-k7b.com\/wp-content\/uploads\/2025\/12\/1000565401-1024x655.jpg 1024w, https:\/\/xn--tuvozdiasporaespaola-k7b.com\/wp-content\/uploads\/2025\/12\/1000565401-300x192.jpg 300w, https:\/\/xn--tuvozdiasporaespaola-k7b.com\/wp-content\/uploads\/2025\/12\/1000565401-768x491.jpg 768w, https:\/\/xn--tuvozdiasporaespaola-k7b.com\/wp-content\/uploads\/2025\/12\/1000565401.jpg 1242w\" sizes=\"(max-width: 1024px) 100vw, 1024px\" \/><\/figure>\n\n\n\n<p>Yo veo hacia adelante muchas posibilidades de que esos sectores populares se levanten ante acciones que ven antes del gobierno de paz cort\u00e1ndole los derechos y poniendo sobre las espaldas de los sectores populares todos los ajustes econ\u00f3micos que pretende hacer en vez de ponerlo sobre los sectores empresariales que se  han lucrado en los momentos m\u00e1s duros como sucede en toda Latinoam\u00e9rica y en el mundo. <\/p>\n\n\n\n<p>Rodr\u00edguez Paz  va a optar por cobrarle los ajustes a los sectores populares nuevamente y se  vislumbra que esos sectores populares no est\u00e1n dispuestos a volver a ese pasado en el neoliberal yo creo que  Rodr\u00edgueo Paz est\u00e1 esperando a marzo porque en marzo tenemos elecciones subnacionales es decir elecciones para gobernaciones las nueve gobernaciones del pa\u00eds y para los m\u00e1s de 300 municipios del pa\u00eds y entonces las ajustes m\u00e1s duros econ\u00f3mico es muy probable que Rodr\u00edguez Paz espera hasta finales de marzo para tomar esas decisiones y ah\u00ed es cuando se puede afectar la econom\u00eda popular de una manera m\u00e1s dura, que tengamos el golpe de inflaci\u00f3n  cuando se tomen esas medidas como es el levantamiento de la subvenci\u00f3n de los combustibles tanto en la gasolina como el diesel y no sabemos si se va a levantar  para todos y para todas o se va a dejar sectores como el sector del transporte pesado el transporte de carga y el transporte de pasajeros digamos (beneficiado todav\u00eda por una parte del subsidio ) y  ah\u00ed va a venir el golpe fuerte para la poblaci\u00f3n en general.<\/p>\n\n\n\n<p><strong>Gracias  Gabriela quer\u00eda agradecerte de haber estado aqu\u00ed en Cenizas de Babilonia nos comprometemos a volver a llamarte para seguir profundizando el an\u00e1lisis de lo que est\u00e1 ocurriendo en nuestra patria hermana el estado plurinacional de Bolivia.<\/strong><\/p>\n\n\n\n<p>Gracias a vuestro espacio Hugo, comentarte que uno de los primeros ministerios que Rodrigo Paz (igual que lo hizo ya durante el a\u00f1o del golpe de estado)  hace desaparecer es el ministerio de culturas lo ha fusionado con otros ministerios entonces ah\u00ed uno ve la concepci\u00f3n de la vida de cada gobernante y la concepci\u00f3n de la vida de Rodrigo Paz un abrazo grande a ti y a todas las personas que nos acompa\u00f1an y nos escuchan y va a ser un placer siempre poder atenderles cuando ustedes vean conveniente un fuerte abrazo y para agradecerles tambi\u00e9n porque creo que espacios como este  est\u00e1n muy bien y permiten que los debates que debemos hacer desde los sectores populares, trabajadores de izquierda en el continente, se ampl\u00eden y  se enriquezca y adem\u00e1s podamos tomar conciencia de lo que suceden cada uno de los rincones de esa patria grande  un abrazo y muchas gracias.<\/p>\n\n\n\n<p><\/p>\n","protected":false},"excerpt":{"rendered":"<p>Hugo Castro Fau realiz\u00f3 una entrevista en el programa radio \u201cCenizas de Babilonia\u00bb. Di\u00e1spora Espa\u00f1ola\u201d, que emite AM 830 Radio del Pueblo, con la &#8230; <\/p>\n<p class=\"read-more-container\"><a title=\"Gabriela Monta\u00f1o  desde la CELAG nos habla de geopol\u00edtica en Latinoam\u00e9rica\" class=\"read-more button\" href=\"https:\/\/xn--tuvozdiasporaespaola-k7b.com\/page\/2\/gabriela-montano-desde-la-celag-nos-habla-de-geopolitica-en-latinoamerica\/#more-11315\" aria-label=\"M\u00e1s en Gabriela Monta\u00f1o  desde la CELAG nos habla de geopol\u00edtica en Latinoam\u00e9rica\">Leer m\u00e1s<\/a><\/p>\n","protected":false},"author":222560522,"featured_media":11332,"comment_status":"closed","ping_status":"open","sticky":false,"template":"","format":"standard","meta":{"footnotes":""},"categories":[121868],"tags":[],"class_list":["post-11315","post","type-post","status-publish","format-standard","has-post-thumbnail","hentry","category-latinoamerica","resize-featured-image"],"_links":{"self":[{"href":"https:\/\/xn--tuvozdiasporaespaola-k7b.com\/page\/2\/wp-json\/wp\/v2\/posts\/11315","targetHints":{"allow":["GET"]}}],"collection":[{"href":"https:\/\/xn--tuvozdiasporaespaola-k7b.com\/page\/2\/wp-json\/wp\/v2\/posts"}],"about":[{"href":"https:\/\/xn--tuvozdiasporaespaola-k7b.com\/page\/2\/wp-json\/wp\/v2\/types\/post"}],"author":[{"embeddable":true,"href":"https:\/\/xn--tuvozdiasporaespaola-k7b.com\/page\/2\/wp-json\/wp\/v2\/users\/222560522"}],"replies":[{"embeddable":true,"href":"https:\/\/xn--tuvozdiasporaespaola-k7b.com\/page\/2\/wp-json\/wp\/v2\/comments?post=11315"}],"version-history":[{"count":3,"href":"https:\/\/xn--tuvozdiasporaespaola-k7b.com\/page\/2\/wp-json\/wp\/v2\/posts\/11315\/revisions"}],"predecessor-version":[{"id":11334,"href":"https:\/\/xn--tuvozdiasporaespaola-k7b.com\/page\/2\/wp-json\/wp\/v2\/posts\/11315\/revisions\/11334"}],"wp:featuredmedia":[{"embeddable":true,"href":"https:\/\/xn--tuvozdiasporaespaola-k7b.com\/page\/2\/wp-json\/wp\/v2\/media\/11332"}],"wp:attachment":[{"href":"https:\/\/xn--tuvozdiasporaespaola-k7b.com\/page\/2\/wp-json\/wp\/v2\/media?parent=11315"}],"wp:term":[{"taxonomy":"category","embeddable":true,"href":"https:\/\/xn--tuvozdiasporaespaola-k7b.com\/page\/2\/wp-json\/wp\/v2\/categories?post=11315"},{"taxonomy":"post_tag","embeddable":true,"href":"https:\/\/xn--tuvozdiasporaespaola-k7b.com\/page\/2\/wp-json\/wp\/v2\/tags?post=11315"}],"curies":[{"name":"wp","href":"https:\/\/api.w.org\/{rel}","templated":true}]}}