{"id":11310,"date":"2025-12-07T18:34:53","date_gmt":"2025-12-07T21:34:53","guid":{"rendered":"https:\/\/xn--tuvozdiasporaespaola-k7b.com\/page\/2\/?p=11310"},"modified":"2025-12-07T18:34:54","modified_gmt":"2025-12-07T21:34:54","slug":"los-dos-auges-de-cataluna-economia-y-pobreza-infantil","status":"publish","type":"post","link":"https:\/\/xn--tuvozdiasporaespaola-k7b.com\/page\/2\/los-dos-auges-de-cataluna-economia-y-pobreza-infantil\/","title":{"rendered":"LOS DOS \u2018AUGES\u2019 DE CATALU\u00d1A, ECONOM\u00cdA Y POBREZA INFANTIL."},"content":{"rendered":"\n<p>Fernando Ortega, el Bergued\u00e1, Catalu\u00f1a <\/p>\n\n\n\n<p>Catalunya vive un auge econ\u00f3mico notable: el PIB crece un 2,5-3,1% en 2025, superando a Espa\u00f1a, con el Govern impulsando inversi\u00f3n en infraestructuras, turismo e industria para consolidar esta senda de prosperidad.  Sin embargo, este \u201cprogreso\u201d deja atr\u00e1s a uno de cada tres ni\u00f1os en riesgo de pobreza o exclusi\u00f3n social (34-35%), una infancia olvidada mientras se celebran cifras macroecon\u00f3micas.  <\/p>\n\n\n\n<p>As\u00ed comienza la gran contradicci\u00f3n de una tierra rica con ni\u00f1os pobres.En Catalunya, la infancia vive una emergencia silenciosa: uno de cada tres ni\u00f1os crece en riesgo de pobreza o exclusi\u00f3n social, alrededor de un 34?35% de toda la poblaci\u00f3n infantil.  Hablamos de cientos de miles de menores para quienes las palabras \u201cderechos\u201d, \u201cigualdad de oportunidades\u201d o \u201cfuturo\u201d son promesas incumplidas, no realidades cotidianas.<\/p>\n\n\n\n<p>Una infancia marcada por la carenciaDetr\u00e1s de ese porcentaje hay ni\u00f1as y ni\u00f1os que llegan a clase sin haber desayunado, que viven en hogares donde el dinero no alcanza para calefacci\u00f3n, material escolar o una alimentaci\u00f3n equilibrada.  <\/p>\n\n\n\n<p>Muchos crecen en pisos peque\u00f1os, sobreocupados, con padres y madres atrapados en trabajos precarios o paro cr\u00f3nico, donde cualquier imprevisto \u2014una subida del alquiler, una factura de luz\u2014 puede empujar a la familia a un abismo a\u00fan mayor.La pobreza infantil no es solo falta de ingresos: es no poder ir a una excursi\u00f3n del colegio, renunciar a actividades extraescolares, no invitar a amigos a casa por verg\u00fcenza, aprender desde muy temprano que \u201cno se puede pedir nada\u201d.  <\/p>\n\n\n\n<p>Es una desigualdad que se transmite de generaci\u00f3n en generaci\u00f3n, porque un ni\u00f1o que crece sin recursos parte con varios escalones menos en educaci\u00f3n, salud y oportunidades laborales futuras.<\/p>\n\n\n\n<p><strong>Una vulneraci\u00f3n de derechos, no una fatalidad<\/strong><\/p>\n\n\n\n<p>Cuando m\u00e1s de un tercio de los menores de un territorio vive en pobreza o riesgo de exclusi\u00f3n, no se trata de un problema \u201cprivado\u201d de algunas familias, sino de un fracaso colectivo de las pol\u00edticas p\u00fablicas.  Catalunya cuenta con una econom\u00eda avanzada, pero tolera que miles de ni\u00f1os vivan sin condiciones materiales m\u00ednimas, mientras el sistema de prestaciones sociales sigue fragmentado, insuficiente y de acceso complejo.<\/p>\n\n\n\n<p>La Convenci\u00f3n sobre los Derechos del Ni\u00f1o reconoce el derecho a un nivel de vida adecuado, a la educaci\u00f3n, a la salud y al ocio, derechos que hoy se vulneran sistem\u00e1ticamente para una parte enorme de la infancia catalana.  Normalizar que \u201csiempre ha habido pobres\u201d es una coartada para no afrontar que hablamos de decisiones pol\u00edticas concretas: niveles de inversi\u00f3n social, modelo fiscal, prioridades presupuestarias y forma de regular el empleo y la vivienda.<\/p>\n\n\n\n<p><strong>Pol\u00edticas que llegan tarde y mal<\/strong><\/p>\n\n\n\n<p>Los datos muestran que, pese a algunos programas de ayudas familiares, becas comedor o prestaciones por hijo a cargo, la tasa de pobreza infantil se mantiene muy alta y apenas retrocede.  <\/p>\n\n\n\n<p>Las medidas son a menudo parciales, temporales, mal coordinadas y muy por debajo de los est\u00e1ndares de los pa\u00edses europeos que mejor protegen a su infancia.<\/p>\n\n\n\n<p>Al mismo tiempo, la inversi\u00f3n en servicios clave como educaci\u00f3n infantil de 0?3 a\u00f1os, apoyo socioeducativo en barrios vulnerables o salud mental infanto?juvenil sigue siendo insuficiente frente a la magnitud del problema.<\/p>\n\n\n\n<p>Se pide a las escuelas, a los servicios sociales y a las entidades del tercer sector que hagan milagros con recursos limitados, mientras la ra\u00edz estructural \u2014desigualdad, precariedad laboral, vivienda inaccesible\u2014 apenas se toca.<\/p>\n\n\n\n<p><strong>Lo que una sociedad decente no puede aceptar<\/strong><\/p>\n\n\n\n<p>Aceptar que cientos de miles de ni\u00f1os crezcan en la pobreza es aceptar que su c\u00f3digo postal valga m\u00e1s que su esfuerzo, su talento o sus sue\u00f1os.  Significa asumir, sin decirlo en voz alta, que hay infancias descartables, que hay ni\u00f1os a los que se les niega, desde el principio, la posibilidad real de elegir su futuro.<\/p>\n\n\n\n<p>Una sociedad que se considere democr\u00e1tica no puede mirar a otro lado cuando la desigualdad se escribe en cuerpos peque\u00f1os y mochilas vac\u00edas.  No se trata de caridad, sino de justicia: garantizar ingresos suficientes a las familias, una red potente de servicios p\u00fablicos y un compromiso pol\u00edtico expl\u00edcito de reducir dr\u00e1sticamente la pobreza infantil en pocos a\u00f1os, no en \u201calg\u00fan d\u00eda\u201d.<\/p>\n\n\n\n<p><strong>Un llamamiento urgente a la acci\u00f3n.<\/strong><\/p>\n\n\n\n<p>Este art\u00edculo no pretende solo describir una realidad insoportable, sino se\u00f1alar una responsabilidad: gobiernos, instituciones, empresas y ciudadan\u00eda tienen en sus manos revertirla.  <\/p>\n\n\n\n<p>No habr\u00e1 igualdad real mientras un tercio de los ni\u00f1os de Catalunya viva sin lo imprescindible; no habr\u00e1 progreso digno de ese nombre mientras la infancia pobre siga siendo la gran olvidada de los presupuestos.<\/p>\n\n\n\n<p>Convertir la pobreza infantil en prioridad pol\u00edtica m\u00e1xima \u2014con calendarios, objetivos medibles y recursos suficientes\u2014 es una obligaci\u00f3n \u00e9tica inaplazable, no una opci\u00f3n m\u00e1s en la agenda.  Porque cada a\u00f1o que se pospone una respuesta ambiciosa no se mide solo en estad\u00edsticas: se mide en biograf\u00edas truncadas, en potencial perdido y en una fractura social que ma\u00f1ana ser\u00e1 mucho m\u00e1s dif\u00edcil \u2014y m\u00e1s costosa\u2014 de reparar.<\/p>\n\n\n\n<p>Foto Portada : Alumnando saliendo de una escuela en Barcelona, esta semana.\u00a0\/ ZOWY VOETEN<\/p>\n\n\n\n<figure class=\"wp-block-image size-full\"><img fetchpriority=\"high\" decoding=\"async\" width=\"640\" height=\"640\" src=\"https:\/\/xn--tuvozdiasporaespaola-k7b.com\/wp-content\/uploads\/2025\/12\/1000434546-2.jpg\" alt=\"\" class=\"wp-image-11312\" srcset=\"https:\/\/xn--tuvozdiasporaespaola-k7b.com\/wp-content\/uploads\/2025\/12\/1000434546-2.jpg 640w, https:\/\/xn--tuvozdiasporaespaola-k7b.com\/wp-content\/uploads\/2025\/12\/1000434546-2-300x300.jpg 300w, https:\/\/xn--tuvozdiasporaespaola-k7b.com\/wp-content\/uploads\/2025\/12\/1000434546-2-150x150.jpg 150w\" sizes=\"(max-width: 640px) 100vw, 640px\" \/><\/figure>\n","protected":false},"excerpt":{"rendered":"<p>Fernando Ortega, el Bergued\u00e1, Catalu\u00f1a Catalunya vive un auge econ\u00f3mico notable: el PIB crece un 2,5-3,1% en 2025, superando a Espa\u00f1a, con el Govern &#8230; <\/p>\n<p class=\"read-more-container\"><a title=\"LOS DOS \u2018AUGES\u2019 DE CATALU\u00d1A, ECONOM\u00cdA Y POBREZA INFANTIL.\" class=\"read-more button\" href=\"https:\/\/xn--tuvozdiasporaespaola-k7b.com\/page\/2\/los-dos-auges-de-cataluna-economia-y-pobreza-infantil\/#more-11310\" aria-label=\"M\u00e1s en LOS DOS \u2018AUGES\u2019 DE CATALU\u00d1A, ECONOM\u00cdA Y POBREZA INFANTIL.\">Leer m\u00e1s<\/a><\/p>\n","protected":false},"author":222560522,"featured_media":11313,"comment_status":"closed","ping_status":"open","sticky":false,"template":"","format":"standard","meta":{"footnotes":""},"categories":[1771],"tags":[],"class_list":["post-11310","post","type-post","status-publish","format-standard","has-post-thumbnail","hentry","category-sociales","resize-featured-image"],"_links":{"self":[{"href":"https:\/\/xn--tuvozdiasporaespaola-k7b.com\/page\/2\/wp-json\/wp\/v2\/posts\/11310","targetHints":{"allow":["GET"]}}],"collection":[{"href":"https:\/\/xn--tuvozdiasporaespaola-k7b.com\/page\/2\/wp-json\/wp\/v2\/posts"}],"about":[{"href":"https:\/\/xn--tuvozdiasporaespaola-k7b.com\/page\/2\/wp-json\/wp\/v2\/types\/post"}],"author":[{"embeddable":true,"href":"https:\/\/xn--tuvozdiasporaespaola-k7b.com\/page\/2\/wp-json\/wp\/v2\/users\/222560522"}],"replies":[{"embeddable":true,"href":"https:\/\/xn--tuvozdiasporaespaola-k7b.com\/page\/2\/wp-json\/wp\/v2\/comments?post=11310"}],"version-history":[{"count":2,"href":"https:\/\/xn--tuvozdiasporaespaola-k7b.com\/page\/2\/wp-json\/wp\/v2\/posts\/11310\/revisions"}],"predecessor-version":[{"id":11314,"href":"https:\/\/xn--tuvozdiasporaespaola-k7b.com\/page\/2\/wp-json\/wp\/v2\/posts\/11310\/revisions\/11314"}],"wp:featuredmedia":[{"embeddable":true,"href":"https:\/\/xn--tuvozdiasporaespaola-k7b.com\/page\/2\/wp-json\/wp\/v2\/media\/11313"}],"wp:attachment":[{"href":"https:\/\/xn--tuvozdiasporaespaola-k7b.com\/page\/2\/wp-json\/wp\/v2\/media?parent=11310"}],"wp:term":[{"taxonomy":"category","embeddable":true,"href":"https:\/\/xn--tuvozdiasporaespaola-k7b.com\/page\/2\/wp-json\/wp\/v2\/categories?post=11310"},{"taxonomy":"post_tag","embeddable":true,"href":"https:\/\/xn--tuvozdiasporaespaola-k7b.com\/page\/2\/wp-json\/wp\/v2\/tags?post=11310"}],"curies":[{"name":"wp","href":"https:\/\/api.w.org\/{rel}","templated":true}]}}