{"id":11289,"date":"2025-12-06T13:13:19","date_gmt":"2025-12-06T16:13:19","guid":{"rendered":"https:\/\/xn--tuvozdiasporaespaola-k7b.com\/page\/2\/?p=11289"},"modified":"2025-12-06T13:13:20","modified_gmt":"2025-12-06T16:13:20","slug":"la-derecha-en-espana-viene-a-las-instituciones-a-hacer-negociosjan-antonio-delgado-andalucia","status":"publish","type":"post","link":"https:\/\/xn--tuvozdiasporaespaola-k7b.com\/page\/2\/la-derecha-en-espana-viene-a-las-instituciones-a-hacer-negociosjan-antonio-delgado-andalucia\/","title":{"rendered":"\u201cLa derecha en Espa\u00f1a viene a las instituciones a hacer negocios\u201dJan Antonio Delgado, Andaluc\u00eda."},"content":{"rendered":"\n<p>Por Walter C. Medina<\/p>\n\n\n\n<p>ENTREVISTA A JUAN ANTONIO DELGADO<\/p>\n\n\n\n<p>\u201cLa derecha en Espa\u00f1a viene a las instituciones a hacer negocios\u201dPaloma Garc\u00eda Bellido desde Reino Unido, Miguel \u00c1ngel Ferris desde Paris entrevistaron a Juan Antonio Delgado, candidato en las primarias de Podemos Andaluc\u00eda a presidir la Junta de Andaluc\u00eda. <\/p>\n\n\n\n<p>La entrevista tuvo lugar en el programa radial \u201cCenizas de Babilonia. Di\u00e1spora Espa\u00f1ola\u201d, que emite AM 830 Radio del Pueblo.Juan Antonio Delgado naci\u00f3 en San Fernando, C\u00e1diz (Andaluc\u00eda); es Guardia Civil, pol\u00edtico y Diputado de Podemos en el Congreso por C\u00e1diz entre 2016 y 2022 en las legislaturas 11, 12, 13 y 14. Actualmente es diputado de Podemos en el Parlamento de Andaluc\u00eda. <\/p>\n\n\n\n<p>\u201c<strong>Hemos visto en el Parlamento de Andaluc\u00eda a la ultra-derecha mojarse por primera vez en materia de tema de sanidad, porque la ultra-derecha lo que hace en muchas ocasiones es callarse la boca, no hablar<\/strong>. Y cuando uno no habla, el resto no sabemos qu\u00e9 piensa. Esa es una de sus estrategias; no hablar mucho de la sanidad, etc. Lo que est\u00e1 pasando con la sanidad es una estrategia perfectamente organizada. La ultra-derecha recoge los frutos del descontento de la gente porque la izquierda no soluciona los problemas\u201d, sostuvo Delgado.<\/p>\n\n\n\n<p>Hay una frase de tu campa\u00f1a muy provocadora; \u201cque ya llega la Guardia Civil\u201d. H\u00e1blanos de esto y de Podemos en Andalucia.<\/p>\n\n\n\n<p>La frase no es nueva. Lo primero que hay que decir es que a la derecha le molesta un guardia civil de izquierda; y yo que soy de izquierda y guardia civil siempre he dicho que la izquierda tiene dos problemas; parece que izquierda y cuerpo de fuerza del Estado son incompatibles. Y esto por una parte es un poco de complejo, y por otra parte es real, y como consecuencia de una dictadura en la que la Guardia Civil era la polic\u00eda represora de Franco. <\/p>\n\n\n\n<p>Entonces los palos iban para la gente de izquierda, progresista, la gente que luchaba por los derechos. Entonces es normal que al final no solo en Espa\u00f1a, que a la polic\u00eda siempre se la utiliza como polic\u00eda represora de todos los signos; de izquierda, de derecha, etc. <\/p>\n\n\n\n<p>Yo creo que la izquierda en este caso, Pablo Iglesias, que fue quien me llam\u00f3 para pasar a la pol\u00edtica. Yo cuando ingres\u00e9 a la Guardia Civil, que fue en el a\u00f1o 92 ya era un sindicalista dentro de la Guardia Civil persegu\u00eda los derechos de la democracia. Entonces esta frase un poco provocadora es porque es verdad. \u201cAqu\u00ed lleg\u00f3 la Guardia Civil\u201d, y adem\u00e1s para defender los derechos con un partido de izquierda, progresista. Yo digo que soy Guardia Civil, pero yo no soy terrateniente; yo soy el hijo de un alba\u00f1il, por lo tanto tengo conciencia de clase; \u00bfd\u00f3nde voy a estar? \u00bfVoy a estar con el Partido Popular, con los fachas, con la extrema derecha, con los que pisotean los derechos de las personas migrantes? <\/p>\n\n\n\n<p>Cuando veo a personas que se han tenido que ir de su pa\u00eds por guerra, por trabajo, etc., yo me acuerdo de los nuestros que se tuvieron que ir y que en otros pa\u00edses han sido afortunadamente muy bien recibidos, y nosotros tenemos que hacer lo mismo. En realidad la frase es para provocar un poco a todo el mundo, pero sobre todo tambi\u00e9n al final uno tiene que utilizar lo que tiene. Yo soy Guardia Civil raro, por decirlo de alguna manera, aunque yo no lo creo as\u00ed, hay muchos compa\u00f1eros que han defendido los derechos, las libertades; l\u00f3gicamente la Guardia Civil, en general la gente son m\u00e1s conservadora; quiz\u00e1s no tanto de derecha como conservadora, que al final no es lo mismo. <\/p>\n\n\n\n<p>\u00bf<strong>Qu\u00e9 comentan tus compa\u00f1eros de la Guardia Civil respecto a acabar con el narcotr\u00e1fico a base de bombardear a personas que no pasan por juicio ni por defensa? \u00bfQu\u00e9 os supone en vuestra misi\u00f3n?<\/strong><\/p>\n\n\n\n<p>Todos sabemos que hay algo m\u00e1s all\u00e1 de todo esto; que en realidad el objetivo no es acabar con el narcotr\u00e1fico, porque a veces el que m\u00e1s inter\u00e9s tiene en acabar con el narcotr\u00e1fico es el que est\u00e1 m\u00e1s cerca del narcotr\u00e1fico. Y alguien se tendr\u00eda que preguntar, por ejemplo Estados Unidos, que el problema no es el narcotraficante en s\u00ed, que tambi\u00e9n, sino d\u00f3nde va esa droga, qui\u00e9n consume, porque al final los pa\u00edses m\u00e1s modernos son los que consumen m\u00e1s droga. <\/p>\n\n\n\n<p>Aqu\u00ed nos pasa con Marruecos, en donde hay miles de hect\u00e1reas de plantaciones de hach\u00eds y Marruecos no es un pa\u00eds consumidor especialmente de hach\u00eds; en cambio ese hach\u00eds la mayor\u00eda va para Europa. Todos sabemos que detr\u00e1s de esto hay una pol\u00edtica. Donald Trump quiere de alguna manera hacer la guerra con Venezuela, quiere meter miedo, y por supuesto no hay nada de cierto en querer solucionar un problema, sino en crear un problema mucho m\u00e1s gordo. Perseguir al narcotraficante, si es que son narcotraficantes\u2026 si t\u00fa le lanzas una bomba a una embarcaci\u00f3n sin haber preguntado&#8230; estamos diciendo que es un narcotraficante, \u00bfpero eso qui\u00e9n lo dice, d\u00f3nde est\u00e1 la prueba? habr\u00e1 alguno, pero resta decir que estas no son las formas. Esto lo sabe todo el mundo. <\/p>\n\n\n\n<p>Pero adem\u00e1s no tiene nada de operativo ni que vaya a salir nada bien de esa situaci\u00f3n. El objetivo es otro, no es perseguir a la delincuencia ni acabar con el narcotr\u00e1fico, porque hoy es mucho m\u00e1s f\u00e1cil perseguir un narcotraficante con todas las herramientas tecnol\u00f3gicas que tenemos, por ejemplo pinchar tel\u00e9fonos, rastrear; al final lo m\u00e1s importante es tirar del hilo de la droga y al final llegamos a gente con corbata, muy bien arregladito, con chaqueta y no nos obreros de la droga, como digo yo, en las playas de Andaluc\u00eda, el que descarga la droga; esos son los obreros de la droga, pero donde va el dinero es Estados Unidos, en donde se queda mucho del dinero de la droga.<\/p>\n\n\n\n<p>\u00bf<strong>Crees que la democracia en Espa\u00f1a est\u00e1 secuestrada por los sectores conservadores del Poder Judicial y medi\u00e1tico? Y en todo caso, si es as\u00ed, qu\u00e9 hacer frente a ese desaf\u00edo actual.<\/strong><\/p>\n\n\n\n<p>La soluci\u00f3n no creo que sea tan dif\u00edcil; lo que hay que tener es valent\u00eda. Nos tenemos que retrotraer algunos a\u00f1os para entender lo que est\u00e1 pasando. Esto que se est\u00e1 haciendo ahora desde la adjudicatura a algunas personas relevantes, en este cado al Fiscal General del Estado, la mujer del presidente del gobierno que est\u00e1 siendo investigada, el hermano del presidente del gobierno est\u00e1 siendo investigado. Esto hace algunos a\u00f1os pasaba con Podemos. Podemos es el partido m\u00e1s investigado de la historia de la democracia por no s\u00e9 cu\u00e1ntos casos de corrupci\u00f3n. <\/p>\n\n\n\n<p>Han quedado todos archivados. El Partido Socialista hubo una \u00e9poca en la que se alegraba porque le ven\u00eda bien porque en el a\u00f1o 2015 Podemos era el partido que iba a ganar las elecciones, un partido nuevo, sin mochilas, un partido que ven\u00eda a cambiarlo todo, un partido que ha sido modelo de much\u00edsimos movimientos en muchos pa\u00edses. <\/p>\n\n\n\n<p>En nuestros congresos aqu\u00ed en Espa\u00f1a vienen paridos de muchos pa\u00edses del mundo que ha imitado a Podemos. Nosotros llegamos en 2015 y hab\u00eda que quitaros del medio de alguna manera porque ven\u00edamos a cambiarlo todo de verdad. Ah\u00ed empez\u00f3 las cloacas del Estado a machacar a un partido y el PSOE se puso de perfil porque pensaba que esto no lo iba a tocar nunca. Y ahora lo que est\u00e1 pasando es que cuando se pod\u00eda cambiar muchas normas no lo hicieron, pues ahora le est\u00e1 pasando al Partido Socialista; y es la derecha, la extrema-derecha. Esto no es nuevo, lo vimos en Brasil con Lula. <\/p>\n\n\n\n<p>Esto no es nuevo, son los golpes blandos que se dicen ahora. No hacen falta tanques ni pistolas. Se pueden hacer cambios, lo que pasa es que el Partido Socialista es un partido del r\u00e9gimen, del sistema, que siempre est\u00e1 con la ambig\u00fcedad y sobre todo con el miedo. Le da miedo, no es valiente. Y ahora est\u00e1 sufriendo lo que sufri\u00f3 Podemos, lo que ha sufrido otros partidos, en independentismo catal\u00e1n por ejemplo. Con una mayor\u00eda absoluta podemos cambiar el Poder Judicial y en 24 horas de acaba esto. Lo que pasa es que hay que ser valiente. <\/p>\n\n\n\n<p><strong>\u00bfEs VOX quien al fin y al cabo canaliza la mala imagen de la pol\u00edtica que es tan extendida por las redes sociales? \u00bfPor qu\u00e9 est\u00e1 penetrando VOX entre la gente m\u00e1s joven?<\/strong><\/p>\n\n\n\n<p>Espa\u00f1a no es un pa\u00eds aislado; esto es lo que estamos viendo en todos los pa\u00edses del mundo. Lo estamos viendo en Argentina, en Estados Unidos; estamos viendo esa ola reaccionaria de extrema derecha. Espa\u00f1a no est\u00e1 de espaldas al mundo y est\u00e1 viviendo esa misma ola reaccionaria. <\/p>\n\n\n\n<p>Hoy hemos visto en el Parlamento de Andaluc\u00eda a la ultra-derecha mojarse por primera vez en materia de tema de sanidad, porque la ultra-derecha lo que hace en muchas ocasiones es callarse la boca, no hablar. Y cuando uno no habla, el resto no sabemos qu\u00e9 piensa. Esa es una de sus estrategias; no hablar mucho de la sanidad, etc. Lo que est\u00e1 pasando con la sanidad es una estrategia perfectamente organizada. La ultra-derecha recoge los frutos del descontento de la gente porque la izquierda no soluciona los problemas. <\/p>\n\n\n\n<p>En Espa\u00f1a tenemos un problema grav\u00edsimo con el tema de los pisos tur\u00edsticos. Espa\u00f1a es el segundo pa\u00eds, a nivel mundial, de recepci\u00f3n de turistas. Esto quiere decir que vienen a Espa\u00f1a muchos turistas con un nivel adquisitivo much\u00edsimo mayor que el espa\u00f1ol. <\/p>\n\n\n\n<p>Eso hace que suban los precios, los alquileres, y esto hace que much\u00edsimos barrios donde ha vivido la gente de toda la vida se conviertan en parques tem\u00e1ticos. El sueldo medio de un trabajador en Espa\u00f1a puede ser entre 1500 y un alquiler vale 900. Hay gente que tiene un puesto de trabajo que no cubre las necesidades b\u00e1sicas. Con un sueldo, o sea, trabajando, no te garantiza tener los derechos m\u00ednimos. <\/p>\n\n\n\n<figure class=\"wp-block-image size-large\"><img fetchpriority=\"high\" decoding=\"async\" width=\"1024\" height=\"420\" src=\"https:\/\/xn--tuvozdiasporaespaola-k7b.com\/wp-content\/uploads\/2025\/12\/1000562031-1024x420.jpg\" alt=\"\" class=\"wp-image-11293\" srcset=\"https:\/\/xn--tuvozdiasporaespaola-k7b.com\/wp-content\/uploads\/2025\/12\/1000562031-1024x420.jpg 1024w, https:\/\/xn--tuvozdiasporaespaola-k7b.com\/wp-content\/uploads\/2025\/12\/1000562031-300x123.jpg 300w, https:\/\/xn--tuvozdiasporaespaola-k7b.com\/wp-content\/uploads\/2025\/12\/1000562031-768x315.jpg 768w, https:\/\/xn--tuvozdiasporaespaola-k7b.com\/wp-content\/uploads\/2025\/12\/1000562031-1536x630.jpg 1536w, https:\/\/xn--tuvozdiasporaespaola-k7b.com\/wp-content\/uploads\/2025\/12\/1000562031-2048x840.jpg 2048w\" sizes=\"(max-width: 1024px) 100vw, 1024px\" \/><\/figure>\n\n\n\n<p>En Espa\u00f1a est\u00e1 gobernando el Partido Socialista, que dice que es de izquierdas, aunque yo tengo mis dudas, y Sumar, que tambi\u00e9n dice que es de izquierda y tambi\u00e9n tengo mis dudas. Han subido el presupuesto de defensa en miles de millones. Dec\u00eda mi abuela que el dinero no es chicle, que se estira. Tenemos lo que tenemos. Si t\u00fa quieres aumentar el dinero de defensa porque dicen que los rusos son muy malos y que tienen misiles nucleares, pues compra m\u00e1s tanques, que ya sabemos que si los rusos alg\u00fan d\u00eda quieren tirar un misil te vas a quedar sin tanque y sin los miles de millones.<\/p>\n\n\n\n<p>\u00bfC\u00f3mo vez que en el Parlamento se est\u00e9n proponiendo pol\u00edticas p\u00fablicas que conviertan esas zonas de turismo en zonas residenciales para los locales, oblig\u00e1ndolos a que tengan unos servicios p\u00fablicos que puedan ofrecer a esos residentes que pueden ser locales o extranjeros?<\/p>\n\n\n\n<p>En Andaluc\u00eda hay un gobierno de derecha con mayor\u00eda absoluta; es decir que puede hacer lo que le d\u00e9 la gana. La derecha en Espa\u00f1a viene a las instituciones a hacer negocios. Si vinieran a pensar en solucionar los problemas de la gente. Al Parlamento lo controla la derecha. <\/p>\n\n\n\n<p>En Espa\u00f1a el parque de viviendas, la vivienda social y la vivienda p\u00fablica en Europa est\u00e1 en un 9 por ciento, en Espa\u00f1a est\u00e1 en un 2 por ciento Para que Andaluc\u00eda se ponga al nivel de Europa habr\u00eda que construir 400 mil viviendas en Andaluc\u00eda. Se est\u00e1n haciendo viviendas muy pocas y muy caras, entre 300 y 400 mil Euros una vivienda p\u00fablica y social. Hay que poner coto a la vivienda privada, al negocio, a los fondos buitre que est\u00e1n entrando en Andaluc\u00eda para hacer negocio. <\/p>\n\n\n\n<p>La polic\u00eda espa\u00f1ola dec\u00eda que el Partido Popular actuaba como una organizaci\u00f3n criminal; est\u00e1n los informes del a\u00f1o 2008. Y eso es grav\u00edsimo, por eso a m\u00ed no me extra\u00f1a lo que est\u00e1 pasando ahora, que han quitado del medio al fiscal general porque dec\u00eda que hab\u00eda filtrado un documento. Y resulta que a ese mismo fiscal que han condenado por filtrar un documento ellos han filtrado su sentencia. Adem\u00e1s en el caso del fiscal no hay ninguna prueba. Es grav\u00edsimo todo, y adem\u00e1s rocambolesco.<\/p>\n\n\n\n<p><\/p>\n","protected":false},"excerpt":{"rendered":"<p>Por Walter C. Medina ENTREVISTA A JUAN ANTONIO DELGADO \u201cLa derecha en Espa\u00f1a viene a las instituciones a hacer negocios\u201dPaloma Garc\u00eda Bellido desde Reino &#8230; <\/p>\n<p class=\"read-more-container\"><a title=\"\u201cLa derecha en Espa\u00f1a viene a las instituciones a hacer negocios\u201dJan Antonio Delgado, Andaluc\u00eda.\" class=\"read-more button\" href=\"https:\/\/xn--tuvozdiasporaespaola-k7b.com\/page\/2\/la-derecha-en-espana-viene-a-las-instituciones-a-hacer-negociosjan-antonio-delgado-andalucia\/#more-11289\" aria-label=\"M\u00e1s en \u201cLa derecha en Espa\u00f1a viene a las instituciones a hacer negocios\u201dJan Antonio Delgado, Andaluc\u00eda.\">Leer m\u00e1s<\/a><\/p>\n","protected":false},"author":222560522,"featured_media":11294,"comment_status":"closed","ping_status":"open","sticky":false,"template":"","format":"standard","meta":{"footnotes":""},"categories":[121850],"tags":[],"class_list":["post-11289","post","type-post","status-publish","format-standard","has-post-thumbnail","hentry","category-politica","resize-featured-image"],"_links":{"self":[{"href":"https:\/\/xn--tuvozdiasporaespaola-k7b.com\/page\/2\/wp-json\/wp\/v2\/posts\/11289","targetHints":{"allow":["GET"]}}],"collection":[{"href":"https:\/\/xn--tuvozdiasporaespaola-k7b.com\/page\/2\/wp-json\/wp\/v2\/posts"}],"about":[{"href":"https:\/\/xn--tuvozdiasporaespaola-k7b.com\/page\/2\/wp-json\/wp\/v2\/types\/post"}],"author":[{"embeddable":true,"href":"https:\/\/xn--tuvozdiasporaespaola-k7b.com\/page\/2\/wp-json\/wp\/v2\/users\/222560522"}],"replies":[{"embeddable":true,"href":"https:\/\/xn--tuvozdiasporaespaola-k7b.com\/page\/2\/wp-json\/wp\/v2\/comments?post=11289"}],"version-history":[{"count":2,"href":"https:\/\/xn--tuvozdiasporaespaola-k7b.com\/page\/2\/wp-json\/wp\/v2\/posts\/11289\/revisions"}],"predecessor-version":[{"id":11295,"href":"https:\/\/xn--tuvozdiasporaespaola-k7b.com\/page\/2\/wp-json\/wp\/v2\/posts\/11289\/revisions\/11295"}],"wp:featuredmedia":[{"embeddable":true,"href":"https:\/\/xn--tuvozdiasporaespaola-k7b.com\/page\/2\/wp-json\/wp\/v2\/media\/11294"}],"wp:attachment":[{"href":"https:\/\/xn--tuvozdiasporaespaola-k7b.com\/page\/2\/wp-json\/wp\/v2\/media?parent=11289"}],"wp:term":[{"taxonomy":"category","embeddable":true,"href":"https:\/\/xn--tuvozdiasporaespaola-k7b.com\/page\/2\/wp-json\/wp\/v2\/categories?post=11289"},{"taxonomy":"post_tag","embeddable":true,"href":"https:\/\/xn--tuvozdiasporaespaola-k7b.com\/page\/2\/wp-json\/wp\/v2\/tags?post=11289"}],"curies":[{"name":"wp","href":"https:\/\/api.w.org\/{rel}","templated":true}]}}