{"id":11275,"date":"2025-12-05T14:22:30","date_gmt":"2025-12-05T17:22:30","guid":{"rendered":"https:\/\/xn--tuvozdiasporaespaola-k7b.com\/page\/2\/?p=11275"},"modified":"2025-12-05T14:22:31","modified_gmt":"2025-12-05T17:22:31","slug":"entre-alertas-y-consensos-aislados","status":"publish","type":"post","link":"https:\/\/xn--tuvozdiasporaespaola-k7b.com\/page\/2\/entre-alertas-y-consensos-aislados\/","title":{"rendered":"ENTRE ALERTAS Y CONSENSOS AISLADOS"},"content":{"rendered":"\n<p> Por: Martha P\u00e9rez, desde Rep\u00fablica Dominicana <\/p>\n\n\n\n<p>El despliegue militar de Estados Unidos en el Caribe con la intenci\u00f3n por todos conocida ha activado una alarma permanente en la regi\u00f3n desde agosto pasado y a la vez una suerte de consensos de los pa\u00edses de Am\u00e9rica Latina, aunque con ciertos matices en sus posiciones. La alerta, calificada por gobiernos de distintos tintes pol\u00edticos, por naturaleza obedece al calibre tecnol\u00f3gico y militar de la flota apostada en el mar territorial con su foco hacia Venezuela; el consenso, a\u00fan aislado, surge del rechazo internacional dentro y fuera de la regi\u00f3n, incluidas potencias euroasi\u00e1ticas y organismos multilaterales que han fijado posici\u00f3n frente a este despliegue. <\/p>\n\n\n\n<p>Las alertas suben de color mientras avanzan los d\u00edas, dado que, el objeto de tal despliegue, iniciado en agosto pasado, ten\u00eda la justificaci\u00f3n visible de la lucha antidrogas en la regi\u00f3n, con \u00e9nfasis en supuestos carteles de la droga instalados en Venezuela. Las consecuencias de estas operaciones han sido m\u00e1s de veinte \u201cnarco lanchas\u201d voladas y m\u00e1s de ochenta v\u00edctimas mortales oriundos de distintos pa\u00edses de la regi\u00f3n, sin ninguna noticia sobre droga incautada ni cad\u00e1veres a la vista. Opiniones calificadas han venido advirtiendo que tales operaciones encubren un objetivo pol\u00edtico contra Venezuela, lo que ha ido quedando claro con los mismos enunciados del presidente estadounidense en sus redes sociales. <\/p>\n\n\n\n<p>Ahora se advierte que el objeto f\u00edsico es el gobernante de la Rep\u00fablica Bolivariana de Venezuela a quien Estados Unidos no quiere en el poder, mientras que el objeto geopol\u00edtico son los recursos naturales de esa naci\u00f3n, cuarto productor mundial de petr\u00f3leo. <\/p>\n\n\n\n<p>El term\u00f3metro de las alertas est\u00e1 marcando que \u201cmuy pronto\u201d Estados Unidos tomar\u00e1 medidas contra Venezuela, pero no se sabe c\u00f3mo, cu\u00e1ndo ni qu\u00e9 har\u00e1, por lo que frente a este escenario varios pa\u00edses han fijado posiciones p\u00fablicas en defensa de la soberan\u00eda regional rechazando todas formas de intervenci\u00f3n militar, lo que presenta una configuraci\u00f3n en la geopol\u00edtica que pone de manifiesto una correlaci\u00f3n de fuerzas alejada de Washington y sus estrategias de dominaci\u00f3n. Se dice que el 70% del propio pueblo estadounidense rechaza una intervenci\u00f3n militar contra el pueblo venezolano.<\/p>\n\n\n\n<p>Esos actores gubernamentales y de organismos multilaterales, como la CELAC, que se han pronunciado abiertamente dentro y fuera de la regi\u00f3n en defensa de la soberan\u00eda y contra la intervenci\u00f3n, conforman, sin propon\u00e9rselo, una correlaci\u00f3n diplom\u00e1tica, geopol\u00edtica y social relevante para actuar como conjunto en defensa de la paz en soberan\u00eda, que es lo que est\u00e1 en juego y en riesgo, es la alarma central de esta situaci\u00f3n. Independientemente de la \u201coperaci\u00f3n antidrogas\u201d que fue el segundo  enunciado justificativo de la estrategia, el primero fue el cuestionamiento a las elecciones del 28 de julio en la naci\u00f3n suramericana y se pas\u00f3 la p\u00e1gina, \u00e9stos pa\u00edses y organismos debieran unir sus voces de manera contundente en un llamado al di\u00e1logo, en el marco del Derecho Internacional y los principios fundamentales de la Carta de la ONU, a fin de crear un ambiente de distenci\u00f3n en un momento de profunda inestabilidad global como consecuencia de la apuesta estadounidense a imponer su primac\u00eda estrat\u00e9gica en el continente. <\/p>\n\n\n\n<p>En esta unidad diplom\u00e1tica y geopol\u00edtica Rusia, China y otros pa\u00edses de Eurasia, que tambi\u00e9n han fijado posici\u00f3n contra el intervencionismo, pudieran colaborar para configurar en lo inmediato un mapa en defensa de la soberan\u00eda regional, evitando as\u00ed que desencadene un conflicto hemisf\u00e9rico de impredecibles proporciones. <\/p>\n\n\n\n<p>Pese a que las alarmas alertan todo el continente, especialmente el Caribe ocupa pena y verg\u00fcenza que no podamos incluir en esa posibilidad de unidad por la soberan\u00eda regional a la Rep\u00fablica Dominicana, porque este gobierno ha entregado la soberan\u00eda a los Estados Unidos, facilitando dos aeropuertos en sus \u00e1reas restringidas para operaciones militares, pas\u00e1ndole por encima a la Constituci\u00f3n, la Ley de leyes, que en su art\u00edculo 3, es lo suficientemente clara respecto al respeto a la soberan\u00eda nacional. <\/p>\n\n\n\n<p>Rep\u00fablica Dominicana, que hist\u00f3ricamente tiene tradici\u00f3n de \u00e1rbitro imparcial, de concertaci\u00f3n, mediaci\u00f3n, di\u00e1logo; que padeci\u00f3 en carne viva tres intervenciones militares estadounidenses, que cuenta con un pueblo heroico, defensor de su constitucionalidad, la han llevado a ceder su territorio para operaciones contra la soberan\u00eda regional. Nuestro pa\u00eds est\u00e1 dentro de las alertas, pero negando su historia se entrega y se cierra las puertas al consenso.  <\/p>\n\n\n\n<figure class=\"wp-block-image size-full\"><img fetchpriority=\"high\" decoding=\"async\" width=\"640\" height=\"640\" src=\"https:\/\/xn--tuvozdiasporaespaola-k7b.com\/wp-content\/uploads\/2025\/12\/1000560582.webp\" alt=\"\" class=\"wp-image-11276\" srcset=\"https:\/\/xn--tuvozdiasporaespaola-k7b.com\/wp-content\/uploads\/2025\/12\/1000560582.webp 640w, https:\/\/xn--tuvozdiasporaespaola-k7b.com\/wp-content\/uploads\/2025\/12\/1000560582-300x300.webp 300w, https:\/\/xn--tuvozdiasporaespaola-k7b.com\/wp-content\/uploads\/2025\/12\/1000560582-150x150.webp 150w\" sizes=\"(max-width: 640px) 100vw, 640px\" \/><figcaption class=\"wp-element-caption\">Martha P\u00e9rez, desde Rep\u00fablica Dominicana .<\/figcaption><\/figure>\n","protected":false},"excerpt":{"rendered":"<p>Por: Martha P\u00e9rez, desde Rep\u00fablica Dominicana El despliegue militar de Estados Unidos en el Caribe con la intenci\u00f3n por todos conocida ha activado una &#8230; <\/p>\n<p class=\"read-more-container\"><a title=\"ENTRE ALERTAS Y CONSENSOS AISLADOS\" class=\"read-more button\" href=\"https:\/\/xn--tuvozdiasporaespaola-k7b.com\/page\/2\/entre-alertas-y-consensos-aislados\/#more-11275\" aria-label=\"M\u00e1s en ENTRE ALERTAS Y CONSENSOS AISLADOS\">Leer m\u00e1s<\/a><\/p>\n","protected":false},"author":222560522,"featured_media":11277,"comment_status":"closed","ping_status":"open","sticky":false,"template":"","format":"standard","meta":{"footnotes":""},"categories":[121889],"tags":[],"class_list":["post-11275","post","type-post","status-publish","format-standard","has-post-thumbnail","hentry","category-republica-dominicana","resize-featured-image"],"_links":{"self":[{"href":"https:\/\/xn--tuvozdiasporaespaola-k7b.com\/page\/2\/wp-json\/wp\/v2\/posts\/11275","targetHints":{"allow":["GET"]}}],"collection":[{"href":"https:\/\/xn--tuvozdiasporaespaola-k7b.com\/page\/2\/wp-json\/wp\/v2\/posts"}],"about":[{"href":"https:\/\/xn--tuvozdiasporaespaola-k7b.com\/page\/2\/wp-json\/wp\/v2\/types\/post"}],"author":[{"embeddable":true,"href":"https:\/\/xn--tuvozdiasporaespaola-k7b.com\/page\/2\/wp-json\/wp\/v2\/users\/222560522"}],"replies":[{"embeddable":true,"href":"https:\/\/xn--tuvozdiasporaespaola-k7b.com\/page\/2\/wp-json\/wp\/v2\/comments?post=11275"}],"version-history":[{"count":1,"href":"https:\/\/xn--tuvozdiasporaespaola-k7b.com\/page\/2\/wp-json\/wp\/v2\/posts\/11275\/revisions"}],"predecessor-version":[{"id":11278,"href":"https:\/\/xn--tuvozdiasporaespaola-k7b.com\/page\/2\/wp-json\/wp\/v2\/posts\/11275\/revisions\/11278"}],"wp:featuredmedia":[{"embeddable":true,"href":"https:\/\/xn--tuvozdiasporaespaola-k7b.com\/page\/2\/wp-json\/wp\/v2\/media\/11277"}],"wp:attachment":[{"href":"https:\/\/xn--tuvozdiasporaespaola-k7b.com\/page\/2\/wp-json\/wp\/v2\/media?parent=11275"}],"wp:term":[{"taxonomy":"category","embeddable":true,"href":"https:\/\/xn--tuvozdiasporaespaola-k7b.com\/page\/2\/wp-json\/wp\/v2\/categories?post=11275"},{"taxonomy":"post_tag","embeddable":true,"href":"https:\/\/xn--tuvozdiasporaespaola-k7b.com\/page\/2\/wp-json\/wp\/v2\/tags?post=11275"}],"curies":[{"name":"wp","href":"https:\/\/api.w.org\/{rel}","templated":true}]}}