{"id":11248,"date":"2025-12-04T15:06:35","date_gmt":"2025-12-04T18:06:35","guid":{"rendered":"https:\/\/xn--tuvozdiasporaespaola-k7b.com\/page\/2\/?p=11248"},"modified":"2025-12-04T15:12:32","modified_gmt":"2025-12-04T18:12:32","slug":"pedro-sanchez-presenta-el-plan-espana-auto-2030-para-apoyar-la-oferta-y-la-demanda-e-impulsar-un-coche-electrico-espanol-y-economico","status":"publish","type":"post","link":"https:\/\/xn--tuvozdiasporaespaola-k7b.com\/page\/2\/pedro-sanchez-presenta-el-plan-espana-auto-2030-para-apoyar-la-oferta-y-la-demanda-e-impulsar-un-coche-electrico-espanol-y-economico\/","title":{"rendered":"Pedro S\u00e1nchez presenta el Plan Espa\u00f1a Auto 2030 para apoyar la oferta y la demanda e impulsar un \u00abcoche el\u00e9ctrico espa\u00f1ol y econ\u00f3mico\u00bb"},"content":{"rendered":"\n<p>Comnicado Ministerio de Industria y Turismo.<\/p>\n\n\n\n<p>El presidente del Gobierno, Pedro S\u00e1nchez, ha presentado el Plan Espa\u00f1a Auto 2030, fruto de la colaboraci\u00f3n p\u00fablico-privada, que incluye una bater\u00eda de medidas con una \u00abregulaci\u00f3n mucho m\u00e1s amigable\u00bb con el sector e incentivos para apoyar a la oferta y la demanda, e impulsar el \u00abcoche el\u00e9ctrico, que sea espa\u00f1ol y econ\u00f3mico\u00bb. <\/p>\n\n\n\n<p>Para ello, el plan incide en el coste de los veh\u00edculos el\u00e9ctricos, la infraestructura -con la red de puntos de recarga-, y la innovaci\u00f3n y competitividad del sector, al tiempo que contribuir\u00e1 a la lucha contra el cambio clim\u00e1tico.<\/p>\n\n\n\n<p>\u00abHoy estamos aqu\u00ed para que Espa\u00f1a fabrique coches el\u00e9ctricos tan competitivos como permite nuestro talento y lo suficientemente econ\u00f3micos como para que los espa\u00f1oles se los puedan permitir\u00bb porque \u00abla electrificaci\u00f3n del autom\u00f3vil ha llegado para quedarse. Se trata de que ganemos todos con ella\u00bb, ha explicado Pedro S\u00e1nchez, durante la clausura del acto de presentaci\u00f3n del Plan Espa\u00f1a Auto 2030, en el que han intervenido tambi\u00e9n la vicepresidenta tercera y ministra para la Transici\u00f3n Ecol\u00f3gica y el Reto Demogr\u00e1fico, Sara Aagesen, y el ministro de Industria y Turismo, Jordi Hereu.<\/p>\n\n\n\n<p>Pedro S\u00e1nchez ha se\u00f1alado que \u00abhoy, tener coche ya no es un signo de clase, pero comprarse un coche el\u00e9ctrico supone, para muchas familias, una importante inversi\u00f3n inicial\u00bb, que \u00aba la larga, merece la pena por el ahorro en combustible y mantenimiento y por un aire m\u00e1s limpio en nuestras calles\u00bb.<\/p>\n\n\n\n<p>Anima a \u00abpisar el acelerador del coche el\u00e9ctrico\u00bb con un \u00abplan de pa\u00eds\u00bb Por ello, ha subrayado que \u00abtenemos que pisar el acelerador del coche el\u00e9ctrico\u00bb, en la extensi\u00f3n de los puntos de recarga, el abaratamiento de los precios de estos veh\u00edculos y en el combate contra los bulos sobre este tipo de transporte, que es \u00abbueno para nuestra industria y para seguir creando empleo de calidad en un sector clave para la econom\u00eda espa\u00f1ola\u00bb.<\/p>\n\n\n\n<p>La industria automovil\u00edstica aporta cerca del 10% del PIB, genera casi 2 millones de empleos directos e indirectos, lo que convierte a Espa\u00f1a en el segundo fabricante de Europa. <\/p>\n\n\n\n<p>En este sentido, ha subrayado que el Plan Auto es \u00abun plan de pa\u00eds\u00bb, para que \u00abEspa\u00f1a llegue al final de la d\u00e9cada con los deberes hechos\u00bb. Por ello, este paquete de medidas se ha configurado como \u00abun plan horizontal e integral, fruto de la estrecha colaboraci\u00f3n y el di\u00e1logo con el sector privado\u00bb, y se ha articulado una estrategia con tres grandes ejes.<\/p>\n\n\n\n<p><strong>Incidir en el coste: Plan Auto+ con 400 millones para incentivar la compra.<\/strong><\/p>\n\n\n\n<p>El primer eje incide en el precio, para \u00abfabricar coches el\u00e9ctricos en Espa\u00f1a que puedan ser asequibles para la clase media y trabajadora de nuestro pa\u00eds\u00bb y no \u00abalejar a la clase media y trabajadora de este Pacto Verde\u00bb, ha se\u00f1alado el presidente S\u00e1nchez. <\/p>\n\n\n\n<p>No obstante, ha valorado que se ha avanzado \u00abmucho\u00bb, puesto que el coste de un coche el\u00e9ctrico durante su vida \u00fatil es un 10% inferior al de uno con motor de combusti\u00f3n; un 40%, sumando las ayudas y los incentivos fiscales.<\/p>\n\n\n\n<p>El presidente ha detallado que el plan incluir\u00e1 el Plan Auto+, dotado con 400 millones de euros en 2026 para ayudas directas a la compra de veh\u00edculos el\u00e9ctricos; el lanzamiento de otro Moves Corredores, dotado con 300 millones, para desplegar puntos de recarga y 580 millones m\u00e1s para el PERTE VEC. <\/p>\n\n\n\n<figure class=\"wp-block-image size-full\"><img fetchpriority=\"high\" decoding=\"async\" width=\"720\" height=\"480\" src=\"https:\/\/xn--tuvozdiasporaespaola-k7b.com\/wp-content\/uploads\/2025\/12\/1000557170.jpg\" alt=\"\" class=\"wp-image-11250\" srcset=\"https:\/\/xn--tuvozdiasporaespaola-k7b.com\/wp-content\/uploads\/2025\/12\/1000557170.jpg 720w, https:\/\/xn--tuvozdiasporaespaola-k7b.com\/wp-content\/uploads\/2025\/12\/1000557170-300x200.jpg 300w\" sizes=\"(max-width: 720px) 100vw, 720px\" \/><figcaption class=\"wp-element-caption\">El presidente del Gobierno, Pedro S\u00e1nchez, durante su intervenci\u00f3n en el acto. | Pool Moncloa\/Borja Puig de la Bellacasa<\/figcaption><\/figure>\n\n\n\n<p><\/p>\n\n\n\n<p>\u00abEl a\u00f1o que viene veremos un aluvi\u00f3n de oferta de modelos el\u00e9ctricos por menos de 25.000 euros. Ese es el camino y el Gobierno de Espa\u00f1a quiere recorrerlo con la industria\u00bb, ha se\u00f1alado.<\/p>\n\n\n\n<p> As\u00ed, ha anunciado que el Ejecutivo pondr\u00e1 en marcha una nueva l\u00ednea de ayudas para seguir incentivando la compra de veh\u00edculos el\u00e9ctricos, el Plan Auto+, dotado con 400 millones de euros en 2026 en ayudas directas a la compra, tras haber movilizado ya 1.700 millones de euros con el Plan Moves.<\/p>\n\n\n\n<p>Estas ayudas ser\u00e1n gestionadas por el Gobierno central, no por las comunidades aut\u00f3nomas, para \u00abgarantizar una mayor velocidad y homogeneidad en la gesti\u00f3n y que los pagos lleguen a los bolsillos de las familias cuando lo necesitan\u00bb. El modelo a seguir es el Plan Reinicia Auto + puesto en marcha para paliar los efectos de la DANA y que, tras un a\u00f1o de la tragedia, ha logrado que \u00abel 95% de las solicitudes est\u00e1n en el bolsillo de los valencianos\u00bb.<\/p>\n\n\n\n<p><strong>Nuevo Moves Corredores con 300 millones para puntos de recarga.<\/strong><\/p>\n\n\n\n<p>La segunda prioridad del Plan Espa\u00f1a Auto 2030 se centra en la infraestructura, apostando por incrementar los puntos de recarga.<\/p>\n\n\n\n<p>Pedro S\u00e1nchez ha anunciado que el a\u00f1o que viene se lanzar\u00e1 un nuevo Moves Corredores, dotado con 300 millones de euros, que contribuir\u00e1 a desplegar puntos de recarga en las denominadas &#8216;zonas sombra&#8217;, es decir, aquellas carreteras donde a\u00fan no hay los puntos necesarios.<\/p>\n\n\n\n<p>Tambi\u00e9n se reducir\u00e1n dr\u00e1sticamente las licencias y permisos necesarios para instalar puntos de recargas y se ha puesto en marcha una web \u00fanica de puntos de recarga. Un conjunto de medidas que ha contribuido a que este a\u00f1o haya aumentado el mapa de recarga p\u00fablica de m\u00e1s de 43 kW en m\u00e1s de un 50%, hasta superar los 40.000 puntos. <\/p>\n\n\n\n<p>De hecho, ya se han destinado m\u00e1s de 600 millones de euros para el despliegue de puntos de recarga, a trav\u00e9s de Moves III, Moves Flotas, y Moves Singulares, ha precisado el jefe del Ejecutivo.S\u00f3lo con el Plan Moves III se han subvencionado la compra de m\u00e1s de 170.000 veh\u00edculos electrificados (el\u00e9ctricos puros e h\u00edbridos enchufables), a ello se suma que las ventas se han duplicado en lo que va 2025 y se han financiado m\u00e1s de 140.000 puntos de recarga p\u00fablicos y particulares, ha precisado el presidente S\u00e1nchez. <\/p>\n\n\n\n<p>No obstante, dado que \u00abfalta infraestructura y sobra burocracia\u00bb, ha solicitado que \u00abtodas las administraciones apuesten por esta gran transformaci\u00f3n\u00bb, tomando partido frente a \u00ablos traficantes de bulos sobre el coche el\u00e9ctrico, a los que propagan mentiras y alarmas infundadas con un \u00fanico prop\u00f3sito: generar desconfianza entre los consumidores\u00bb.<\/p>\n\n\n\n<p><strong>Innovaci\u00f3n y competitividad: 580 millones m\u00e1s para el PERTE VEC<\/strong><\/p>\n\n\n\n<p>Por \u00faltimo, el tercer eje del Plan reforzar\u00e1 la innovaci\u00f3n y competitividad en el sector. En este sentido, Pedro S\u00e1nchez ha se\u00f1alado que, si en el pasado se produc\u00edan \u00abcoches made in Spain, como el Seat 600, en el futuro tenemos que aspirar a concebir coches made by Spain, como un sello de calidad distintiva vinculada a nuestro pa\u00eds\u00bb.<\/p>\n\n\n\n<figure class=\"wp-block-image size-full\"><img decoding=\"async\" width=\"720\" height=\"480\" src=\"https:\/\/xn--tuvozdiasporaespaola-k7b.com\/wp-content\/uploads\/2025\/12\/1000557171-1.jpg\" alt=\"\" class=\"wp-image-11253\" srcset=\"https:\/\/xn--tuvozdiasporaespaola-k7b.com\/wp-content\/uploads\/2025\/12\/1000557171-1.jpg 720w, https:\/\/xn--tuvozdiasporaespaola-k7b.com\/wp-content\/uploads\/2025\/12\/1000557171-1-300x200.jpg 300w\" sizes=\"(max-width: 720px) 100vw, 720px\" \/><figcaption class=\"wp-element-caption\">La ministra para la Transici\u00f3n Ecol\u00f3gica y el Reto Demogr\u00e1fico, Sara Aagesen, durante su intervenci\u00f3n en el acto. | Pool Moncloa\/Borja Puig de la Bellacas.<\/figcaption><\/figure>\n\n\n\n<p>Espa\u00f1a es actualmente el segundo fabricante europeo de veh\u00edculos y el noveno del mundo, si bien el presidente ha apuntado que \u00abahora se trata de liderar en la fabricaci\u00f3n y el reciclado de bater\u00edas, y en la transformaci\u00f3n de toda la cadena de valor: desde el dise\u00f1o hasta las grandes plantas de ensamblaje, pasando por las pymes que garantizan el suministro de componentes\u00bb, por lo que ha anunciado que se seguir\u00e1 apoyando ese \u00abc\u00edrculo virtuoso\u00bb en 2026 con 580 millones m\u00e1s para el PERTE del Veh\u00edculo El\u00e9ctrico y Conectado (PERTE VEC).En los \u00faltimos a\u00f1os, el Gobierno ha concedido m\u00e1s de 3.000 millones de euros a trav\u00e9s del PERTE VEC y ha apoyado grandes proyectos, como la transformaci\u00f3n de plantas de producci\u00f3n o la construcci\u00f3n de nuevas gigafactor\u00edas en Sagunto (Valencia), en Figueruelas (Zaragoza) o en Navalmoral de la Mata (C\u00e1ceres).<\/p>\n\n\n\n<p><strong>Aagesen: \u00abEstamos en la d\u00e9cada de la electrificaci\u00f3n\u201d<\/strong><\/p>\n\n\n\n<p>La vicepresidenta tercera y ministra para la Transici\u00f3n Ecol\u00f3gica y el Reto Demogr\u00e1fico, Sara Aagesen, ha incidido en que el cambio clim\u00e1tico avanza y las decisiones que se tomen esta d\u00e9cada ser\u00e1n \u00abfundamentales para el bienestar de las futuras generaciones\u00bb. Por ello, ha instado a combatir la desinformaci\u00f3n y ha subrayado que la Agenda Verde \u00abavanza con fuerza\u00bb y esta d\u00e9cada es la de la \u00abelectrificaci\u00f3n\u00bb de la actividad econ\u00f3mica y el transporte.<\/p>\n\n\n\n<p>As\u00ed, ha se\u00f1alado que el Plan Auto reforzar\u00e1 el ecosistema industrial y contribuir\u00e1 a avanzar en descarbonizaci\u00f3n, autonom\u00eda, reindustrializaci\u00f3n y reducci\u00f3n de la contaminaci\u00f3n, tras iniciativas como el Plan Nacional Integrado de Energ\u00eda y Clima, un marco de ayudas \u00absin precedentes\u00bb de m\u00e1s de 2.400 millones de euros movilizados en los \u00faltimos siete a\u00f1os y el Plan Moves que ha incentivado m\u00e1s de 350.000 actuaciones, principalmente en infraestructura de recarga por todo el territorio, entre otras.<\/p>\n\n\n\n<p><strong>Hereu: \u00abAvanzaremos en una de las transformaciones industriales m\u00e1s estrat\u00e9gicas del pa\u00eds\u00bb<\/strong><\/p>\n\n\n\n<p>En esta l\u00ednea, el ministro de Industria y Turismo, Jordi Hereu, ha destacado que el plan es una \u00abgran oportunidad\u00bb y confirma la estrategia que Espa\u00f1a desarrolla desde hace siete a\u00f1os para apostar por la sostenibilidad y avanzar en la reindustrializaci\u00f3n y la autonom\u00eda estrat\u00e9gica en toda la cadena de valor.<\/p>\n\n\n\n<p>Hereu ha enfatizado que con el plan se avanzar\u00e1 \u00abcon m\u00e1s fuerza\u00bb y se aporta \u00abcertidumbre, confianza y unidad de acci\u00f3n\u00bb para acometer \u00abuna de las transformaciones industriales m\u00e1s estrat\u00e9gicas\u00bb de Espa\u00f1a.<\/p>\n\n\n\n<p><\/p>\n\n\n\n<p><\/p>\n\n\n\n<figure class=\"wp-block-image size-full\"><img decoding=\"async\" width=\"500\" height=\"333\" src=\"https:\/\/xn--tuvozdiasporaespaola-k7b.com\/wp-content\/uploads\/2025\/12\/1000558733.jpg\" alt=\"\" class=\"wp-image-11256\" srcset=\"https:\/\/xn--tuvozdiasporaespaola-k7b.com\/wp-content\/uploads\/2025\/12\/1000558733.jpg 500w, https:\/\/xn--tuvozdiasporaespaola-k7b.com\/wp-content\/uploads\/2025\/12\/1000558733-300x200.jpg 300w\" sizes=\"(max-width: 500px) 100vw, 500px\" \/><\/figure>\n","protected":false},"excerpt":{"rendered":"<p>Comnicado Ministerio de Industria y Turismo. El presidente del Gobierno, Pedro S\u00e1nchez, ha presentado el Plan Espa\u00f1a Auto 2030, fruto de la colaboraci\u00f3n p\u00fablico-privada, &#8230; <\/p>\n<p class=\"read-more-container\"><a title=\"Pedro S\u00e1nchez presenta el Plan Espa\u00f1a Auto 2030 para apoyar la oferta y la demanda e impulsar un \u00abcoche el\u00e9ctrico espa\u00f1ol y econ\u00f3mico\u00bb\" class=\"read-more button\" href=\"https:\/\/xn--tuvozdiasporaespaola-k7b.com\/page\/2\/pedro-sanchez-presenta-el-plan-espana-auto-2030-para-apoyar-la-oferta-y-la-demanda-e-impulsar-un-coche-electrico-espanol-y-economico\/#more-11248\" aria-label=\"M\u00e1s en Pedro S\u00e1nchez presenta el Plan Espa\u00f1a Auto 2030 para apoyar la oferta y la demanda e impulsar un \u00abcoche el\u00e9ctrico espa\u00f1ol y econ\u00f3mico\u00bb\">Leer m\u00e1s<\/a><\/p>\n","protected":false},"author":222560522,"featured_media":11254,"comment_status":"closed","ping_status":"open","sticky":false,"template":"","format":"standard","meta":{"footnotes":""},"categories":[121854],"tags":[],"class_list":["post-11248","post","type-post","status-publish","format-standard","has-post-thumbnail","hentry","category-consejo-de-residentes-espanoles","resize-featured-image"],"_links":{"self":[{"href":"https:\/\/xn--tuvozdiasporaespaola-k7b.com\/page\/2\/wp-json\/wp\/v2\/posts\/11248","targetHints":{"allow":["GET"]}}],"collection":[{"href":"https:\/\/xn--tuvozdiasporaespaola-k7b.com\/page\/2\/wp-json\/wp\/v2\/posts"}],"about":[{"href":"https:\/\/xn--tuvozdiasporaespaola-k7b.com\/page\/2\/wp-json\/wp\/v2\/types\/post"}],"author":[{"embeddable":true,"href":"https:\/\/xn--tuvozdiasporaespaola-k7b.com\/page\/2\/wp-json\/wp\/v2\/users\/222560522"}],"replies":[{"embeddable":true,"href":"https:\/\/xn--tuvozdiasporaespaola-k7b.com\/page\/2\/wp-json\/wp\/v2\/comments?post=11248"}],"version-history":[{"count":4,"href":"https:\/\/xn--tuvozdiasporaespaola-k7b.com\/page\/2\/wp-json\/wp\/v2\/posts\/11248\/revisions"}],"predecessor-version":[{"id":11257,"href":"https:\/\/xn--tuvozdiasporaespaola-k7b.com\/page\/2\/wp-json\/wp\/v2\/posts\/11248\/revisions\/11257"}],"wp:featuredmedia":[{"embeddable":true,"href":"https:\/\/xn--tuvozdiasporaespaola-k7b.com\/page\/2\/wp-json\/wp\/v2\/media\/11254"}],"wp:attachment":[{"href":"https:\/\/xn--tuvozdiasporaespaola-k7b.com\/page\/2\/wp-json\/wp\/v2\/media?parent=11248"}],"wp:term":[{"taxonomy":"category","embeddable":true,"href":"https:\/\/xn--tuvozdiasporaespaola-k7b.com\/page\/2\/wp-json\/wp\/v2\/categories?post=11248"},{"taxonomy":"post_tag","embeddable":true,"href":"https:\/\/xn--tuvozdiasporaespaola-k7b.com\/page\/2\/wp-json\/wp\/v2\/tags?post=11248"}],"curies":[{"name":"wp","href":"https:\/\/api.w.org\/{rel}","templated":true}]}}