{"id":1119,"date":"2023-02-02T01:20:33","date_gmt":"2023-02-02T04:20:33","guid":{"rendered":"https:\/\/xn--tuvozdiasporaespaola-k7b.com\/?p=1119"},"modified":"2023-02-02T01:32:30","modified_gmt":"2023-02-02T04:32:30","slug":"utilizan-una-institucion-para-beneficio-de-su-propio-partido","status":"publish","type":"post","link":"https:\/\/xn--tuvozdiasporaespaola-k7b.com\/page\/2\/utilizan-una-institucion-para-beneficio-de-su-propio-partido\/","title":{"rendered":"\u201cUTILIZAN UNA INSTITUCI\u00d3N PARA BENEFICIO DE SU PROPIO PARTIDO\u201d"},"content":{"rendered":"\n<p>Por Walter C. Medina, Redacci\u00f3n de Revista TU VOZ. <\/p>\n\n\n\n<p>Durante \u201c<em>Tiempo del CRE\u201d,<\/em> bloque de \u201c<em>Cenizas de Babilonia. Di\u00e1spora Espa\u00f1ola\u201d (emitido por AM570 Radio Argentina)<\/em> dedicado a informar novedades y generar proyectos y propuestas para mejorar las condiciones de los espa\u00f1oles residentes en el exterior, Francisco L\u00f3pez manifest\u00f3 su opini\u00f3n respecto de la nota prensa presentada por la&nbsp; presidenta del Consejo de Residentes Espa\u00f1oles. <strong>\u201cUtilizan una instituci\u00f3n para beneficio propio y de su propio partido pol\u00edtico, el Partido Popular y el mismo se\u00f1or Feijo\u00f3\u201d, <\/strong>asegur\u00f3.<\/p>\n\n\n\n<p>Como bien es sabido, se ha aprobado ya la LOREG, ley que se\u00f1ala la derogaci\u00f3n del voto rogado y, al mismo tiempo, f\u00f3rmula que sirve de base para lo que ser\u00e1n las pr\u00f3ximas elecciones auton\u00f3micas y generales. Con la nueva ley habr\u00e1 mayor afluencia de espa\u00f1oles residentes en el exterior a las mesas dispuestas en los consulados para dicho fin. Merced a esta reforma de la ley, los distintos programas electorales, a su vez, podr\u00e1n llegar a mayor n\u00famero de votantes.&nbsp;<\/p>\n\n\n\n<p>Desde <strong>Podemos Exterior se sugiere que la LOREG pueda tambi\u00e9n implementarse en las elecciones a los Consejos de Residentes Espa\u00f1oles.<\/strong> En opini\u00f3n de Francisco L\u00f3pez, \u201c<em>Hoy no existe uniformidad con respecto a las elecciones, a c\u00f3mo se elige, a c\u00f3mo se tienen que obtener los avales, a c\u00f3mo y en qu\u00e9 zona se puede votar. De este modo podemos caer en la din\u00e1mica de que, por ejemplo, como en estas \u00faltimas elecciones al Consejo de Residentes Espa\u00f1oles que se celebraron en distintas partes del mundo, hubo zonas en las que se aceptaban los avales telem\u00e1ticos y otras en las que no\u201d.<\/em>&nbsp;<\/p>\n\n\n\n<figure class=\"wp-block-image size-large\"><img fetchpriority=\"high\" decoding=\"async\" width=\"1080\" height=\"1385\" src=\"http:\/\/xn--tuvozdiasporaespaola-k7b.com\/wp-content\/uploads\/2023\/02\/screenshot_20230202_010625_gallery3739939270250519214.jpg?w=798\" alt=\"\" class=\"wp-image-1124\" srcset=\"https:\/\/xn--tuvozdiasporaespaola-k7b.com\/wp-content\/uploads\/2023\/02\/screenshot_20230202_010625_gallery3739939270250519214.jpg 1080w, https:\/\/xn--tuvozdiasporaespaola-k7b.com\/wp-content\/uploads\/2023\/02\/screenshot_20230202_010625_gallery3739939270250519214-234x300.jpg 234w, https:\/\/xn--tuvozdiasporaespaola-k7b.com\/wp-content\/uploads\/2023\/02\/screenshot_20230202_010625_gallery3739939270250519214-798x1024.jpg 798w, https:\/\/xn--tuvozdiasporaespaola-k7b.com\/wp-content\/uploads\/2023\/02\/screenshot_20230202_010625_gallery3739939270250519214-768x985.jpg 768w\" sizes=\"(max-width: 1080px) 100vw, 1080px\" \/><\/figure>\n\n\n\n<p>Francisco L\u00f3pez recuerda que en las pasadas elecciones CRE se pudo votar por correo en algunas regiones, mientras que en otras zonas, como por ejemplo Buenos Aires, se deb\u00eda participar f\u00edsicamente sin opci\u00f3n de votar por correo  por una normativa imposible de cumplir \u201c<em><strong>Todo esto ocasion\u00f3 que en muchos sitios quedasen muchas personas sin poder votar; lo que se traduce un poco en una especie de robo de votos. Para la cantidad de espa\u00f1oles censados por ejemplo en el Consulado de la capital argentina, hubo muy escasa participaci\u00f3n. Y esto se explica analizando lo anteriormente se\u00f1alado\u201d,<\/strong><\/em> explica L\u00f3pez, que adem\u00e1s hace hincapi\u00e9 en la importancia de definir una ley org\u00e1nica general. \u201c<em><strong>Yo creo que esto tendr\u00eda que trascender y unificar criterios\u201d.<\/strong><\/em><\/p>\n\n\n\n<p>El Consejo General de la Ciudadan\u00eda de Espa\u00f1oles en el Exterior, m\u00e1s espec\u00edficamente en la comisi\u00f3n presidida por David Casarejos, trabaja en un proyecto para que lo expuesto en el p\u00e1rrafo anterior pueda ver la luz.<\/p>\n\n\n\n<figure class=\"wp-block-image size-large\"><img decoding=\"async\" width=\"1024\" height=\"768\" src=\"http:\/\/xn--tuvozdiasporaespaola-k7b.com\/wp-content\/uploads\/2023\/02\/fvygol5waaej1lc8753612487477616608.jpg?w=1024\" alt=\"\" class=\"wp-image-1118\" srcset=\"https:\/\/xn--tuvozdiasporaespaola-k7b.com\/wp-content\/uploads\/2023\/02\/fvygol5waaej1lc8753612487477616608.jpg 1024w, https:\/\/xn--tuvozdiasporaespaola-k7b.com\/wp-content\/uploads\/2023\/02\/fvygol5waaej1lc8753612487477616608-300x225.jpg 300w, https:\/\/xn--tuvozdiasporaespaola-k7b.com\/wp-content\/uploads\/2023\/02\/fvygol5waaej1lc8753612487477616608-768x576.jpg 768w\" sizes=\"(max-width: 1024px) 100vw, 1024px\" \/><figcaption class=\"wp-element-caption\">David Casarejos en el CGCEE<\/figcaption><\/figure>\n\n\n\n<p>Francisco L\u00f3pez se refiri\u00f3 adem\u00e1s a un art\u00edculo publicado por el Consejo de Residentes Espa\u00f1oles del Consulado de  Buenos Aires, en el que se da a entender que la concesi\u00f3n de turnos para tr\u00e1mites y dem\u00e1s funciones no se estaban realizando debidamente. \u201c<em>Pienso que <\/em><em><strong>cuando alguien critica algo, claramente tiene que hacer algo para mejorar. <\/strong><\/em><em>El Consejo de Residente Espa\u00f1oles, concretamente aqu\u00ed en Buenos Aires, en este caso <\/em><em><strong>la presidenta, o Espa\u00f1oles Unidos, que son quienes est\u00e1n en el cargo o en representaci\u00f3n de este consejo de residentes, avalados por el Partido Popular, est\u00e1n utilizando esta entidad para hacer pol\u00edtica pura y dura; y haciendo lo que Feijo\u00f3 les est\u00e1 comentando<\/strong><\/em><em>. Dicen que se han reunido con el Ministro, con Yolanda D\u00edaz y otros representantes. Pero de ah\u00ed a trabajar en proyectos o hacer aportes que puedan mejorar las condiciones, yo creo que cero patatero<\/em><em><strong>. No hay ni un solo aporte que haya hecho la presidenta del Consejo de Residentes Espa\u00f1oles para que esta situaci\u00f3n mejore\u201d.<\/strong><\/em><\/p>\n\n\n\n<p><br \/><\/p>\n\n\n\n<figure class=\"wp-block-image size-large\"><img decoding=\"async\" width=\"1024\" height=\"678\" src=\"http:\/\/xn--tuvozdiasporaespaola-k7b.com\/wp-content\/uploads\/2023\/02\/102279-1024x6782703118199532006691-1.jpg?w=1024\" alt=\"\" class=\"wp-image-1122\" srcset=\"https:\/\/xn--tuvozdiasporaespaola-k7b.com\/wp-content\/uploads\/2023\/02\/102279-1024x6782703118199532006691-1.jpg 1024w, https:\/\/xn--tuvozdiasporaespaola-k7b.com\/wp-content\/uploads\/2023\/02\/102279-1024x6782703118199532006691-1-300x199.jpg 300w, https:\/\/xn--tuvozdiasporaespaola-k7b.com\/wp-content\/uploads\/2023\/02\/102279-1024x6782703118199532006691-1-768x509.jpg 768w\" sizes=\"(max-width: 1024px) 100vw, 1024px\" \/><figcaption class=\"wp-element-caption\">Susana Carbia Presidenta del CRE de Buenos Aires y el secretario del del mismo ambos de Espa\u00f1oles Unidos lista del PP<\/figcaption><\/figure>\n\n\n\n<p>En este mismo sentido, Francisco L\u00f3pez sostuvo que <strong>\u201c<\/strong><strong><em>Se quiere utilizar una instituci\u00f3n p\u00fablica que depende de la embajada y del gobierno, para hacer pol\u00edtica en contra del Gobierno de Espa\u00f1a. Eso es muy triste<\/em><\/strong><em>. Lo que s\u00ed podemos decir es que el Partido Socialista, Podemos Exterior  y los representantes que integran el Consejo de Residentes del Frente Progresista est\u00e1n haciendo una labor,  llamando a sus partidos a Madrid comunicando d\u00f3nde est\u00e1n los problema y qu\u00e9 soluciones hay que aportar originandose que  se est\u00e1n llevando a cabo b<\/em>astantes resoluciones positivas\u201d.<\/p>\n\n\n\n<figure class=\"wp-block-image size-large\"><img loading=\"lazy\" decoding=\"async\" width=\"943\" height=\"606\" src=\"http:\/\/xn--tuvozdiasporaespaola-k7b.com\/wp-content\/uploads\/2023\/02\/screenshot_20221218-235952_chrome5847476678470088936.jpg?w=943\" alt=\"\" class=\"wp-image-1121\" srcset=\"https:\/\/xn--tuvozdiasporaespaola-k7b.com\/wp-content\/uploads\/2023\/02\/screenshot_20221218-235952_chrome5847476678470088936.jpg 943w, https:\/\/xn--tuvozdiasporaespaola-k7b.com\/wp-content\/uploads\/2023\/02\/screenshot_20221218-235952_chrome5847476678470088936-300x193.jpg 300w, https:\/\/xn--tuvozdiasporaespaola-k7b.com\/wp-content\/uploads\/2023\/02\/screenshot_20221218-235952_chrome5847476678470088936-768x494.jpg 768w\" sizes=\"(max-width: 943px) 100vw, 943px\" \/><figcaption class=\"wp-element-caption\">Xavier Mart\u00ed Mart\u00ed Director General de migraciones del Ministerio de Asuntos Exteriores. <\/figcaption><\/figure>\n\n\n\n<p>Podemos Argentina elev\u00f3 a la Direcci\u00f3n General de Migraciones todas las problem\u00e1ticas expuestas por L\u00f3pez.<strong> <\/strong><strong><em>\u201cContestaron y nos dijeron que se est\u00e1n solucionando, habr\u00e1 m\u00e1s gente para que se pueda atender mejor a los ciudadanos. Nos comunicaron que en tres meses se comprar\u00e1n nuevas maquinarias, e incluso asistencia m\u00f3vil en el resto de la provincia de Buenos Aires, para que no se tenga que desplazar gente desde el interior para tramitar una renovaci\u00f3n de pasaporte. Todo esto requiere de un proceso. El cese que produjo la pandemia, sumado a la Ley de Nacionalidad, provoc\u00f3 un embudo que se acrecent\u00f3 precisamente debido a esto\u201d<\/em><\/strong><em>.<\/em><\/p>\n\n\n\n<p>El Frente Progresista, conjuntamente con sus enlaces en los partidos pol\u00edticos de Espa\u00f1a, est\u00e1n haciendo una tarea diga de alabanza, seg\u00fan la opini\u00f3n de Francisco L\u00f3pez. <em><strong>\u201cLo que no es digno de alabanza es que se diga que el Consejo de Residentes Espa\u00f1oles emite un comunicado cuando fueron ellos quienes emitieron un comunicado. Ellos, en representaci\u00f3n del Consejo de Residentes Espa\u00f1oles, han emitido un comunicado sin consultar con los consejeros. Un comunicado que se utiliza pol\u00edticamente en contra del Gobierno de Espa\u00f1a, que lo podr\u00e1 hacer mejor o peor, pero lo que s\u00ed es cierto es que ha instaurado la Ley de Nacionalidad a trav\u00e9s de la Ley de Memoria Democr\u00e1tica de la que se van a beneficiar  miles de  personas que tienen dos a\u00f1os para solicitar esta documentaci\u00f3n y que conforme a c\u00f3mo vaya pasando el a\u00f1o, se ir\u00e1n solucionando sus problemas\u201d.<\/strong><\/em><\/p>\n\n\n\n<figure class=\"wp-block-image size-large\"><img loading=\"lazy\" decoding=\"async\" width=\"1072\" height=\"747\" src=\"http:\/\/xn--tuvozdiasporaespaola-k7b.com\/wp-content\/uploads\/2023\/02\/screenshot_20230202_012340_chrome4959436339137432441.jpg?w=1024\" alt=\"\" class=\"wp-image-1132\" srcset=\"https:\/\/xn--tuvozdiasporaespaola-k7b.com\/wp-content\/uploads\/2023\/02\/screenshot_20230202_012340_chrome4959436339137432441.jpg 1072w, https:\/\/xn--tuvozdiasporaespaola-k7b.com\/wp-content\/uploads\/2023\/02\/screenshot_20230202_012340_chrome4959436339137432441-300x209.jpg 300w, https:\/\/xn--tuvozdiasporaespaola-k7b.com\/wp-content\/uploads\/2023\/02\/screenshot_20230202_012340_chrome4959436339137432441-1024x714.jpg 1024w, https:\/\/xn--tuvozdiasporaespaola-k7b.com\/wp-content\/uploads\/2023\/02\/screenshot_20230202_012340_chrome4959436339137432441-768x535.jpg 768w\" sizes=\"(max-width: 1072px) 100vw, 1072px\" \/><figcaption class=\"wp-element-caption\">El Partido Popular estuvo a\u00f1os condicionando y cuestionando la derogaci\u00f3n del voto Rogado no quer\u00eda que la  di\u00e1spora Votar\u00e1 libremente <\/figcaption><\/figure>\n\n\n\n<p>Producto de las sugerencias, tanto de Podemos como del Psoe, se han resuelto muchos de los problemas de a\u00f1os anteriores. Francisco L\u00f3pez explica que \u201c<em>Si ahora, por ejemplo, alguien tiene que regresar por una emergencia, se le soluciona. Hay tres v\u00edas para que pueda tener acceso a un pasaporte urgente o un salvoconducto para que pueda volver a su territorio. Esto es lo m\u00e1s importante, porque beneficia a todos los ciudadanos. Eso es trabajar por la ciudadan\u00eda. Lo dem\u00e1s es utilizar las instituciones para hacer una pol\u00edtica barata, en beneficio propio y en contra de la ciudadan\u00eda. Es un atropello contra los derechos ciudadanos. Mientras que no tengamos claro esto vamos a estar siempre en la misma defensa de trinchera de lo nuestro, sin pensar en el pr\u00f3jimo. Esto nos est\u00e1 llevando a una decadencia en cuanto a la representatividad en nuestro Consejo de Residentes del Consulado Espa\u00f1ol. Que tengan que estar los consejeros del Frente Progresista trabajando con los dem\u00e1s consejos de residentes espa\u00f1oles de toda la Rep\u00fablica Argentina, con los consejeros del Consejo General de la Ciudadan\u00eda de Espa\u00f1oles en el Exterior, y que un referente, que seguramente ser\u00e1 el Consulado de Buenos Aires, que tiene m\u00e1s de cuatrocientos cincuenta mil espa\u00f1oles a su cargo, es como que est\u00e1n jugando con ellos\u201d<\/em>.<\/p>\n\n\n\n<figure class=\"wp-block-image size-large\"><img loading=\"lazy\" decoding=\"async\" width=\"1080\" height=\"1992\" src=\"http:\/\/xn--tuvozdiasporaespaola-k7b.com\/wp-content\/uploads\/2023\/02\/screenshot_20230202_011925_chrome5038379141172319168.jpg?w=555\" alt=\"\" class=\"wp-image-1130\" srcset=\"https:\/\/xn--tuvozdiasporaespaola-k7b.com\/wp-content\/uploads\/2023\/02\/screenshot_20230202_011925_chrome5038379141172319168.jpg 1080w, https:\/\/xn--tuvozdiasporaespaola-k7b.com\/wp-content\/uploads\/2023\/02\/screenshot_20230202_011925_chrome5038379141172319168-163x300.jpg 163w, https:\/\/xn--tuvozdiasporaespaola-k7b.com\/wp-content\/uploads\/2023\/02\/screenshot_20230202_011925_chrome5038379141172319168-555x1024.jpg 555w, https:\/\/xn--tuvozdiasporaespaola-k7b.com\/wp-content\/uploads\/2023\/02\/screenshot_20230202_011925_chrome5038379141172319168-768x1417.jpg 768w\" sizes=\"(max-width: 1080px) 100vw, 1080px\" \/><\/figure>\n\n\n\n<p>Francisco L\u00f3pez denunci\u00f3 p\u00fablicamente a la presidenta del Consejo de Residentes Espa\u00f1oles por inoperancia, por mala fe y por confundir a la opini\u00f3n p\u00fablica. <em><strong>\u201cUtilizando una instituci\u00f3n para beneficio propio y de su propio partido pol\u00edtico, el Partido Popular y el mismo se\u00f1or Feijo\u00f3, alguien que dijo que, si llegaba al poder, iba a derogar la Ley de Memoria Hist\u00f3rica,. La Ley de Memoria Democr\u00e1tica e, inconscientemente, la Ley de Nacionalidad por la que se van a beneficiar casi trescientas cincuenta mil personas en Argentina\u201d<\/strong><\/em><\/p>\n\n\n\n<p><\/p>\n","protected":false},"excerpt":{"rendered":"<p>Por Walter C. Medina, Redacci\u00f3n de Revista TU VOZ. Durante \u201cTiempo del CRE\u201d, bloque de \u201cCenizas de Babilonia. Di\u00e1spora Espa\u00f1ola\u201d (emitido por AM570 Radio &#8230; <\/p>\n<p class=\"read-more-container\"><a title=\"\u201cUTILIZAN UNA INSTITUCI\u00d3N PARA BENEFICIO DE SU PROPIO PARTIDO\u201d\" class=\"read-more button\" href=\"https:\/\/xn--tuvozdiasporaespaola-k7b.com\/page\/2\/utilizan-una-institucion-para-beneficio-de-su-propio-partido\/#more-1119\" aria-label=\"M\u00e1s en \u201cUTILIZAN UNA INSTITUCI\u00d3N PARA BENEFICIO DE SU PROPIO PARTIDO\u201d\">Leer m\u00e1s<\/a><\/p>\n","protected":false},"author":222560522,"featured_media":0,"comment_status":"open","ping_status":"open","sticky":false,"template":"","format":"standard","meta":{"footnotes":""},"categories":[1771],"tags":[],"class_list":["post-1119","post","type-post","status-publish","format-standard","hentry","category-sociales"],"_links":{"self":[{"href":"https:\/\/xn--tuvozdiasporaespaola-k7b.com\/page\/2\/wp-json\/wp\/v2\/posts\/1119","targetHints":{"allow":["GET"]}}],"collection":[{"href":"https:\/\/xn--tuvozdiasporaespaola-k7b.com\/page\/2\/wp-json\/wp\/v2\/posts"}],"about":[{"href":"https:\/\/xn--tuvozdiasporaespaola-k7b.com\/page\/2\/wp-json\/wp\/v2\/types\/post"}],"author":[{"embeddable":true,"href":"https:\/\/xn--tuvozdiasporaespaola-k7b.com\/page\/2\/wp-json\/wp\/v2\/users\/222560522"}],"replies":[{"embeddable":true,"href":"https:\/\/xn--tuvozdiasporaespaola-k7b.com\/page\/2\/wp-json\/wp\/v2\/comments?post=1119"}],"version-history":[{"count":0,"href":"https:\/\/xn--tuvozdiasporaespaola-k7b.com\/page\/2\/wp-json\/wp\/v2\/posts\/1119\/revisions"}],"wp:attachment":[{"href":"https:\/\/xn--tuvozdiasporaespaola-k7b.com\/page\/2\/wp-json\/wp\/v2\/media?parent=1119"}],"wp:term":[{"taxonomy":"category","embeddable":true,"href":"https:\/\/xn--tuvozdiasporaespaola-k7b.com\/page\/2\/wp-json\/wp\/v2\/categories?post=1119"},{"taxonomy":"post_tag","embeddable":true,"href":"https:\/\/xn--tuvozdiasporaespaola-k7b.com\/page\/2\/wp-json\/wp\/v2\/tags?post=1119"}],"curies":[{"name":"wp","href":"https:\/\/api.w.org\/{rel}","templated":true}]}}