{"id":11163,"date":"2025-11-28T18:06:42","date_gmt":"2025-11-28T21:06:42","guid":{"rendered":"https:\/\/xn--tuvozdiasporaespaola-k7b.com\/page\/2\/?p=11163"},"modified":"2025-11-28T18:06:43","modified_gmt":"2025-11-28T21:06:43","slug":"europa-pone-en-marcha-la-garantia-de-capacitacion-para-apoyar-a-los-trabajadores-en-transicion","status":"publish","type":"post","link":"https:\/\/xn--tuvozdiasporaespaola-k7b.com\/page\/2\/europa-pone-en-marcha-la-garantia-de-capacitacion-para-apoyar-a-los-trabajadores-en-transicion\/","title":{"rendered":"EUROPA pone en marcha la Garant\u00eda de Capacitaci\u00f3n para apoyar a los trabajadores en transici\u00f3n."},"content":{"rendered":"\n<p>Comunicado de prensa Representaci\u00f3n Europea en Espa\u00f1a. <\/p>\n\n\n\n<p>La Comisi\u00f3n Europea ha puesto en marcha hoy un nuevo proyecto, la Garant\u00eda de Capacitaci\u00f3n, para apoyar a los trabajadores y a las empresas y hacer frente a la escasez de mano de obra en sectores estrat\u00e9gicos y en crecimiento. <\/p>\n\n\n\n<p>La Garant\u00eda de Capacitaci\u00f3n, que es una iniciativa emblem\u00e1tica en el marco de la Uni\u00f3n de las Competencias, reforzar\u00e1 sectores estrat\u00e9gicos en consonancia con el futuro Fondo Europeo de Competitividad. Permitir\u00e1 a los trabajadores realizar la transici\u00f3n hacia sectores estrat\u00e9gicos, conseguir nuevos empleos y desarrollar habilidades adicionales.<\/p>\n\n\n\n<p>Como primer paso, la Comisi\u00f3n ha puesto en marcha hoy un proyecto piloto de Garant\u00eda de Capacitaci\u00f3n para los Trabajadores, con un presupuesto de 14,5 millones de euros. Se centrar\u00e1 en los trabajadores que corren riesgo de desempleo de la industria automovil\u00edstica y de la correspondiente cadena de suministro.<\/p>\n\n\n\n<p> Este proyecto piloto analizar\u00e1 c\u00f3mo acelerar y mejorar la transici\u00f3n de los trabajadores desde estos sectores estrat\u00e9gicos hacia puestos de trabajo en empresas de sectores en crecimiento o emergentes, proporcionando programas espec\u00edficos de mejora de las capacidades y reciclaje profesional. <\/p>\n\n\n\n<p>El proyecto piloto apoyar\u00e1 a los trabajadores a trav\u00e9s de programas de formaci\u00f3n en el puesto de trabajo y apoyo para adquirir nuevas capacidades, mientras que las empresas de sectores con una mayor demanda podr\u00e1n contratar el talento que necesitan m\u00e1s r\u00e1pidamente, lo que permitir\u00e1 que sean m\u00e1s competitivas.Adriana Fingerola.<\/p>\n\n\n\n<p> Redacci\u00f3n Uruguay <\/p>\n","protected":false},"excerpt":{"rendered":"<p>Comunicado de prensa Representaci\u00f3n Europea en Espa\u00f1a. La Comisi\u00f3n Europea ha puesto en marcha hoy un nuevo proyecto, la Garant\u00eda de Capacitaci\u00f3n, para apoyar &#8230; <\/p>\n<p class=\"read-more-container\"><a title=\"EUROPA pone en marcha la Garant\u00eda de Capacitaci\u00f3n para apoyar a los trabajadores en transici\u00f3n.\" class=\"read-more button\" href=\"https:\/\/xn--tuvozdiasporaespaola-k7b.com\/page\/2\/europa-pone-en-marcha-la-garantia-de-capacitacion-para-apoyar-a-los-trabajadores-en-transicion\/#more-11163\" aria-label=\"M\u00e1s en EUROPA pone en marcha la Garant\u00eda de Capacitaci\u00f3n para apoyar a los trabajadores en transici\u00f3n.\">Leer m\u00e1s<\/a><\/p>\n","protected":false},"author":222560522,"featured_media":11165,"comment_status":"closed","ping_status":"open","sticky":false,"template":"","format":"standard","meta":{"footnotes":""},"categories":[121854],"tags":[],"class_list":["post-11163","post","type-post","status-publish","format-standard","has-post-thumbnail","hentry","category-consejo-de-residentes-espanoles","resize-featured-image"],"_links":{"self":[{"href":"https:\/\/xn--tuvozdiasporaespaola-k7b.com\/page\/2\/wp-json\/wp\/v2\/posts\/11163","targetHints":{"allow":["GET"]}}],"collection":[{"href":"https:\/\/xn--tuvozdiasporaespaola-k7b.com\/page\/2\/wp-json\/wp\/v2\/posts"}],"about":[{"href":"https:\/\/xn--tuvozdiasporaespaola-k7b.com\/page\/2\/wp-json\/wp\/v2\/types\/post"}],"author":[{"embeddable":true,"href":"https:\/\/xn--tuvozdiasporaespaola-k7b.com\/page\/2\/wp-json\/wp\/v2\/users\/222560522"}],"replies":[{"embeddable":true,"href":"https:\/\/xn--tuvozdiasporaespaola-k7b.com\/page\/2\/wp-json\/wp\/v2\/comments?post=11163"}],"version-history":[{"count":1,"href":"https:\/\/xn--tuvozdiasporaespaola-k7b.com\/page\/2\/wp-json\/wp\/v2\/posts\/11163\/revisions"}],"predecessor-version":[{"id":11166,"href":"https:\/\/xn--tuvozdiasporaespaola-k7b.com\/page\/2\/wp-json\/wp\/v2\/posts\/11163\/revisions\/11166"}],"wp:featuredmedia":[{"embeddable":true,"href":"https:\/\/xn--tuvozdiasporaespaola-k7b.com\/page\/2\/wp-json\/wp\/v2\/media\/11165"}],"wp:attachment":[{"href":"https:\/\/xn--tuvozdiasporaespaola-k7b.com\/page\/2\/wp-json\/wp\/v2\/media?parent=11163"}],"wp:term":[{"taxonomy":"category","embeddable":true,"href":"https:\/\/xn--tuvozdiasporaespaola-k7b.com\/page\/2\/wp-json\/wp\/v2\/categories?post=11163"},{"taxonomy":"post_tag","embeddable":true,"href":"https:\/\/xn--tuvozdiasporaespaola-k7b.com\/page\/2\/wp-json\/wp\/v2\/tags?post=11163"}],"curies":[{"name":"wp","href":"https:\/\/api.w.org\/{rel}","templated":true}]}}